{"id":76,"date":"2009-03-16T13:00:31","date_gmt":"2009-03-16T12:00:31","guid":{"rendered":"https:\/\/blog.ilgiornale.it\/taliani\/2009\/03\/16\/prodi-il-ritorno-al-passato\/"},"modified":"2009-03-17T15:10:21","modified_gmt":"2009-03-17T14:10:21","slug":"prodi-il-ritorno-al-passato","status":"publish","type":"post","link":"https:\/\/blog.ilgiornale.it\/taliani\/2009\/03\/16\/prodi-il-ritorno-al-passato\/","title":{"rendered":"Prodi, il ritorno al passato"},"content":{"rendered":"<p>[photopress:PD__PROD.JPG,thumb,alignleft]\u00a0E cos\u00ec Romano Prodi ridiscende in campo. Non mi sorprende affatto, del resto l&#8217;avevo preventivato e scritto in altri post. Era solo questione di tempo. Pensare che il Prof si auto-pensionasse davvero non era nell&#8217;ordine delle cose (politiche) e nemmeno nel carattere dell&#8217;uomo. Farsi da parte? Proprio lui, il fondatore dell&#8217;Ulivo? Eppoi la scuola della vecchia Dc lascia il suo<em> imprinting <\/em>nel dna politico di chi ne ha praticato a lungo il rito. Ha solo aspettato che le cose andassero come dovevano andare (dal suo punto di vista), che il centrosinistra si sfasciasse sotto il peso delle sconfitte elettorali veltroniane. E ora torna a giocare il ruolo di &#8220;padre nobile&#8221;, di grande &#8220;federatore&#8221;. Comodamente seduto nel salotto tv buonista e caramelloso di Fabio Fazio, il Prof ha alzato l&#8217;indice della mano sinistra e ha affondato definitivamente il Pd cos\u00ec com&#8217;era stato concepito da Walter, il perdente di successo. E non l&#8217;ha fatto nemmeno troppo &#8220;pacatamente&#8221;, evitando pure i &#8220;ma anche&#8221;. Un assist prefetto per il buon Franceschini impegnato a de-veltronizzare il partito e a duettare con l&#8217;Udc di Casini. Fra ex della sinistra Dc si intendono, almeno loro. Altro che Pd come partito identitario e solitario&#8230; &#8220;Io ho sempre sostenuto che il Pd non deve andare da solo. Ritengo che sia compito della democrazia assorbire e portare nella cultura di governo anche le ali estreme. Se la legge permette ancora la frammentazione, allora serve una coalizione per vincere le elezioni e il Pd ne \u00e8 il nucleo portante&#8221;, ha detto tra l&#8217;altro Romano.<\/p>\n<p>Insomma, assieme alla tessera del Pd (&#8220;non c\u2019\u00e8 stata una nuova iscrizione, c\u2019\u00e8 stato un gran can can ma sono iscritto da sempre&#8230; Non arrivava la tessera stampata&#8221;) Prodi redivivo lancia la nuova-vecchia parola d&#8217;ordine: &#8220;Bisogna coalizzarsi&#8221;. Insomma, rifare l&#8217;Ulivo (o l&#8217;Unione se preferite) e possibilmente allargarlo. Verso il centro? Verso la sinistra? Da tutte e due le parti? Il Prof per ora si ferma, sul punto, ma un fatto \u00e8 certo: \u00e8 tornato, e non far\u00e0 la comparsa. Due volte affondato dai suoi, pare che voglia riprovarci con un copione che in realt\u00e0 non \u00e8 affatto nuovo ma che prevede a mio parere una variante importante: saranno gli ex Dc a pesare di pi\u00f9 nella Balena bianco-rossa assieme all&#8217;ala anti veltroniana del Pd. Restano da capire due cose: quale sar\u00e0 il ruolo di Massimo D&#8217;Alema? E come verr\u00e0 declinata l&#8217;allenza con Di Pietro e l&#8217;ala giustizialista-girotondina della sinistra? <strong>E voi cosa ne pensate del ritorno di Prodi, serve davvero al centrosinistra?<br \/>\n<\/strong><a href=\"https:\/\/www.ilgiornale.it\/a.pic1?ID=336492\" target=\"_blank\"><strong>&#8220;Prodi affonda il Pd per riusumare l&#8217;Ulivo&#8221;<\/strong><\/a> di <em>Federico Novella<\/em><a href=\"https:\/\/www.ilgiornale.it\/a.pic1?ID=336488\" target=\"_blank\"><strong><br \/>\nCossiga: &#8220;Romano era in agguato. Ora si prende la rivincita&#8221;<\/strong><\/a> di <em>Roberto Scafuri<br \/>\n<\/em><a href=\"https:\/\/www.ilgiornale.it\/a.pic1?ID=336748\" target=\"_blank\"><strong>Cacciari: &#8220;Con il rientro di Romano torniamo al vecchio Ulivo, meglio scioglierci&#8221;<\/strong><\/a><em> di Francesco Cramer<br \/>\n<\/em><\/p>\n","protected":false},"excerpt":{"rendered":"<p><p>[photopress:PD__PROD.JPG,thumb,alignleft]\u00a0E cos\u00ec Romano Prodi ridiscende in campo. Non mi sorprende affatto, del resto l&#8217;avevo preventivato e scritto in altri post. Era solo questione di tempo. Pensare che il Prof si auto-pensionasse davvero non era nell&#8217;ordine delle cose (politiche) e nemmeno nel carattere dell&#8217;uomo. Farsi da parte? Proprio lui, il fondatore dell&#8217;Ulivo? Eppoi la scuola della vecchia Dc lascia il suo imprinting nel dna politico di chi ne ha praticato a lungo il rito. Ha solo aspettato che le cose andassero come dovevano andare (dal suo punto di vista), che il centrosinistra si sfasciasse sotto il peso delle sconfitte elettorali veltroniane. [&hellip;]<\/p>\n&nbsp;&nbsp;<div class=\"readmore\"><a href=\"https:\/\/blog.ilgiornale.it\/taliani\/2009\/03\/16\/prodi-il-ritorno-al-passato\/\">Continua a leggere...<\/a><\/div><\/p>","protected":false},"author":7,"featured_media":0,"comment_status":"open","ping_status":"closed","sticky":false,"template":"","format":"standard","meta":[],"categories":[1],"tags":[],"_links":{"self":[{"href":"https:\/\/blog.ilgiornale.it\/taliani\/wp-json\/wp\/v2\/posts\/76"}],"collection":[{"href":"https:\/\/blog.ilgiornale.it\/taliani\/wp-json\/wp\/v2\/posts"}],"about":[{"href":"https:\/\/blog.ilgiornale.it\/taliani\/wp-json\/wp\/v2\/types\/post"}],"author":[{"embeddable":true,"href":"https:\/\/blog.ilgiornale.it\/taliani\/wp-json\/wp\/v2\/users\/7"}],"replies":[{"embeddable":true,"href":"https:\/\/blog.ilgiornale.it\/taliani\/wp-json\/wp\/v2\/comments?post=76"}],"version-history":[{"count":0,"href":"https:\/\/blog.ilgiornale.it\/taliani\/wp-json\/wp\/v2\/posts\/76\/revisions"}],"wp:attachment":[{"href":"https:\/\/blog.ilgiornale.it\/taliani\/wp-json\/wp\/v2\/media?parent=76"}],"wp:term":[{"taxonomy":"category","embeddable":true,"href":"https:\/\/blog.ilgiornale.it\/taliani\/wp-json\/wp\/v2\/categories?post=76"},{"taxonomy":"post_tag","embeddable":true,"href":"https:\/\/blog.ilgiornale.it\/taliani\/wp-json\/wp\/v2\/tags?post=76"}],"curies":[{"name":"wp","href":"https:\/\/api.w.org\/{rel}","templated":true}]}}