{"id":78,"date":"2009-04-03T13:09:52","date_gmt":"2009-04-03T12:09:52","guid":{"rendered":"https:\/\/blog.ilgiornale.it\/taliani\/2009\/04\/03\/epifani-dario-e-la-piazza-elettorale\/"},"modified":"2009-04-05T17:00:00","modified_gmt":"2009-04-05T16:00:00","slug":"epifani-dario-e-la-piazza-elettorale","status":"publish","type":"post","link":"https:\/\/blog.ilgiornale.it\/taliani\/2009\/04\/03\/epifani-dario-e-la-piazza-elettorale\/","title":{"rendered":"Epifani, Dario e la piazza elettorale"},"content":{"rendered":"<p>[photopress:fraDario_1.jpg,thumb,alignleft]\u00a0E cos\u00ec Dario Franceschini alla fine ha risposto alla &#8220;chiamata&#8221; di Epifani e della Cgil: tutti in piazza a Roma appassionatamente per una manifestazione che cos\u00ec, da sindacale, diventa tutta politica&#8230; Un affare tra Cgil e Pd, insomma, con la Cgil che fa da locomotiva politica, detta la linea al Pd e preannuncia anche la linea dura sui rinnovi dei contratti. Il bersaglio, ovviamente \u00e8 il solito: Berlusconi e quelli che l&#8217;opposizione definisce &#8220;spot&#8221; riducendo a una battuta da passa parola buono per gli apparatick elettorale in vista delle Europee e delle amministrative di giugno. Le riforme del governo? Le grandi opere? Gli aiuti all&#8217;industria? Gli incentivi? Gli interventi sul versante sociale? &#8220;Spot&#8221;. Da piazza elettorale.\u00a0 La Cgil offre un salvagente al Pd diviso e in difficolt\u00e0, con il segretario Franceschini di fatto commissariato <a target=\"_blank\" href=\"https:\/\/www.ilgiornale.it\/a.pic1?ID=340986\"><strong>(leggi l&#8217;articolo di Laura Cesaretti)<\/strong><\/a> dagli ex Ds forte dei buoni rapporto con D&#8217;Alema. O ti aggrappi al salvagente sindacale o anneghi&#8230; Adunata con sindacalisti, deputati, amministratori e pure l&#8217;Anpi&#8230;\u00a0 e Bertinotti-Ferrero-Diliberto fino al &#8220;resuscitato&#8221; Veltroni. Come rileva il segretario della Cisl Bonanni: &#8220;Io mi meraviglio di chi ci va, perch\u00e9 una manifestazione potrebbero farsela da soli, e mi meraviglio di un sindacato che al posto di inseguireo biettivi sindacali, indica un obiettivo tutto politico. Sono sempre gli stessi che vanno li. Mi paiono gli aeroplani di Mussolini che ora sono l\u00ec che ora sono qui, sempre per obiettivi politici&#8230;&#8221;. Giudizio impietoso, sulla Cgil, che fa il paio con quello sul Pd e sul suo segretario che ha detto &#8220;vengo anch&#8217;io&#8221; all&#8217;ultimo minuto, quasi non potesse farne a meno, di accettare &#8220;l&#8217;invito&#8221;.\u00a0 Mossa che giustifica cos\u00ec: &#8220;Non volevo che i giorni precedenti alla manifestazione fossero attraversati dal dibattito su cosa fa il segretario del Pd&#8221;.\u00a0 Naturalmente niente delegazione &#8220;ufficiale&#8221;, mossa come al solito ambigua ma che certo non aiuta il fragile riformismo di parte del centrosinistra. E allontana ancora di pi\u00f9 moderati e ceto medio dal Pd.<\/p>\n<p><strong>Pensiero post manifestazione<\/strong>: siamo 2.700.00, siamo 300.000, siamo 1 milione, siamo 800.000 pi\u00f9 degli altri&#8230; Vale per sinistra, destra, centro, grillini, girotondini ecc. ecc. ma non sarebbe ora di darci un taglio con questo &#8220;rituale&#8221; dell&#8217;iperbole politica insulso e bugiardo che, tra l&#8217;altro, mette in subordine e squalifica i &#8220;contenuti&#8221; di una manifestazione?\u00a0 Cosa ne pensate. Per meglio meglio quattro amici al bar&#8230; \u00e8 pi\u00f9 realistico, e poi la canzone di Gino Paoli \u00e8 anche allegra&#8230;<\/p>\n","protected":false},"excerpt":{"rendered":"<p><p>[photopress:fraDario_1.jpg,thumb,alignleft]\u00a0E cos\u00ec Dario Franceschini alla fine ha risposto alla &#8220;chiamata&#8221; di Epifani e della Cgil: tutti in piazza a Roma appassionatamente per una manifestazione che cos\u00ec, da sindacale, diventa tutta politica&#8230; Un affare tra Cgil e Pd, insomma, con la Cgil che fa da locomotiva politica, detta la linea al Pd e preannuncia anche la linea dura sui rinnovi dei contratti. Il bersaglio, ovviamente \u00e8 il solito: Berlusconi e quelli che l&#8217;opposizione definisce &#8220;spot&#8221; riducendo a una battuta da passa parola buono per gli apparatick elettorale in vista delle Europee e delle amministrative di giugno. Le riforme del governo? Le [&hellip;]<\/p>\n&nbsp;&nbsp;<div class=\"readmore\"><a href=\"https:\/\/blog.ilgiornale.it\/taliani\/2009\/04\/03\/epifani-dario-e-la-piazza-elettorale\/\">Continua a leggere...<\/a><\/div><\/p>","protected":false},"author":7,"featured_media":0,"comment_status":"open","ping_status":"closed","sticky":false,"template":"","format":"standard","meta":[],"categories":[1],"tags":[],"_links":{"self":[{"href":"https:\/\/blog.ilgiornale.it\/taliani\/wp-json\/wp\/v2\/posts\/78"}],"collection":[{"href":"https:\/\/blog.ilgiornale.it\/taliani\/wp-json\/wp\/v2\/posts"}],"about":[{"href":"https:\/\/blog.ilgiornale.it\/taliani\/wp-json\/wp\/v2\/types\/post"}],"author":[{"embeddable":true,"href":"https:\/\/blog.ilgiornale.it\/taliani\/wp-json\/wp\/v2\/users\/7"}],"replies":[{"embeddable":true,"href":"https:\/\/blog.ilgiornale.it\/taliani\/wp-json\/wp\/v2\/comments?post=78"}],"version-history":[{"count":0,"href":"https:\/\/blog.ilgiornale.it\/taliani\/wp-json\/wp\/v2\/posts\/78\/revisions"}],"wp:attachment":[{"href":"https:\/\/blog.ilgiornale.it\/taliani\/wp-json\/wp\/v2\/media?parent=78"}],"wp:term":[{"taxonomy":"category","embeddable":true,"href":"https:\/\/blog.ilgiornale.it\/taliani\/wp-json\/wp\/v2\/categories?post=78"},{"taxonomy":"post_tag","embeddable":true,"href":"https:\/\/blog.ilgiornale.it\/taliani\/wp-json\/wp\/v2\/tags?post=78"}],"curies":[{"name":"wp","href":"https:\/\/api.w.org\/{rel}","templated":true}]}}