{"id":828,"date":"2012-04-19T13:23:34","date_gmt":"2012-04-19T12:23:34","guid":{"rendered":"https:\/\/blog.ilgiornale.it\/taliani\/?p=828"},"modified":"2012-04-26T13:36:43","modified_gmt":"2012-04-26T12:36:43","slug":"monti-il-picconatore-di-case","status":"publish","type":"post","link":"https:\/\/blog.ilgiornale.it\/taliani\/2012\/04\/19\/monti-il-picconatore-di-case\/","title":{"rendered":"Monti, il picconatore di case"},"content":{"rendered":"<p>[photopress:mario_monti_1.jpg,thumb,alignleft]Nella manovra equa per uscire dal baratro alla greca, il professor Mario e i tecnici al governo, con l&#8217;Imu hanno fatto qualcosa di simile a quelli che venivano definiti con orrore da molti (soprattutto a sinistra), &#8220;tagli lineari&#8221; alla spesa pubblica. Ovvero l&#8217;introduzione della &#8220;tassa lineare&#8221;, la famigerata (e per molti drammatica) Imu. Con una aggravante che difficilmente sar\u00e0 cancellata dall&#8217;immaginario collettivo degli italiani: produce effetti a (negativi) a catena perch\u00e9 piccona sogni e speranze di quel vasto ceto medio che ha sempre considerato la casa, il mattone, un bene rifugio. Per la vecchiaia, per i figli.<\/p>\n<p>E mi riferisco alla gente normale, quella che ha risparmiato, fatto sacrifici, mutui pagati o ancora da pagare e magari pagato per sbaglio anche le tasse.\u00a0 Penso ai piccoli proprietari. Moltissimi dei quali sono pensionati. Dal sogno all&#8217;incubo.\u00a0 Il direttore del Censis, Giuseppe Roma infatti paventa una crollo verticale dei valori immobiliari (il 20%) causato dal combinato disposto Imu &#8211; revisione del catasto &#8211; reddito spolpato da altri tributi e aumenti vari che pesano e peseranno sulle famiglie. Dice Giuseppe Roma: &#8220;Da un governo tecnico dobbiamo pretendere provvedimenti congrui. L\u2019introduzione dell\u2019Imu, nel 2012, insieme alla rivalutazione degli estimi del 60% peser\u00e0 sulle tasche degli italiani che, per far fronte all\u2019aumento della pressione fiscale, prima di intaccare i risparmi metteranno essa in vendita le seconde case e questo far\u00e0 crollare per la prima volta dopo i decenni il prezzo degli immobili. A fine anno, si stima un -20%, dopo un 2011 con prezzi stabili. L\u2019Imu azzerer\u00e0 i risparmi avuti da 3 anni senza Ici&#8221;.\u00a0 Devo dire che spero che non sia questo lo scenario reale. E tralascio il capitolo del come e quanto si pagher\u00e0 davvero per l&#8217;Imu per non turbare chi \u00e8 di cuore debole. Vedremo se ha ragione il Censis o chi invece sostiene che la stima \u00e8 esagerata e catastrofista. Saranno i fatti a parlare ed essendo moderatamente pessimista sulla situazione mi auguro che Roma abbia calcato un po&#8217; la mano. Anche se la botta sulla casa \u00e8 dura e su questo credo non ci possano essere molte interpretazioni, a meno di non far parte del partito dell&#8217;aumento delle tasse come unica soluzione ai problemi del Paese come riforma &#8220;strutturale&#8221;&#8230;<\/p>\n<p>Poi c&#8217;\u00e8 il problema dell&#8217;edilizia e di tutto il mondo che gravita attorno al mattone&#8230; Ho seguito poche settimane fa e in questi giorni, due grandi manifestazioni internazionali a Fiera Milano: <em>Mce &#8211; Mostra Convegno Expocomfort<\/em> e il <em>Salone del Mobile<\/em>. Due fiere italiane al top mondiale legate anche all&#8217;edilizia, alla casa, all&#8217;abitare. Centinaia di migliaia di visitatori, moltissimi stranieri, aziende italiane in prima fila impegnate sul fronte dell&#8217;innovazione, della qualit\u00e0, del design. Prodotti apprezzati all&#8217;estero, con l&#8217;export che continua a tirare. Gente che non si arrende nonostante le difficolt\u00e0 pressanti che stringono le imprese. Ma quando parlavo dei prodotti, del mercato, delle prospettive, alla fine il discorso cadeva sempre sull&#8217;Imu, sull&#8217;impatto che alla fine potr\u00e0 avere anche sulle imprese che hanno comunque bisogno di reggere sul mercato interno e non possono vivere solo sulle esportazioni e che si trovano pure a pagare la super Imu su capannoni e laboratori.<\/p>\n<p>Picconare il mattone e il ceto medio rischia di generare un circuito perverso che non si pu\u00f2 propriamente definire con un eufemismo &#8220;virtuoso&#8221;. Lo Stato\u00a0 fa cassa a spese del &#8220;fu bene rifugio&#8221; e i cocci restano in mano al ceto medio che ha sempre meno soldi in tasca, intacca i risparmi e pochissima fiducia nel futuro. Chi ha un muto acceso, poi, in caso di vendita dovr\u00e0 fare i conti della serva fra prezzo iniziale del bene acquistato e costo finale con il mutuo&#8230;<\/p>\n<p><strong>A proposito, chi far\u00e0 fatica a pagare quest&#8217;anno come far\u00e0 nel 2013? Arriver\u00e0 un decreto &#8220;salva casa&#8221;?<\/strong> I partiti della strana maggioranza (Pdl,\u00a0 Pd, Udci,\u00a0 Fli) daranno segni di rinsavimento o continueranno a denunciare il pericolo dell&#8217;antipolitica perch\u00e9 i loro elettori sono in fuga senza chiedersi il perch\u00e9?. L&#8217;effetto delle tasse lineari (a rate o meno il quid finale da sborsare non cambia) \u00e8 certo, mentre l&#8217;effetto dei tagli alla spesa pubblica improduttiva e agli sprechi (lineare o meno) viene da chiedersi se qualcuno l&#8217;ha visto. Si attendono notizie di picconate su questo fronte, che per ora non arrivano.<\/p>\n<p>Ma la <strong>casa usata come bancomat<\/strong> per la casse pubbliche \u00e8 ancora nel mirino perch\u00e9 c&#8217;\u00e8, in agguato l&#8217;<strong>Imu Bis<\/strong>, infilata con un emendamento nel decreto sulle semplificazioni fiscali (semplificazioni?) <strong>l&#8217;imposta di scopo per i Comuni<\/strong> che, se l&#8217;applicassero, funzionerebbe esattamente come l&#8217;Imu: uguale base imponibile,\u00a0 rendita catastale (innalzata del 60% dal &#8220;salva Italia&#8221;, ribattezzato pi\u00f9 popolarmente &#8220;tassa Italia&#8221;), aliquota che pu\u00f2 arrivare fino al 5 per mille, applicata a tutti gli immobili. Una tassa che fu varata dal governo Prodi ma in realt\u00e0 pochissimo applicata, che ora riappare &#8220;potenziata&#8221;, forse per renderla pi\u00f9 appetibile agli enti locali. Imu Bis che, ha detto per\u00f2 Monti visitando il Salone del Mobile a Milano, non sarebbe alle viste: ci sono idee, magari ottime, in giro ma &#8220;che non sono necessariamente nella mente del governo&#8221;. Vedremo se invece la tassa di scopo entrer\u00e0&#8221;nella mente dei Comuni&#8221;&#8230; In questo caso tifo ovviamente per Monti. Ma resta l&#8217;imbarazzo per quell&#8217;emendamento inserito, votato daslla maggioranza e che ora \u00e8 all&#8217;esame del Senato in terza lettura e dovr\u00e0 essere convertito il legge entro il primo maggio. Il governo, tramite il sottosegretario Polillo mette il cerino in mano ai sindaci. Il segretario del Pdl Angelino Alfano dice: &#8220;Faremo un invito formale a tutti i sindaci del Pdl a non applicare questa tassa perch\u00e9 la riteniamo una ulteriore vessazione sulla casa&#8221;. Il segretario dell&#8217;ex Ud, casini se la cava con un &#8220;non creiamo pretesti&#8230;&#8221;. Ma intanto l&#8217;Imu Bis avanza. Lorsignori ci ripenseranno? O sar\u00e0 tassa continua&#8230; <a href=\"https:\/\/www.ilgiornale.it\/interni\/imu_non_basta_arriva_anche_limu-bis\/imu_bis-dl_semplificazioni-imu\/21-04-2012\/articolo-id=584184-page=0-comments=1\" target=\"_blank\">Leggi: stangata senza fine<\/a><\/p>\n<p><a href=\"https:\/\/www.ilgiornale.it\/interni\/una_tassa_10_assurdita_cosi_limu_mette_crisi_famiglie_e_imprese\/26-04-2012\/articolo-id=584841-page=0-comments=1\" target=\"_blank\"><strong>Cos&#8217; \u00ec l&#8217;Imu mette in crisi le famiglie e le imprese<\/strong><\/a> di <em>Andrea Cuomo<\/em><\/p>\n<p><a href=\"https:\/\/www.ilgiornale.it\/interni\/in_arrivo_una_nuova_stangataipotesi_super_imu_seconde_case_sfitte\/ici-casa-imu-tassa-governo-monti-sfitte-crisi\/25-04-2012\/articolo-id=584817-page=0-comments=1\" target=\"_blank\"><strong>L&#8217;ultima dal governo delle tasse: ipotesi super Imu sulle seconde case sfitte<\/strong><\/a><\/p>\n<p><a href=\"https:\/\/www.ilgiornale.it\/interni\/cercate_altro_lavoro_pagare_limu\/21-04-2012\/articolo-id=584032-page=0-comments=1\" target=\"_blank\"><strong>Cercate un altro lavoro per pagare l&#8217;Imu<\/strong><\/a> di <em>Corrado Sforza Fogliani<\/em><\/p>\n<p><a href=\"https:\/\/www.ilgiornale.it\/economia\/cgia_prossimi_due_anni873_miliardi_tasse_piu\/tasse-cgia\/21-04-2012\/articolo-id=584188-page=0-comments=1\" target=\"_blank\"><strong>Tasse, mazzata da 87 miliardi<\/strong><\/a> di Lucio Di Marzo<\/p>\n","protected":false},"excerpt":{"rendered":"<p><p>[photopress:mario_monti_1.jpg,thumb,alignleft]Nella manovra equa per uscire dal baratro alla greca, il professor Mario e i tecnici al governo, con l&#8217;Imu hanno fatto qualcosa di simile a quelli che venivano definiti con orrore da molti (soprattutto a sinistra), &#8220;tagli lineari&#8221; alla spesa pubblica. Ovvero l&#8217;introduzione della &#8220;tassa lineare&#8221;, la famigerata (e per molti drammatica) Imu. Con una aggravante che difficilmente sar\u00e0 cancellata dall&#8217;immaginario collettivo degli italiani: produce effetti a (negativi) a catena perch\u00e9 piccona sogni e speranze di quel vasto ceto medio che ha sempre considerato la casa, il mattone, un bene rifugio. Per la vecchiaia, per i figli. E mi riferisco [&hellip;]<\/p>\n&nbsp;&nbsp;<div class=\"readmore\"><a href=\"https:\/\/blog.ilgiornale.it\/taliani\/2012\/04\/19\/monti-il-picconatore-di-case\/\">Continua a leggere...<\/a><\/div><\/p>","protected":false},"author":7,"featured_media":0,"comment_status":"open","ping_status":"closed","sticky":false,"template":"","format":"standard","meta":[],"categories":[64],"tags":[11714,7189,11711,11703,11712,11709,2892,11704,6749,11715,9194,11716,11717,11724,11725,11721,11719,9210,11701,11702,256467,256464,11705,11708,11713,11723,11722,9551,11718,102,11700,11720,5735,11706],"_links":{"self":[{"href":"https:\/\/blog.ilgiornale.it\/taliani\/wp-json\/wp\/v2\/posts\/828"}],"collection":[{"href":"https:\/\/blog.ilgiornale.it\/taliani\/wp-json\/wp\/v2\/posts"}],"about":[{"href":"https:\/\/blog.ilgiornale.it\/taliani\/wp-json\/wp\/v2\/types\/post"}],"author":[{"embeddable":true,"href":"https:\/\/blog.ilgiornale.it\/taliani\/wp-json\/wp\/v2\/users\/7"}],"replies":[{"embeddable":true,"href":"https:\/\/blog.ilgiornale.it\/taliani\/wp-json\/wp\/v2\/comments?post=828"}],"version-history":[{"count":32,"href":"https:\/\/blog.ilgiornale.it\/taliani\/wp-json\/wp\/v2\/posts\/828\/revisions"}],"predecessor-version":[{"id":831,"href":"https:\/\/blog.ilgiornale.it\/taliani\/wp-json\/wp\/v2\/posts\/828\/revisions\/831"}],"wp:attachment":[{"href":"https:\/\/blog.ilgiornale.it\/taliani\/wp-json\/wp\/v2\/media?parent=828"}],"wp:term":[{"taxonomy":"category","embeddable":true,"href":"https:\/\/blog.ilgiornale.it\/taliani\/wp-json\/wp\/v2\/categories?post=828"},{"taxonomy":"post_tag","embeddable":true,"href":"https:\/\/blog.ilgiornale.it\/taliani\/wp-json\/wp\/v2\/tags?post=828"}],"curies":[{"name":"wp","href":"https:\/\/api.w.org\/{rel}","templated":true}]}}