{"id":84,"date":"2009-06-08T09:42:00","date_gmt":"2009-06-08T08:42:00","guid":{"rendered":"https:\/\/blog.ilgiornale.it\/taliani\/2009\/06\/08\/se-per-dario-7-punti-in-meno-son-pochi\/"},"modified":"2009-06-08T16:03:39","modified_gmt":"2009-06-08T15:03:39","slug":"se-per-dario-7-punti-in-meno-son-pochi","status":"publish","type":"post","link":"https:\/\/blog.ilgiornale.it\/taliani\/2009\/06\/08\/se-per-dario-7-punti-in-meno-son-pochi\/","title":{"rendered":"Se per Dario 7 punti in meno son pochi&#8230;"},"content":{"rendered":"<p>[photopress:Dario_Fr_1.JPG,thumb,alignleft]\u00a0Walter Veltroni ieri sera ha ricordato (rivolto ovviamente ai suoi avversari interni)\u00a0 che il Pd, lo scorso febbraio, nei sondaggi era al 26% e non al 22, come era stato detto da alcune parti quando lascio la segreteria dei Democratici. Piccola precisazione che la dice lunga sul reale stato d&#8217;animo che agita il centrosinistra dopo il voto per le Europee. Gi\u00e0, perch\u00e9 Dario Franceschini esulta e dice che &#8220;gli italiani hanno capito&#8221;. Viene da chiedersi sommessamente che cosa avrebbero capito. In un anno il Pd \u00e8 passato dal dal 33% al 27% e se sette punti (virgola pi\u00f9, virgola meno) si possono definire un successo \u00e8 vero che l&#8217;immaginazione \u00e8 andata al potere nella casa del Pd&#8230; oltretettutto si dice che l&#8217;astensionismo ha penalizzato il Pdl, quindi c&#8217;\u00e8 poco da esultare. E se Giorgio Tonini dice che non c&#8217;\u00e8 stato l&#8217;8 settembre del Pd non si pu\u00f2 che prenderne atto, nel senso che l&#8217;8 settembre c&#8217;\u00e8 gi\u00e0 stato con la &#8220;fuga&#8221; di Veltroni dopo il voto sardo, e non si \u00e8 assistito a una resurrezione.\u00a0 Chi ha guadagnato voti ai danni del Pd \u00e8 stato Antonio Di Pietro che ha subito avvertito, usando la spada di Brenno: &#8220;Ora il Pd decida se vuol stare con noi o con l&#8217;Udc&#8221;. Se le parole hanno un senso, la bufera su Franceschini continua ad addensarsi: la strategia del gossip antiberlusconiano ha fatto flop. Il boomerang c&#8217;\u00e8 stato e c&#8217;\u00e8 chi nel partito \u00e8 pronto a fare i conti da qui a fine mese, soprattutto con gli ex della sinistra Dc su posizioni &#8220;estremiste&#8221; rispetto a quelle degli ex Ds.<\/p>\n<p>Dice Gianni Vernetti, deputato Pd ed ex sottosegretario agli Esteri: &#8221; Il Partito Democratico registra una pesante flessione a livello nazionale perdendo circa 4 milioni di voti rispetto alle politiche del 2008 e 2 milioni di voti dalle europee del 2004. Questo risultato dovrebbe evitare inutili analisi indulgenti e condurci a una seria riflessione sulle strategie future e sulla linea politica&#8221;.<\/p>\n<p>Oltretutto, se \u00e8 vero che il Pdl ha ottenuto un risultato inferiore rispetto a quanto avevano previsto tutti i sondaggi, ha comunque tenuto e &#8220;l&#8217;operazione predellino&#8221; del Cav ha funzionato, con la Lega che \u00e8 volata oltre il 10 per cento. Sia chiaro, anche il Pdl, penalizzato dall&#8217;astensionismo al Sud e non solo, dovr\u00e0 fare una riflessione seria soprattutto, come dice Cicchitto, &#8220;sul funzionamento del partito&#8221;. Ma resta il dato politico della sconfitta del Pd, l&#8217;unico a esultare anche se ha perso milioni di voti. Ecco quello che &#8220;gli italiani hanno capito&#8221;. Ma Dario non la manda gi\u00f9 bene: &#8220;Nelle condizioni italiane neppure Obama avrebbe battuto McCain&#8221;. Insomma, insiste. E&#8217; recidivo. &#8220;Eravamo come Davide contro Golia, ma Golia non ha vinto&#8230;&#8221;. Sette punti in meno in un anno che cosa sono? Quello Berlusconi il governo europeo, assieme a quello francese, che esce meglio da un voto difficile per tutti con la crisi economica che morde, ma che importa? In Europa l&#8217;eurosocialismo affonda clamorosamente rimediando pesanti sconfitte in paesi come la Francia, la Gran Bretagna di Brown <em>Times<\/em> ed <em>Ft<\/em> e la Spagna di Zapatero e di <em>El Pa\u00ecs<\/em>, ma che importa? Dario-Davide \u00e8 sicuro: &#8220;Gli italiani hanno capito&#8221;. E anche gli europei, aggiungo io&#8230;<br \/>\n<a href=\"https:\/\/www.ilgiornale.it\/a.pic1?ID=357155\" target=\"_blank\"><em><strong>L&#8217;esultanza dei perdenti<\/strong><\/em><\/a> di Mario Giordano<br \/>\n<a href=\"https:\/\/www.ilgiornale.it\/a.pic1?ID=357194\" target=\"_blank\"><em><strong>La sinistra va ko: eurosocialisti in via d&#8217;estinzione<\/strong><\/em><\/a> di Peppino Caldarola<\/p>\n","protected":false},"excerpt":{"rendered":"<p><p>[photopress:Dario_Fr_1.JPG,thumb,alignleft]\u00a0Walter Veltroni ieri sera ha ricordato (rivolto ovviamente ai suoi avversari interni)\u00a0 che il Pd, lo scorso febbraio, nei sondaggi era al 26% e non al 22, come era stato detto da alcune parti quando lascio la segreteria dei Democratici. Piccola precisazione che la dice lunga sul reale stato d&#8217;animo che agita il centrosinistra dopo il voto per le Europee. Gi\u00e0, perch\u00e9 Dario Franceschini esulta e dice che &#8220;gli italiani hanno capito&#8221;. Viene da chiedersi sommessamente che cosa avrebbero capito. In un anno il Pd \u00e8 passato dal dal 33% al 27% e se sette punti (virgola pi\u00f9, virgola meno) [&hellip;]<\/p>\n&nbsp;&nbsp;<div class=\"readmore\"><a href=\"https:\/\/blog.ilgiornale.it\/taliani\/2009\/06\/08\/se-per-dario-7-punti-in-meno-son-pochi\/\">Continua a leggere...<\/a><\/div><\/p>","protected":false},"author":7,"featured_media":0,"comment_status":"open","ping_status":"closed","sticky":false,"template":"","format":"standard","meta":[],"categories":[1],"tags":[],"_links":{"self":[{"href":"https:\/\/blog.ilgiornale.it\/taliani\/wp-json\/wp\/v2\/posts\/84"}],"collection":[{"href":"https:\/\/blog.ilgiornale.it\/taliani\/wp-json\/wp\/v2\/posts"}],"about":[{"href":"https:\/\/blog.ilgiornale.it\/taliani\/wp-json\/wp\/v2\/types\/post"}],"author":[{"embeddable":true,"href":"https:\/\/blog.ilgiornale.it\/taliani\/wp-json\/wp\/v2\/users\/7"}],"replies":[{"embeddable":true,"href":"https:\/\/blog.ilgiornale.it\/taliani\/wp-json\/wp\/v2\/comments?post=84"}],"version-history":[{"count":0,"href":"https:\/\/blog.ilgiornale.it\/taliani\/wp-json\/wp\/v2\/posts\/84\/revisions"}],"wp:attachment":[{"href":"https:\/\/blog.ilgiornale.it\/taliani\/wp-json\/wp\/v2\/media?parent=84"}],"wp:term":[{"taxonomy":"category","embeddable":true,"href":"https:\/\/blog.ilgiornale.it\/taliani\/wp-json\/wp\/v2\/categories?post=84"},{"taxonomy":"post_tag","embeddable":true,"href":"https:\/\/blog.ilgiornale.it\/taliani\/wp-json\/wp\/v2\/tags?post=84"}],"curies":[{"name":"wp","href":"https:\/\/api.w.org\/{rel}","templated":true}]}}