{"id":86,"date":"2009-06-23T11:09:48","date_gmt":"2009-06-23T10:09:48","guid":{"rendered":"https:\/\/blog.ilgiornale.it\/taliani\/2009\/06\/23\/quando-dario-sogna-i-numeri\/"},"modified":"2009-06-24T16:36:38","modified_gmt":"2009-06-24T15:36:38","slug":"quando-dario-sogna-i-numeri","status":"publish","type":"post","link":"https:\/\/blog.ilgiornale.it\/taliani\/2009\/06\/23\/quando-dario-sogna-i-numeri\/","title":{"rendered":"Quando Dario sogna i numeri"},"content":{"rendered":"<p>[photopress:BALLOTTAgg_1.JPG,thumb,alignleft]\u00a0No, non ha dato un bello spettacolo il buon Dario Franceschini ieri, commentando in diretta su <em>Sky<\/em> i risultati dei ballottaggi per le Province e i Comuni. Proprio no. Avesse almeno aspettato il risultato di Milano, prima di parlare&#8230; Si fosse fatto dare qualche conteggio giusto, invece di dare i numeri.<br \/>\nEvidentemente era in astinenza da tv, visto che prima del voto ha lasciato parlare e straparlare Massimo D&#8217;Alema e forse si \u00e8 limitato a leggere <em>Repubblica<\/em> e <em>L&#8217;Espresso<\/em> ,\u00a0un po&#8217; di stampa estera, nell&#8217;illusione che bastasse\u00a0la &#8220;campagna del gossip&#8221; a dare una &#8220;spallatina&#8221; all&#8217;avanzata elettorale di Pdl e Lega. <strong>Giusto per\u00a0cercare di puntellare la sua traballante\u00a0candidatura alla segreteria del Pd ora ufficiliazzata.<\/strong> <strong>Ma Franceschini non aveva detto <em>urbi et orbi<\/em>, come sempre sicuro di s\u00e8: non mi ricandido, il mio compito \u00e8 a termine? Bella frase che ricorsa quella di Veltroni e sulla sua decisione di andare in Africa&#8230; <\/strong>Ma si sa, anche la &#8220;piccola patria &#8221; del Pd ha bisogno dei suoi salvatori e dell&#8217;uomo del destino, magari in ticket con la &#8220;nuova&#8221; icona, la Serracchiani, quella che ha detto a Grillo &#8220;abbiamo lo stesso obbiettivo&#8221; ma usiamo metodi diversi (di sicuro diversi, a cominciare dal gossip anti Cav).<br \/>\nMa tant&#8217;\u00e8, non la faccio lunga. Ecco il Franceschini-pensiero: &#8220;Comincia il declino della destra. Sar\u00e0 un percorso lungo ma con lavoro e impegno porteremo avanti il cambiamento del Paese&#8221;. Proprio cos\u00ec , incredibile ma vero: &#8220;lui&#8221; ha vinto, tanto per cambiare. Mancava solo il gesto della &#8220;vi&#8221; di victory alla Churchill per stupire anche il cameraman&#8230;<\/p>\n<p>Allora vediamola questa vittoria, attraverso la semplice contabilit\u00e0 del risultato dei ballotaggi. Prima del voto 50 Province erano in mano al centrosinistra, 9 al centrodestra. Dopo il voto, 34 Province sono in mano al centrodestra, 28 al centrosinistra. Quindi: 23 Province amministrate dal centrosinistra sono passate al centrodestra (tra queste ci sono Milano e Venezia, tanto per dire&#8230;). E quante sono passate dal centrodestra al centrosinistra? Nessuna. Proprio cos\u00ec: 0. Al centrosinistra nel restano 27, quasi tutti feudi rossi. E nelle tre nuove Province dove si \u00e8 votato per la prima volta, due sono andate al centrodestra: Monza al Nord e Barletta-Adria-Trani al Sud. Fermo \u00e8 andata al centrosinistra. Ma Dario Franceschini ha vinto lo stesso.<\/p>\n<p>E vogliamo parlare dei Comuni capoluogo? Parliamone.\u00a0E diciamo subito che 9 sono passati dal centrosinistra al centrodestra. Si chiama ribaltone. Come \u00e8 avvenuto per la prima volta da 63 anni a Prato&#8230; Quanti invece ne ha strappati il Pd al Pdl? Nessuno.\u00a0Ma Dario Franceschini ha vinto lo stesso.<br \/>\nIn fondo dare i numeri non costa niente, basta poco per sognare.<br \/>\n<strong>Segnalo, sulla Stampa (mercoled\u00ec 24 giugno), l&#8217;editoriale di Luca Ricolfi dal titolo &#8220;Ma il Pd non sa contare&#8221;<\/strong><\/p>\n<p><strong><em><a href=\"https:\/\/www.ilgiornale.it\/a.pic1?ID=360758\" target=\"_blank\">Se il Pd perde perfino a Sassuolo<\/a><\/em><\/strong> di Mario Giordano<\/p>\n","protected":false},"excerpt":{"rendered":"<p><p>[photopress:BALLOTTAgg_1.JPG,thumb,alignleft]\u00a0No, non ha dato un bello spettacolo il buon Dario Franceschini ieri, commentando in diretta su Sky i risultati dei ballottaggi per le Province e i Comuni. Proprio no. Avesse almeno aspettato il risultato di Milano, prima di parlare&#8230; Si fosse fatto dare qualche conteggio giusto, invece di dare i numeri. Evidentemente era in astinenza da tv, visto che prima del voto ha lasciato parlare e straparlare Massimo D&#8217;Alema e forse si \u00e8 limitato a leggere Repubblica e L&#8217;Espresso ,\u00a0un po&#8217; di stampa estera, nell&#8217;illusione che bastasse\u00a0la &#8220;campagna del gossip&#8221; a dare una &#8220;spallatina&#8221; all&#8217;avanzata elettorale di Pdl e Lega. [&hellip;]<\/p>\n&nbsp;&nbsp;<div class=\"readmore\"><a href=\"https:\/\/blog.ilgiornale.it\/taliani\/2009\/06\/23\/quando-dario-sogna-i-numeri\/\">Continua a leggere...<\/a><\/div><\/p>","protected":false},"author":7,"featured_media":0,"comment_status":"open","ping_status":"closed","sticky":false,"template":"","format":"standard","meta":[],"categories":[1],"tags":[],"_links":{"self":[{"href":"https:\/\/blog.ilgiornale.it\/taliani\/wp-json\/wp\/v2\/posts\/86"}],"collection":[{"href":"https:\/\/blog.ilgiornale.it\/taliani\/wp-json\/wp\/v2\/posts"}],"about":[{"href":"https:\/\/blog.ilgiornale.it\/taliani\/wp-json\/wp\/v2\/types\/post"}],"author":[{"embeddable":true,"href":"https:\/\/blog.ilgiornale.it\/taliani\/wp-json\/wp\/v2\/users\/7"}],"replies":[{"embeddable":true,"href":"https:\/\/blog.ilgiornale.it\/taliani\/wp-json\/wp\/v2\/comments?post=86"}],"version-history":[{"count":0,"href":"https:\/\/blog.ilgiornale.it\/taliani\/wp-json\/wp\/v2\/posts\/86\/revisions"}],"wp:attachment":[{"href":"https:\/\/blog.ilgiornale.it\/taliani\/wp-json\/wp\/v2\/media?parent=86"}],"wp:term":[{"taxonomy":"category","embeddable":true,"href":"https:\/\/blog.ilgiornale.it\/taliani\/wp-json\/wp\/v2\/categories?post=86"},{"taxonomy":"post_tag","embeddable":true,"href":"https:\/\/blog.ilgiornale.it\/taliani\/wp-json\/wp\/v2\/tags?post=86"}],"curies":[{"name":"wp","href":"https:\/\/api.w.org\/{rel}","templated":true}]}}