{"id":862,"date":"2012-05-08T10:25:58","date_gmt":"2012-05-08T09:25:58","guid":{"rendered":"https:\/\/blog.ilgiornale.it\/taliani\/?p=862"},"modified":"2012-05-09T16:19:21","modified_gmt":"2012-05-09T15:19:21","slug":"il-salto-del-grillo","status":"publish","type":"post","link":"https:\/\/blog.ilgiornale.it\/taliani\/2012\/05\/08\/il-salto-del-grillo\/","title":{"rendered":"Il salto del Grillo&#8230;"},"content":{"rendered":"<p>[photopress:Beppe_Grillo.jpg,thumb,alignleft]E cos\u00ec Beppe Grillo e i grillini sono saltati sulle tasse inflitte agli italiani di ogni ordine e grado dal governo Monti (dall&#8217;Imu fino agli altri 50 e pi\u00f9 balzelli svuota portafogli e ammazza ripresa), sulla protevia della casta che non si riduce i privilegi, sui partiti che incassano rimborsi elettorali giganteschi, sugli scandali (da Lusi ai diamanti e alla laurea albanese del Trota), sul no all&#8217;euro, alla Ue a trazione Merkel, al governo europeo della finanza e dei mercati, sulla primavera dello scontento che accomuna molti italiani.<\/p>\n<p><strong>Grillo<\/strong> il comico che ora tutti cominciano a prendere di pi\u00f9 sul serio, naviga\u00a0 &#8211; come nella foto in cui \u00e8 ritratto mentre galleggia su un gommone sopra un mare di folla &#8211; sull&#8217;onda gonfi antipolitica e antisistema come \u00e8 avvenuto in Francia e in Grecia a caccia dei voti tornati in libert\u00e0, di chi protesta e non si sente pi\u00f9 rappresentato dai partiti. Un magma ribollente che \u00e8 diventato eruzione. E lo fatto navigando fra le opposte sponde di destra e di sinistra, pescando a strascico negli opposti schieramenti, sentimenti e risentimenti elettorali&#8230; Cos\u00ec molti di coloro che hanno votato si sono aggrappati a quel gommone, molti altri si sono rifugiati nell&#8217;astensione.<\/p>\n<p>E&#8217; stato un &#8220;<strong>vaffavoto<\/strong>&#8221; quello che ha raccolto. Non importa se il gommone in realt\u00e0 non ha la barra e chiss\u00e0 se poi \u00e8 in grado di seguire una rotta precisa o se si sposter\u00e0 a ogni soffio di vento chiss\u00e0 dove.\u00a0 Questo lo dir\u00e0 il tempo, anche la<strong> Lega<\/strong> all&#8217;inizio della sua avventura sembrava un barchetta senza nocchiero, n\u00e8 bussola n\u00e8 carte nautiche. Grillo, da Parma a Genova passando per le altre realt\u00e0 locali in cui con i suoi grillini ha fatto pesca a strascico, \u00e8 passato all&#8217;incasso e ha bastonato, chi pi\u00f9 chi meno, tutti partiti tradizionali. E in pi\u00f9 il forte astensionismo ha colpito soprattutto il Nord e le regioni rosse. Due dati che si saldano: voti, in gran parte moderati, in libert\u00e0 e voti in frigorifero. Partiti tradizionali all&#8217;angolo. Mentre Roma discute (leggi ABC) Sagunto brucia&#8230; viene voglia dire.<\/p>\n<p>E ora? Il <strong>Pdl<\/strong> perde terreno seguendo il trend negativo che ha accomunato tutti partiti di governo dove si \u00e8 andati al voto in Europa. Da noi il segnale forte dell&#8217;elettorato \u00e8 arrivato dalla &#8220;tappa intermedia&#8221; delle amministrative parziali, perch\u00e9 il momento della verit\u00e0 arriver\u00e0 alle elezioni politiche 2013.\u00a0 La <strong>Lega<\/strong> ha pagato un prezzo salatissimo (soprattutto in Lombardia) per il combinato disposto scandali &#8211; mancate riforme e ha trionfato solo nella Verona di <strong>Tosi<\/strong> anti-Bossi legato alla scopa di <strong>Maroni<\/strong>. Il <strong>Terzo Polo<\/strong>, da <strong>Casini<\/strong> &#8211; quello della cambiale in bianco al governo Monti &#8211; a<strong> Fini<\/strong> che \u00e8 rimasto seduto sulla poltrona di presidente della Camera, con il <strong>Fli<\/strong> anch&#8217;esso spiaggiato sul montismo si pu\u00f2 considerare &#8220;non pervenuto&#8221; in queste amministrative.<\/p>\n<p>E <strong>Bersani<\/strong>, il <strong>Pd<\/strong>? Cantano vittoria nel miglior stile della vecchia politica ma se hanno tenuto (nessuna clamorosa avanzata, in realt\u00e0 \u00e8 una <em>non sconfitta<\/em>) non hanno convinto gli elettori moderati e dove vanno avanti &#8211; come a Palermo e Genova &#8211; lo fanno con uomini che non sono suoi (<strong>Orlando<\/strong>, ex Dc, ex rete e Idv a Palermo) e <strong>Doria<\/strong> (Sel &#8211; Vendola a Genova). Cos\u00ec si chiude nel recinto della <strong>foto di Vasto<\/strong> senza lasciar prevedere quegli sbocchi pi\u00f9 ampi che auspica il segretario a cui questa compagnia rischia di andare stretta fino a rischiare di soffocarlo. Insomma, la sinistra moderata cos\u00ec come esce dal voto \u00e8 penalizzata da quella estrema e il Pd non \u00e8 un considerato un approdo sicuro dall&#8217;elettorato moderato in generale.\u00a0 Se a questo si aggiunge la concorrenza a sinistra dell&#8217;onda grillina se ne pu\u00f2 trarre la conclusione che anche Bersani ha le sue brave gatte da pelare. Perch\u00e9 \u00e8 vero che il partito ha tenuto, ma \u00e8 anche vero che non si s\u00e0, da qui al 2013, se le condizioni politiche e gli umori degli italiani lo premieranno. Non \u00e8 detto che il messaggio a<strong> Monti<\/strong>: governo avanti ma tenga conto delle nostre richieste (Cgil inclusa, aggiungo) alla lunga paghi. Tenere i piedi in due staffe \u00e8 rischiosissimo. E se il governo Monti &#8211; che esce indebolito dal risultato delle urne &#8211; andasse avanti a trazione Pd &#8211; Terzo Polo, il <strong>Pdl<\/strong> e il centrodestra potrebbero riaprire i giochi.<\/p>\n<p><strong>Alfano<\/strong> ha annunciato uno stop ai vertici <strong>ABC<\/strong>: prima mossa per per far capire che il segnale arrivato dal voto \u00e8 stato colto (e Casini, che vuol andare &#8211; e ci credo&#8230; &#8211; oltre il Terzo Polo, replica: niente vertici, noi avanti con Monti). <strong>Berlusconi<\/strong> invece dice che pensava andasse peggio, &#8220;i risultati sono al di sopra delle mie aspettative&#8221;, visto che \u00e8 in corso il festival dell&#8217;antipolitica. Confermando in fondo che sapeva benissimo che l&#8217;appogio al goveno tecnico sarebbe costato caro, in termini di consensi. In fondo dalle sconfitte possono nascere nuove opportunit\u00e0 politiche.<\/p>\n<p>Il boom di Grillo \u00e8 la linea del Rubicone per i partiti e per un governo che ammette di &#8220;aver perso la sintonia con la gente&#8221;. E&#8217; vero che si tratta di un test limitato, ma \u00e8 pur sempre un test che fa emergere umori e malumori degli italiani. Insomma non si pu\u00f2 minimizzare. E non servono nemmeno tentativi, come quello che fa <strong>Vendola<\/strong>, di dividere Grillo (da combattere) e grillini (con cui si pu\u00f2 dialogare). E&#8217; una <em>captatio<\/em> da vecchia politica. La consapevolezza dei timori di una nuova concorrenza a sinistra, elettorato in cerca di altro e di altri, una narrazione affatto nuova troppo sottovalutata, vendolianamente parlando. Grillo naviga su un gommone (che pu\u00f2 sgonfiarsi) i partiti tradizionali sulla <strong>*<\/strong><em>zattera della Medusa<\/em> (che pu\u00f2 affondare). E&#8217; vero che le elezioni politiche sono un&#8217;altra cosa, hanno un peso diverso, ma come ci arriveranno, i partiti? Con quali programmi e alleanze, con quale legge elettorale? E soprattutto, con quale credibilit\u00e0? Perch\u00e9 su questo punto essenziale si gioca la partita contro l&#8217;antipolitica e l&#8217;astensionismo.<\/p>\n<p>Dice presidente <strong>Napolitano<\/strong> sul voto: &#8220;Ci sono motivi di riflessione per tutti, per le forze politiche e per i cittadini sui rapporti con la politica e sui problemi di governabilit\u00e0. Oggi a livello locale, ma problemi di governabilit\u00e0 che in Europa si<br \/>\npongono anche a livello nazionale in diversi Paesi. Una volta si diceva che le elezioni amministrative avevano un rilievo essenzialmente locale ma questo \u00e8 vero fino a un certo punto. Comunque abbiamo avuto un test piuttosto circoscritto visto che il numero degli elettori non \u00e8 stato grandissimo&#8221;. E aggiunge sul successo\u00a0 di <strong>Beppe Grillo<\/strong>: &#8220;<a title=\"Napolitano contro Beppe grillo\" href=\"https:\/\/www.ilgiornale.it\/interni\/napolitano_schiaccia_movimento_5_stellebeppe_grillo_non_vedo_alcun_boom\/movimento_5_stelle-giorgio_napolitano-elezioni_amministrative-governabilita-beppe_grillo\/08-05-2012\/articolo-id=586862-page=0-comments=1\" target=\"_blank\">Di boom ricordo solo quello degli anni \u201960, altri non ne vedo&#8230;<\/a>&#8220;. E il comico? Replica dal suo blog: &#8220;Il boom del Movimento 5 Stelle non si vede, ma si sente. Boom, boom, Napolitano! Il Presidente della Repubblica \u00e8 il Capo dello Stato e rappresenta l\u2019unit\u00e0 nazionale (articolo 87 della Costituzione). Rappresenta anche il Movimento 5 Stelle e anche, dopo queste elezioni, i suoi circa 250 consiglieri comunali e regionali scelti dai cittadini&#8221;&#8230;<br \/>\n<strong>E voi cosa ne pensate del voto e dell&#8217;antipolitica?<\/strong><\/p>\n<p><a title=\"sberla elettorale\" href=\"https:\/\/www.ilgiornale.it\/interni\/sberla_elettorale\/08-05-2012\/articolo-id=586869-page=0-comments=1\" target=\"_blank\"><strong>Sberla elettorale<\/strong><\/a> di <strong>Alessandro Sallusti<\/strong><\/p>\n<p><a title=\"Feltri su fisco e Grillo\" href=\"https:\/\/www.ilgiornale.it\/interni\/il_fisco_ci_strangolae_beppe_grillo_trionfa\/08-05-2012\/articolo-id=586871-page=0-comments=1\" target=\"_blank\"><strong>Il fisco ci strangola e Grillo trionfa<\/strong><\/a> di <strong>Vittorio Feltri<\/strong><\/p>\n<p><strong>Nota<\/strong> * <em>Il 5 luglio 1816, la fregata francese M\u00e9duse, salpata da Brest, naufrag\u00f2 al largo delle coste della Mauritania per colpa di negligenze e decisioni affrettate del capitano Hugues Duroy de Chaumaray. Oltre 250 persone si salvarono sulle scialuppe, altre 147 furono imbarcate su una zattera di fortuna: di queste solo 13 si salvarono (ma 5 morirono successivamente). La vicenda sollev\u00f2 un enorme scandalo e furono tirati in ballo sia l&#8217;incompetenza del capitano (condannato a 3 anni di prigione) che il re Luigi XVIII, per aver nominato il capitano. Il naufragio del veliero ispir\u00f2 il pittore Th\u00e9odore G\u00e9ricault, e il suo celebre quadro Le Radeau de la M\u00e9duse) si pu\u00f2 ammirare visitando il Louvre a Parigi<\/em>.<\/p>\n","protected":false},"excerpt":{"rendered":"<p><p>[photopress:Beppe_Grillo.jpg,thumb,alignleft]E cos\u00ec Beppe Grillo e i grillini sono saltati sulle tasse inflitte agli italiani di ogni ordine e grado dal governo Monti (dall&#8217;Imu fino agli altri 50 e pi\u00f9 balzelli svuota portafogli e ammazza ripresa), sulla protevia della casta che non si riduce i privilegi, sui partiti che incassano rimborsi elettorali giganteschi, sugli scandali (da Lusi ai diamanti e alla laurea albanese del Trota), sul no all&#8217;euro, alla Ue a trazione Merkel, al governo europeo della finanza e dei mercati, sulla primavera dello scontento che accomuna molti italiani. Grillo il comico che ora tutti cominciano a prendere di pi\u00f9 sul [&hellip;]<\/p>\n&nbsp;&nbsp;<div class=\"readmore\"><a href=\"https:\/\/blog.ilgiornale.it\/taliani\/2012\/05\/08\/il-salto-del-grillo\/\">Continua a leggere...<\/a><\/div><\/p>","protected":false},"author":7,"featured_media":0,"comment_status":"open","ping_status":"closed","sticky":false,"template":"","format":"standard","meta":[],"categories":[64],"tags":[11728,11732,5739,256466,937,2883,74,11741,11740,130,5753,5740,91,2699,9191,10365,9194,11747,11743,184,169,6752,11738,11739,11750,11733,256467,256464,6916,9208,9201,8194,8198,256468],"_links":{"self":[{"href":"https:\/\/blog.ilgiornale.it\/taliani\/wp-json\/wp\/v2\/posts\/862"}],"collection":[{"href":"https:\/\/blog.ilgiornale.it\/taliani\/wp-json\/wp\/v2\/posts"}],"about":[{"href":"https:\/\/blog.ilgiornale.it\/taliani\/wp-json\/wp\/v2\/types\/post"}],"author":[{"embeddable":true,"href":"https:\/\/blog.ilgiornale.it\/taliani\/wp-json\/wp\/v2\/users\/7"}],"replies":[{"embeddable":true,"href":"https:\/\/blog.ilgiornale.it\/taliani\/wp-json\/wp\/v2\/comments?post=862"}],"version-history":[{"count":33,"href":"https:\/\/blog.ilgiornale.it\/taliani\/wp-json\/wp\/v2\/posts\/862\/revisions"}],"predecessor-version":[{"id":897,"href":"https:\/\/blog.ilgiornale.it\/taliani\/wp-json\/wp\/v2\/posts\/862\/revisions\/897"}],"wp:attachment":[{"href":"https:\/\/blog.ilgiornale.it\/taliani\/wp-json\/wp\/v2\/media?parent=862"}],"wp:term":[{"taxonomy":"category","embeddable":true,"href":"https:\/\/blog.ilgiornale.it\/taliani\/wp-json\/wp\/v2\/categories?post=862"},{"taxonomy":"post_tag","embeddable":true,"href":"https:\/\/blog.ilgiornale.it\/taliani\/wp-json\/wp\/v2\/tags?post=862"}],"curies":[{"name":"wp","href":"https:\/\/api.w.org\/{rel}","templated":true}]}}