{"id":906,"date":"2012-05-21T18:03:01","date_gmt":"2012-05-21T17:03:01","guid":{"rendered":"https:\/\/blog.ilgiornale.it\/taliani\/?p=906"},"modified":"2012-05-22T17:22:12","modified_gmt":"2012-05-22T16:22:12","slug":"grillo-suona-la-campana","status":"publish","type":"post","link":"https:\/\/blog.ilgiornale.it\/taliani\/2012\/05\/21\/grillo-suona-la-campana\/","title":{"rendered":"Grillo marcia su Berlino&#8230;"},"content":{"rendered":"<p>[photopress:grillo_e_Pizzarotti.jpg,thumb,alignleft]E cos\u00ec Beppe Grillo a Parma ha fatto suonare la sua campana: Federico Pizzarotti, il candidato del Movimento 5 Stelle ha stracciato il candidato del Pd Vincenzo Bernazzoli e rottamato &#8220;l&#8217;usato sicuro&#8221; offerto dal partito di Bersani.\u00a0 Era nell&#8217;aria, si dir\u00e0 e si ripeter\u00e0 soprattutto a sinistra come ha detto l&#8217;ineffabile Rosi Bindi, &#8220;io rispetto sempre gli elettori per cui auguro al sindaco di Parma di fare benissimo, ma se il centrodestra va a votare per Grillo qui c\u2019\u00e8 la confusione massima, nessuno mi dica che questo \u00e8 il cambiamento&#8221;&#8230; Come se questa fosse la motivazione profonda che ha visto il clamoroso successo proprio ai danni del Pd che sperava di raccogliere i cocci rotti dalla precedente amministrazione Pdl travolta da scandali, polemiche, deficit. Si aspettano altri pompieri in azione &#8211; credo a vuoto &#8211; nel tentativo di archiviare questo risultato pensando che magari &#8220;alle politiche le cose cambieranno&#8221; e l&#8217;usato sicuro la trionfer\u00e0&#8230;<\/p>\n<p>Lo scontento verso i partiti tradizionali e la casta \u00e8 emerso come l&#8217;onda del un fiume carsico degli umori degli italiani. Segnale fortissimo di una richiesta di cambiamento che \u00e8 trasversale e richieder\u00e0 ben altre analisi e soluzioni rispetto al rifugiarsi dietro all&#8217;esorcizzazione dell&#8217;antipolitica. E il fatto che Grillo abbia trionfato nella rossa Emilia Romagna e proprio sul Pd, la dice lunga sulla frattura che si \u00e8 creata fra cittadini e politica tradizionale anche laddove esiste un <em>dominus<\/em> politico dalla lunga e radicata tradizione politico &#8211; amministrativa.<\/p>\n<p>Aggiungo poi che la vittoria di Leoluca Orlando a Palermo, sindaco &#8220;di ritorno&#8221; ora dipietrista, candidatosi all&#8217;ultimo minuto dopo la sconfitta di Rita Borsellino e vittorioso su Fabrizio Ferrandelli (Pd) segnala le crepe profonde che spaccano il Pd, che a Genova vince ma al traino candidato del Sel, Marco Doria trionfatore alle primarie sulle due concorrenti piddine. E a genova quasi met\u00e0 elettori se ne stati a casa&#8230;<\/p>\n<p>Certo, il centrosinistra alla fine ha conquistato 92 comuni su 177. E l&#8217;asse del Nord si \u00e8 frantumato, con Pdl e Lega andati al voto divisi che precipitano puniti anche dal forte astensionismo, cresciuto ancora rispetto la primo turno fin quasi al 50%: penalizzato l&#8217;uno dall&#8217;appoggio al governo Monti non gradito da gran parte del proprio elettorato che l&#8217;ha fatto capire in modo inequivocabile, l&#8217;altro colpito dallo scandalo Belsito, dalla gestione del cerchio magico bossiano e ancora alle prese con la famosa scopa di Maroni che ha perso 7 ballottaggio su 7. Ma il numero di comuni conquistati dal centrosinistra \u00e8 la misura di una vittoria? E&#8217; sufficiente a spiegare il fenomeno e lo smottamento che pu\u00f2 causare nella politica italiana? Per Bersani sembra di s\u00ec e proclama &#8220;noi siamo il cambiamento&#8230;&#8221;, ma alle politiche sar\u00e0 cos\u00ec o il centrosinistra rischia di preparare un&#8217;altra gioiosa macchina da guerra modello Occhetto? E cosa c&#8217;\u00e8 alle viste oltre alla foto di Vasto, che ora Vendola vorrebbe allargare ai grillini sia pure senza Grillo? E Casini avr\u00e0 capito che la bipolarizzazione sar\u00e0 sempre pi\u00f9 forte e i centristi non avranno possibilit\u00e0 di successo (niente <em>appeal<\/em> sui moderati quando servir\u00e0 il &#8220;voto utile&#8221;)\u00a0 se correranno in solitario, col rischio magari di ritrovarsi anche loro nella cornicetta &#8220;allargata&#8221; di Vasto?<\/p>\n<p>Vero \u00e8 che successo grillino (oltre a Parma sono stati eletti sindaci 5 Stelle a Mira, Sarego e Comacchio), astensionismo, voto di protesta &#8211; al netto delle vicende locali &#8211; marcano il distacco crescente fra sistema dei partiti ed elettori, segnali evidenti che la corda rischia di rompersi, soprattutto dalla parte dell&#8217; elettorato moderato che non si sente rappresentato e non si riconosce nel <em>brand<\/em> ABC in tempi di crisi economica che attanaglia imprese e famiglie,\u00a0 di governo tecnico tutto tasse e niente tagli che non \u00e8 in grado di indicare una rotta certa di uscita dal tunnel in cui s\u00e8 infilato il Paese.<br \/>\nGrillo ha suonato la sua campana e su twitter proclama: &#8220;Dopo Stalingrado ora ci aspetta Berlino!&#8221;. Mentre l&#8217;astensionismo si ammanta di un silenzio minaccioso&#8230;\u00a0 Chi riuscir\u00e0 a offrire una proposta politica credibile capace di recuperare i consensi in libert\u00e0 e i voti moderati messi , per usare una definizione d&#8217;<em>antan, <\/em>in &#8220;frigorifero&#8221;<em><\/em>? Gi\u00e0, perch\u00e9 Grillo \u00e8 in marcia&#8230; ma su Roma mentre <a href=\"https:\/\/www.ilgiornale.it\/interni\/schiaffi_bersani_e_grilloil_comico_sei_zombiee_leader_pd_stai_sereno\/zombie-pd-movimento_5_stelle-beppe_grillo-pier_luigi_bersani\/22-05-2012\/articolo-id=589060-page=0-comments=1\" target=\"_blank\">volano stracci fra il comico e Bersani<\/a>, a proposito di &#8220;vittoria&#8221;. Chi finir\u00e0 smacchiato fra i due?<\/p>\n<p><a title=\"Le capriole del giullare che volle farsi re\" href=\"https:\/\/www.ilgiornale.it\/interni\/le_capriole_giullare_che_volle_farsi_re\/22-05-2012\/articolo-id=588920-page=0-comments=1\" target=\"_blank\"><strong>Le capriole del giullare che volle farsi re<\/strong> <\/a>di <em>Francesco Maria Del Vigo<\/em><\/p>\n<p><a title=\"L'e-book su Grillo di Francesco Maria Del Vigo\" href=\"https:\/\/www.ilgiornale.it\/ebook\/i_nostri_corti.pic1\" target=\"_blank\"><strong>&#8220;GRILLO &#8211; Adesso provate a votare un altro&#8221;<\/strong><\/a>, l&#8217;eBook di <em>Francesco Maria Del Vigo<\/em><\/p>\n","protected":false},"excerpt":{"rendered":"<p><p>[photopress:grillo_e_Pizzarotti.jpg,thumb,alignleft]E cos\u00ec Beppe Grillo a Parma ha fatto suonare la sua campana: Federico Pizzarotti, il candidato del Movimento 5 Stelle ha stracciato il candidato del Pd Vincenzo Bernazzoli e rottamato &#8220;l&#8217;usato sicuro&#8221; offerto dal partito di Bersani.\u00a0 Era nell&#8217;aria, si dir\u00e0 e si ripeter\u00e0 soprattutto a sinistra come ha detto l&#8217;ineffabile Rosi Bindi, &#8220;io rispetto sempre gli elettori per cui auguro al sindaco di Parma di fare benissimo, ma se il centrodestra va a votare per Grillo qui c\u2019\u00e8 la confusione massima, nessuno mi dica che questo \u00e8 il cambiamento&#8221;&#8230; Come se questa fosse la motivazione profonda che ha visto [&hellip;]<\/p>\n&nbsp;&nbsp;<div class=\"readmore\"><a href=\"https:\/\/blog.ilgiornale.it\/taliani\/2012\/05\/21\/grillo-suona-la-campana\/\">Continua a leggere...<\/a><\/div><\/p>","protected":false},"author":7,"featured_media":0,"comment_status":"open","ping_status":"closed","sticky":false,"template":"","format":"standard","meta":[],"categories":[64],"tags":[11759,11727,11732,5739,256466,2883,74,11765,8189,11740,2754,1988,5740,91,2699,9386,65,11768,2826,8192,11761,256467,256464,11760,5742,256468],"_links":{"self":[{"href":"https:\/\/blog.ilgiornale.it\/taliani\/wp-json\/wp\/v2\/posts\/906"}],"collection":[{"href":"https:\/\/blog.ilgiornale.it\/taliani\/wp-json\/wp\/v2\/posts"}],"about":[{"href":"https:\/\/blog.ilgiornale.it\/taliani\/wp-json\/wp\/v2\/types\/post"}],"author":[{"embeddable":true,"href":"https:\/\/blog.ilgiornale.it\/taliani\/wp-json\/wp\/v2\/users\/7"}],"replies":[{"embeddable":true,"href":"https:\/\/blog.ilgiornale.it\/taliani\/wp-json\/wp\/v2\/comments?post=906"}],"version-history":[{"count":44,"href":"https:\/\/blog.ilgiornale.it\/taliani\/wp-json\/wp\/v2\/posts\/906\/revisions"}],"predecessor-version":[{"id":929,"href":"https:\/\/blog.ilgiornale.it\/taliani\/wp-json\/wp\/v2\/posts\/906\/revisions\/929"}],"wp:attachment":[{"href":"https:\/\/blog.ilgiornale.it\/taliani\/wp-json\/wp\/v2\/media?parent=906"}],"wp:term":[{"taxonomy":"category","embeddable":true,"href":"https:\/\/blog.ilgiornale.it\/taliani\/wp-json\/wp\/v2\/categories?post=906"},{"taxonomy":"post_tag","embeddable":true,"href":"https:\/\/blog.ilgiornale.it\/taliani\/wp-json\/wp\/v2\/tags?post=906"}],"curies":[{"name":"wp","href":"https:\/\/api.w.org\/{rel}","templated":true}]}}