{"id":978,"date":"2012-06-22T09:55:16","date_gmt":"2012-06-22T08:55:16","guid":{"rendered":"https:\/\/blog.ilgiornale.it\/taliani\/?p=978"},"modified":"2012-06-26T17:43:30","modified_gmt":"2012-06-26T16:43:30","slug":"morire-di-troppa-iva","status":"publish","type":"post","link":"https:\/\/blog.ilgiornale.it\/taliani\/2012\/06\/22\/morire-di-troppa-iva\/","title":{"rendered":"Morire di troppa Iva&#8230;"},"content":{"rendered":"<p>[photopress:sangalli.jpg,thumb,alignleft]Tanto tuon\u00f2 che piovve, o per usare un&#8217;altra frase fatta da &#8220;marciapiede&#8221;, piove sul bagnato. Nel senso che c&#8217;\u00e8 quasi nell&#8217;ovvio ad ascoltare prima il presidente di Confindustria, <strong>Giorgio Squinzi<\/strong> affermare che la riforma del lavoro della ministra <strong>Fornero<\/strong> \u00e8 una &#8220;boiata&#8221; poi a stretto giro, in un consesso autorevole\u00a0 come l&#8217;assemblea annuale di <a title=\"confcommercio discorso Sangalli\" href=\"http:\/\/www.confcommercio.it\/home\/\" target=\"_blank\">Confcommercio<\/a>, il presidente <strong>Carlo Sangalli<\/strong> spiegare senza giri di parole: &#8220;L&#8217;aumento dell&#8217;<strong>Iva<\/strong> sarebbe una Caporetto per famiglie, imprese, lavoro&#8221;.<\/p>\n<p>Poche parole, pesanti come pietre rivolte a <strong>Mario Monti<\/strong>, scevre da tecnicismi professorali e lontane dal politichese. Un&#8217;avvertimento al premier bocconiano che suona come una bocciatura di scelte che &#8211; come ha ricordato Sangalli &#8211; si vorrebbero prendere nel momento in cui la pressione fiscale arriva al 55%. Gi\u00e0, perch\u00e9 in autunno, dopo un primo giro di aumento dell&#8217;Iva ci sar\u00e0 il secondo&#8230; ovviamente sotto forma di tassa trasversale. Con tutti i ben conosciuti effetti negativi e recessivi sull&#8217;economia, aumento bis dell&#8217;Iva che arriverebbe prima del pagamento della seconda rata dell&#8217;Imu e degli antivipi Irpef. Un prelievo quello effettuato con l&#8217;aumento dell&#8217;Iva\u00a0 che in soldoni \u00e8 stimato tra il 2011 e il 2014, ben <strong>38 miliardi di euro in minori consumi<\/strong>. E se si tiene conto che ormai la capacit\u00e0 di spesa delle famiglie italiane \u00e8 retrocessa ai livelli di 15 anni fa, ecco spiegato l&#8217;uso appropriato fatto da Sangalli evocando Caporetto&#8230; Evidentemente non sono bastate le avvisaglie negative (previste) arrivate dal <strong>mercato immobiliare<\/strong> che, per l&#8217;effetto combinato crisi &#8211; mutui &#8211; Imu &#8211; meno soldi in tasca &#8211; nel primi tre mesi dell&#8217;anno \u00e8 crollato: sia in termini di compravendite che di valore (abitazioni quasi il 20% in meno). O il crollo del 10% dei consumi di <strong>carburante<\/strong> dopo i ripetuti aumenti di accise&#8230; Vogliamo chiamarlo effetto tasse?<\/p>\n<p>Bene ha fatto il presidente di <strong>Confcommercio<\/strong> a mettere sul piatto della politica e sul tavolo del governo (ammesso che un tavolo davvero ci sia) la &#8220;questioncella&#8221; perch\u00e9 a furia di tassare, con i consumi interni in calo, il gettito dell&#8217;Iva si sta riducendo sensibilmente. Chiss\u00e0 se il <em>Tassator Cortese<\/em> ha recepito il messaggio o se pacatamente e sobriamente assisteremo ad altri slalom dialettici, alle marce indietro e in avanti, ai contrordine compagni cui ultimamente premier e ministri si stanno dedicando appassionatamente&#8230; (il ministro Passera giura di s\u00ec). E chiss\u00e0 se il messaggio verr\u00e0 recepito anche da quei sindaci che sulle <strong>tasse locali<\/strong> stanno calcando la mano colpendo i soliti noti: dalle famiglie ai negozi alle botteghe, alle imprese.\u00a0 Per ora la politica del &#8220;<strong>pi\u00f9 tasse pi\u00f9 spesa<\/strong>&#8221; inaugurata con continuit\u00e0 dall&#8217;entrata in funzione delle Regioni, pare non sia ancora tramontata e che da questo punto di vista la Prima Repubblica non sia mai veramente defunta&#8230;<br \/>\nE l&#8217;Istat rileva\u00a0 che la <strong>fiducia dei consumatori<\/strong> a giugno ha toccato il livello minimo: l&#8217;indice \u00e8 sceso da 86,5 a 85,3, <strong>il livello pi\u00f9 basso dall\u2019inizio delle serie storiche nel gennaio 1996<\/strong>.\u00a0 Il clima economico generale scende in misura marcata (da 64,2 a 59,7), mentre il clima personale segna una lieve diminuzione (da 95,2 a 94,8). Risultano in calo sia l\u2019indicatore riferito al clima futuro (da 75,7 a 72,9), sia, in misura minore, quello della situazione corrente (da 96,4 a 95,5).<br \/>\nL&#8217;economista <strong>Vilfredo Pareto<\/strong> ammoniva: &#8220;La spoliazione non incontra spesso una resistenza molto efficace da parte degli spogliati; ci\u00f2 che finisce talvolta per arrestarla \u00e8 la distruzione di ricchezza che ne consegue e che pu\u00f2 portare la rovina del paese. La storia ci insegna che pi\u00f9 di una volta la spoliazione ha finito con l\u2019uccidere la gallina dalle uova d\u2019oro&#8221;.<br \/>\nSar\u00e0 davvero cos\u00ec? E si ci dovesse essere una &#8220;Caporetto&#8221;, cosa che ovviamente non mi auguro, chi reciter\u00e0 la parte del generale Diaz, quello della Vittoria?<\/p>\n<p>Come rileva l&#8217;Istat, ad aprile i consumi sono crollati del 6,8%, ai livelli del 2001: <a href=\"https:\/\/www.ilgiornale.it\/interni\/crisi_vendite_ferme_2001aprile_nero_negozietticalano_persino_discount\/crisi_finanziaria-vendite_dettaglio-istat\/26-06-2012\/articolo-id=594213-page=0-comments=1\" target=\"_blank\">leggi<\/a><\/p>\n<p>&nbsp;<\/p>\n","protected":false},"excerpt":{"rendered":"<p><p>[photopress:sangalli.jpg,thumb,alignleft]Tanto tuon\u00f2 che piovve, o per usare un&#8217;altra frase fatta da &#8220;marciapiede&#8221;, piove sul bagnato. Nel senso che c&#8217;\u00e8 quasi nell&#8217;ovvio ad ascoltare prima il presidente di Confindustria, Giorgio Squinzi affermare che la riforma del lavoro della ministra Fornero \u00e8 una &#8220;boiata&#8221; poi a stretto giro, in un consesso autorevole\u00a0 come l&#8217;assemblea annuale di Confcommercio, il presidente Carlo Sangalli spiegare senza giri di parole: &#8220;L&#8217;aumento dell&#8217;Iva sarebbe una Caporetto per famiglie, imprese, lavoro&#8221;. Poche parole, pesanti come pietre rivolte a Mario Monti, scevre da tecnicismi professorali e lontane dal politichese. Un&#8217;avvertimento al premier bocconiano che suona come una bocciatura di [&hellip;]<\/p>\n&nbsp;&nbsp;<div class=\"readmore\"><a href=\"https:\/\/blog.ilgiornale.it\/taliani\/2012\/06\/22\/morire-di-troppa-iva\/\">Continua a leggere...<\/a><\/div><\/p>","protected":false},"author":7,"featured_media":0,"comment_status":"open","ping_status":"closed","sticky":false,"template":"","format":"standard","meta":[],"categories":[43,64],"tags":[7179,3819,11792,11786,11794,11793,11787,197,11709,6915,11789,3818,5752,11791,102,9208,11790],"_links":{"self":[{"href":"https:\/\/blog.ilgiornale.it\/taliani\/wp-json\/wp\/v2\/posts\/978"}],"collection":[{"href":"https:\/\/blog.ilgiornale.it\/taliani\/wp-json\/wp\/v2\/posts"}],"about":[{"href":"https:\/\/blog.ilgiornale.it\/taliani\/wp-json\/wp\/v2\/types\/post"}],"author":[{"embeddable":true,"href":"https:\/\/blog.ilgiornale.it\/taliani\/wp-json\/wp\/v2\/users\/7"}],"replies":[{"embeddable":true,"href":"https:\/\/blog.ilgiornale.it\/taliani\/wp-json\/wp\/v2\/comments?post=978"}],"version-history":[{"count":11,"href":"https:\/\/blog.ilgiornale.it\/taliani\/wp-json\/wp\/v2\/posts\/978\/revisions"}],"predecessor-version":[{"id":989,"href":"https:\/\/blog.ilgiornale.it\/taliani\/wp-json\/wp\/v2\/posts\/978\/revisions\/989"}],"wp:attachment":[{"href":"https:\/\/blog.ilgiornale.it\/taliani\/wp-json\/wp\/v2\/media?parent=978"}],"wp:term":[{"taxonomy":"category","embeddable":true,"href":"https:\/\/blog.ilgiornale.it\/taliani\/wp-json\/wp\/v2\/categories?post=978"},{"taxonomy":"post_tag","embeddable":true,"href":"https:\/\/blog.ilgiornale.it\/taliani\/wp-json\/wp\/v2\/tags?post=978"}],"curies":[{"name":"wp","href":"https:\/\/api.w.org\/{rel}","templated":true}]}}