{"id":5482,"date":"2026-04-29T17:09:52","date_gmt":"2026-04-29T15:09:52","guid":{"rendered":"https:\/\/blog.ilgiornale.it\/trading\/?p=5482"},"modified":"2026-04-29T17:10:24","modified_gmt":"2026-04-29T15:10:24","slug":"il-mercato-ha-paura-meno-di-prima-ma-guai-a-fidarsi-troppo","status":"publish","type":"post","link":"https:\/\/blog.ilgiornale.it\/trading\/2026\/04\/29\/il-mercato-ha-paura-meno-di-prima-ma-guai-a-fidarsi-troppo\/","title":{"rendered":"Il mercato ha paura? Meno di prima. Ma guai a fidarsi troppo"},"content":{"rendered":"<p>Il grafico mostra un dato molto interessante: il\u00a0<strong>VVIX<\/strong>, cio\u00e8 l\u2019indice che misura la\u00a0<strong>volatilit\u00e0 della volatilit\u00e0<\/strong>, \u00e8 sceso per\u00a0<strong>cinque sedute consecutive<\/strong>. Da ricordare anche che oggi \u00e8 il giorno della Fed.<\/p>\n<p><a href=\"https:\/\/blog.ilgiornale.it\/trading\/files\/2026\/04\/EQ-260429051-BRDR.png\"><img loading=\"lazy\" class=\"alignnone size-full wp-image-5483\" src=\"https:\/\/blog.ilgiornale.it\/trading\/files\/2026\/04\/EQ-260429051-BRDR.png\" alt=\"\" width=\"564\" height=\"432\" srcset=\"https:\/\/blog.ilgiornale.it\/trading\/files\/2026\/04\/EQ-260429051-BRDR.png 564w, https:\/\/blog.ilgiornale.it\/trading\/files\/2026\/04\/EQ-260429051-BRDR-300x230.png 300w\" sizes=\"(max-width: 564px) 100vw, 564px\" \/><\/a><\/p>\n<p>Detta in parole povere: non sta calando solo la tensione sui mercati, ma si sta riducendo anche la paura della paura. Ed \u00e8 un passaggio importante, perch\u00e9 il VVIX \u00e8 uno di quegli indicatori che spesso anticipano il tono emotivo degli operatori pi\u00f9 sofisticati.<\/p>\n<p style=\"text-align: center\">LEGGI IN PROVA LOMBARDREPORT.COM: <a href=\"https:\/\/www.lombardreport.com\/registrazione\/\">CLICCA QUI<\/a><\/p>\n<p>Quando il VVIX scende, il messaggio \u00e8 chiaro: gli operatori sulle opzioni stanno pagando meno per proteggersi da movimenti violenti del VIX. Quindi, almeno nel brevissimo termine, il mercato percepisce un rischio pi\u00f9 contenuto e un quadro pi\u00f9 ordinato.<\/p>\n<p>Ma attenzione: non \u00e8 il momento di addormentarsi.<\/p>\n<p>Un VVIX in discesa \u00e8 certamente un segnale di\u00a0<strong>normalizzazione<\/strong>, ma pu\u00f2 anche diventare il classico campanello che precede l\u2019eccesso di tranquillit\u00e0. E in Borsa, si sa, quando tutti si rilassano troppo spesso arriva lo scossone.<\/p>\n<p style=\"text-align: center\">LEGGI IN PROVA LOMBARDREPORT.COM: <a href=\"https:\/\/www.lombardreport.com\/registrazione\/\">CLICCA QUI<\/a><\/p>\n<p>Il punto vero \u00e8 questo:\u00a0<strong>meno panico<\/strong>\u00a0nel breve,\u00a0<strong>sentiment in miglioramento<\/strong>, ma anche rischio che il mercato si sieda su una calma solo apparente.<\/p>\n<p>In sintesi, il segnale \u00e8 positivo per i listini, perch\u00e9 conferma un clima pi\u00f9 disteso. Per\u00f2 chi investe seriamente sa che la volatilit\u00e0 non sparisce:\u00a0<strong>si addormenta, e poi si risveglia quando meno te l\u2019aspetti<\/strong>.<\/p>\n<p style=\"text-align: center\">LEGGI IN PROVA LOMBARDREPORT.COM: <a href=\"https:\/\/www.lombardreport.com\/registrazione\/\">CLICCA QUI<\/a><\/p>\n","protected":false},"excerpt":{"rendered":"<p><p>Il grafico mostra un dato molto interessante: il\u00a0VVIX, cio\u00e8 l\u2019indice che misura la\u00a0volatilit\u00e0 della volatilit\u00e0, \u00e8 sceso per\u00a0cinque sedute consecutive. Da ricordare anche che oggi \u00e8 il giorno della Fed. Detta in parole povere: non sta calando solo la tensione sui mercati, ma si sta riducendo anche la paura della paura. Ed \u00e8 un passaggio importante, perch\u00e9 il VVIX \u00e8 uno di quegli indicatori che spesso anticipano il tono emotivo degli operatori pi\u00f9 sofisticati. LEGGI IN PROVA LOMBARDREPORT.COM: CLICCA QUI Quando il VVIX scende, il messaggio \u00e8 chiaro: gli operatori sulle opzioni stanno pagando meno per proteggersi da movimenti violenti [&hellip;]<\/p>\n&nbsp;&nbsp;<div class=\"readmore\"><a href=\"https:\/\/blog.ilgiornale.it\/trading\/2026\/04\/29\/il-mercato-ha-paura-meno-di-prima-ma-guai-a-fidarsi-troppo\/\">Continua a leggere...<\/a><\/div><\/p>","protected":false},"author":1075,"featured_media":0,"comment_status":"open","ping_status":"closed","sticky":false,"template":"","format":"standard","meta":[],"categories":[164225],"tags":[],"_links":{"self":[{"href":"https:\/\/blog.ilgiornale.it\/trading\/wp-json\/wp\/v2\/posts\/5482"}],"collection":[{"href":"https:\/\/blog.ilgiornale.it\/trading\/wp-json\/wp\/v2\/posts"}],"about":[{"href":"https:\/\/blog.ilgiornale.it\/trading\/wp-json\/wp\/v2\/types\/post"}],"author":[{"embeddable":true,"href":"https:\/\/blog.ilgiornale.it\/trading\/wp-json\/wp\/v2\/users\/1075"}],"replies":[{"embeddable":true,"href":"https:\/\/blog.ilgiornale.it\/trading\/wp-json\/wp\/v2\/comments?post=5482"}],"version-history":[{"count":2,"href":"https:\/\/blog.ilgiornale.it\/trading\/wp-json\/wp\/v2\/posts\/5482\/revisions"}],"predecessor-version":[{"id":5485,"href":"https:\/\/blog.ilgiornale.it\/trading\/wp-json\/wp\/v2\/posts\/5482\/revisions\/5485"}],"wp:attachment":[{"href":"https:\/\/blog.ilgiornale.it\/trading\/wp-json\/wp\/v2\/media?parent=5482"}],"wp:term":[{"taxonomy":"category","embeddable":true,"href":"https:\/\/blog.ilgiornale.it\/trading\/wp-json\/wp\/v2\/categories?post=5482"},{"taxonomy":"post_tag","embeddable":true,"href":"https:\/\/blog.ilgiornale.it\/trading\/wp-json\/wp\/v2\/tags?post=5482"}],"curies":[{"name":"wp","href":"https:\/\/api.w.org\/{rel}","templated":true}]}}