{"id":140,"date":"2018-09-01T18:28:56","date_gmt":"2018-09-01T16:28:56","guid":{"rendered":"https:\/\/blog.ilgiornale.it\/valle\/?p=140"},"modified":"2018-09-02T13:35:25","modified_gmt":"2018-09-02T11:35:25","slug":"un-piano-per-lafrica-prima-che-sia-troppo-tardi","status":"publish","type":"post","link":"https:\/\/blog.ilgiornale.it\/valle\/2018\/09\/01\/un-piano-per-lafrica-prima-che-sia-troppo-tardi\/","title":{"rendered":"Un piano per l&#8217;Africa. Prima che sia troppo tardi"},"content":{"rendered":"<p>In questa stramba estate trascorsa tra porti prima chiusi e poi aperti, ministri \u201ccattivisti\u201d ed ex ministri \u201cbuonisti\u201d, politici guasconi e pessimi magistrati, rare sono state le voci ragionanti. Certo, gridare, rumoreggiare, insultare, semplificare piuttosto che riflettere e analizzare un fenomeno epocale come le migrazioni africane \u00e8 sicuramente pi\u00f9 facile e, sull\u2019immediato, pagante. A destra come a sinistra. Da qui le strampalate kermesse sinistrose di Catania e Milano o le \u201cgrida\u201d (ricordate Manzoni?) governative e le boutades \u201cnavaliste\u201d di certi destrosi ignari di ogni nozione di Diritto del mare.<\/p>\n<p>Eppure in questo tsunami di sciocchezze e banalit\u00e0 si scorge anche qualche pensiero lungo. Anche in luoghi impensati e da personaggi imprevisti. \u00c8 il caso, per esempio, del Corrierone dello scorso 11 agosto. Quel giorno il quotidiano di Urbano Cairo ha pubblicato due interventi decisamente interessanti. Il primo \u00e8 l\u2019intervista a padre Alex Zanotelli, un vecchio missionario comboniano che dopo decenni passati nell\u2019Africa pi\u00f9 disperata porta avanti oggi la sua battaglia nelle zone pi\u00f9 degradate di Napoli.<\/p>\n<p>Siamo chiari. Dell\u2019ex direttore di \u201cNigrizia\u201d non condividiamo le sue visioni ireniche e il suo vetero terzomondismo ma sempre abbiamo rispettato il suo dolente cammino tra le sofferenze umane e la sua grande onest\u00e0 intellettuale. Non a caso all\u2019imbarazzato giornalista Zanotelli ha ribadito una volta di pi\u00f9 la sua dura critica all\u2019\u201dindustria della carit\u00e0\u201d, quel vasto complesso deliquenziale che da anni lucra sul traffico d\u2019uomini e donne. Il religioso \u00e8 caustico: \u00able organizzazioni umanitarie dell\u2019Onu bruciano l\u201980 per cento delle risorse per il loro mantenimento. Il personale dell\u2019Alto commissariato per i rifugiati sverna in hotel di lusso accanto ai campi profughi\u00bb.<\/p>\n<p>Zanotelli ne ha anche per gli sponsor delle Ong: \u00abgli otto uomini pi\u00f9 ricchi del pianeta, con in testa Jeff Bezos di Amazon, posseggono quanto 3,6 miliardi di poveri e fanno tanta carit\u00e0, a condizione che non si tocchi il sistema\u00bb. Sul sistema italiano l\u2019anziano comboniano \u00e8 chiaro: \u00abcontesto questo tipo d\u2019accoglienza. \u00c8 un business. Come quello degli hotel decrepiti riaperti per i richiedenti asilo a Napoli\u00bb. Parole su cui certi vescovi (e non solo loro&#8230;) dovrebbero meditare.<\/p>\n<p>Qualche pagina dopo un\u2019altra sorpresa. Giampaolo Silvestri, segretario generale di Avsi, \u2014 seria e importante organizzazione per la cooperazione \u2014 \u00e8 intervenuto sul \u201cPiano Marshall\u201d per l\u2019Africa, da molti considerato una chimera, un\u2019illusione. Per Silvestri il progetto \u00abnon solo \u00e8 possibile, ma \u00e8 arrivato il momento giusto per avviarlo. A condizione di spostare le risorse di pensiero e di azione che impegniamo in dialettica su altro. In primis sulla collaborazione tra tutti fondata sulla consapevolezza che il nostro Paese ha i numeri buoni, adesso, da giocare\u00bb. Aiutiamoli a casa loro, dunque senza dilapidare capitali in progetti d\u2019impossibile integrazione: \u00able risorse ci sono, anche solo mantenendo gli impegni presi dai governi precedenti sui fondi destinati alla cooperazione (0,29% del Pil nel 2017 con l&#8217;obiettivo di arrivare allo 0,30 nel 2020) e spostando i circa 500 milioni che si potranno risparmiare dal capitolo accoglienza a interventi di cooperazione nei Paesi\u00bb. E ancora, \u00absi potrebbe avviare il piano l\u00e0 dove l&#8217;Italia \u00e8 gi\u00e0 presente e conosce il contesto e nei luoghi da cui arrivano i migranti: cominciamo da Kenya, Mozambico, Uganda, Nigeria, Costa d&#8217;Avorio, Niger\u00bb.<\/p>\n<p>Ma attenzione tutto dev\u2019essere controllato e gestito in modo trasparente. Il dirigente di Avsi \u00e8 netto \u00abgli aiuti devono passare attraverso soggetti competenti in ambiti diversi e costantemente monitorati e valutati nei loro risultati effettivi. Non \u00e8 pi\u00f9 possibile pensare di consegnare fondi per lo sviluppo tramite il budget support a governi altamente esposti alla corruzione\u00bb.<\/p>\n<p>Ragionamenti importanti, validi che speriamo qualcuno nel \u201cPalazzo\u201d raccolga e interpreti. Prima che sia troppo tardi.<a href=\"https:\/\/blog.ilgiornale.it\/valle\/files\/2018\/09\/Floris_04FB-1170x945.jpg\"><img loading=\"lazy\" class=\"alignnone size-medium wp-image-141\" src=\"https:\/\/blog.ilgiornale.it\/valle\/files\/2018\/09\/Floris_04FB-1170x945-300x242.jpg\" alt=\"Floris_04FB-1170x945\" width=\"300\" height=\"242\" srcset=\"https:\/\/blog.ilgiornale.it\/valle\/files\/2018\/09\/Floris_04FB-1170x945-300x242.jpg 300w, https:\/\/blog.ilgiornale.it\/valle\/files\/2018\/09\/Floris_04FB-1170x945-1024x827.jpg 1024w, https:\/\/blog.ilgiornale.it\/valle\/files\/2018\/09\/Floris_04FB-1170x945.jpg 1170w\" sizes=\"(max-width: 300px) 100vw, 300px\" \/><\/a><\/p>\n","protected":false},"excerpt":{"rendered":"<p><p>In questa stramba estate trascorsa tra porti prima chiusi e poi aperti, ministri \u201ccattivisti\u201d ed ex ministri \u201cbuonisti\u201d, politici guasconi e pessimi magistrati, rare sono state le voci ragionanti. Certo, gridare, rumoreggiare, insultare, semplificare piuttosto che riflettere e analizzare un fenomeno epocale come le migrazioni africane \u00e8 sicuramente pi\u00f9 facile e, sull\u2019immediato, pagante. A destra come a sinistra. Da qui le strampalate kermesse sinistrose di Catania e Milano o le \u201cgrida\u201d (ricordate Manzoni?) governative e le boutades \u201cnavaliste\u201d di certi destrosi ignari di ogni nozione di Diritto del mare. Eppure in questo tsunami di sciocchezze e banalit\u00e0 si scorge anche [&hellip;]<\/p>\n&nbsp;&nbsp;<div class=\"readmore\"><a href=\"https:\/\/blog.ilgiornale.it\/valle\/2018\/09\/01\/un-piano-per-lafrica-prima-che-sia-troppo-tardi\/\">Continua a leggere...<\/a><\/div><\/p>","protected":false},"author":1097,"featured_media":141,"comment_status":"open","ping_status":"closed","sticky":false,"template":"","format":"standard","meta":[],"categories":[247],"tags":[26181,15],"_links":{"self":[{"href":"https:\/\/blog.ilgiornale.it\/valle\/wp-json\/wp\/v2\/posts\/140"}],"collection":[{"href":"https:\/\/blog.ilgiornale.it\/valle\/wp-json\/wp\/v2\/posts"}],"about":[{"href":"https:\/\/blog.ilgiornale.it\/valle\/wp-json\/wp\/v2\/types\/post"}],"author":[{"embeddable":true,"href":"https:\/\/blog.ilgiornale.it\/valle\/wp-json\/wp\/v2\/users\/1097"}],"replies":[{"embeddable":true,"href":"https:\/\/blog.ilgiornale.it\/valle\/wp-json\/wp\/v2\/comments?post=140"}],"version-history":[{"count":2,"href":"https:\/\/blog.ilgiornale.it\/valle\/wp-json\/wp\/v2\/posts\/140\/revisions"}],"predecessor-version":[{"id":143,"href":"https:\/\/blog.ilgiornale.it\/valle\/wp-json\/wp\/v2\/posts\/140\/revisions\/143"}],"wp:featuredmedia":[{"embeddable":true,"href":"https:\/\/blog.ilgiornale.it\/valle\/wp-json\/wp\/v2\/media\/141"}],"wp:attachment":[{"href":"https:\/\/blog.ilgiornale.it\/valle\/wp-json\/wp\/v2\/media?parent=140"}],"wp:term":[{"taxonomy":"category","embeddable":true,"href":"https:\/\/blog.ilgiornale.it\/valle\/wp-json\/wp\/v2\/categories?post=140"},{"taxonomy":"post_tag","embeddable":true,"href":"https:\/\/blog.ilgiornale.it\/valle\/wp-json\/wp\/v2\/tags?post=140"}],"curies":[{"name":"wp","href":"https:\/\/api.w.org\/{rel}","templated":true}]}}