{"id":1442,"date":"2017-10-09T09:45:34","date_gmt":"2017-10-09T07:45:34","guid":{"rendered":"https:\/\/blog.ilgiornale.it\/viaggiopervoi\/?p=1442"},"modified":"2017-10-09T09:45:34","modified_gmt":"2017-10-09T07:45:34","slug":"mi-sposo-in-masseria","status":"publish","type":"post","link":"https:\/\/blog.ilgiornale.it\/viaggiopervoi\/2017\/10\/09\/mi-sposo-in-masseria\/","title":{"rendered":"Mi sposo in Masseria"},"content":{"rendered":"<p>Una distesa sconfinata di ulivi dai riflessi argentei a soli tre chilometri dal mare nell\u2019entroterra di Savelletri di Fasano, in provincia di Brindisi. E una masseria storica costruita nel 1600 dal Principe di Carbonelli, la<a title=\"Masseria San Nicola\" href=\"http:\/\/www.masseriasannicolasavelletri.com\"> <strong>Masseria San Nicola<\/strong><\/a>, dall\u2019Ottocento <strong>residenza di vacanza della famiglia Camicia<\/strong> originaria di <strong>Monopoli,<\/strong> ancora sua attuale proprietaria. Eccomi arrivata in un luogo non comune. Non un hotel, non un resort, ma l\u2019autentica residenza di una famiglia che, negli anni Novanta, ha deciso di creare nelle antiche dipendenze dimore per ospitare gli amici. \u201cQuesto desiderio di <strong>condividere la nostra casa con gli amici<\/strong> pi\u00f9 cari \u00e8 lo spirito che abbiamo voluto conservare quando abbiamo deciso sei anni fa di aprire la masseria agli ospiti esterni\u201d spiega <strong>Silvia Camicia<\/strong> che, con la <strong>figlia Francesca<\/strong>, si dedica da anni alla struttura. Laddove un tempo abitava il massaro, ci sono oggi quattro abitazioni con cucina che dispongono di <strong>una piscina loro riservata<\/strong>. Possono essere affittate singolarmente anche per brevi periodi.<\/p>\n<p><a href=\"https:\/\/blog.ilgiornale.it\/viaggiopervoi\/files\/2017\/10\/img-per-cartaceo-copia.jpg\"><img loading=\"lazy\" class=\"alignnone  wp-image-1449\" src=\"https:\/\/blog.ilgiornale.it\/viaggiopervoi\/files\/2017\/10\/img-per-cartaceo-copia-300x200.jpg\" alt=\"img per cartaceo copia\" width=\"584\" height=\"389\" srcset=\"https:\/\/blog.ilgiornale.it\/viaggiopervoi\/files\/2017\/10\/img-per-cartaceo-copia-300x200.jpg 300w, https:\/\/blog.ilgiornale.it\/viaggiopervoi\/files\/2017\/10\/img-per-cartaceo-copia-1024x683.jpg 1024w\" sizes=\"(max-width: 584px) 100vw, 584px\" \/><\/a><\/p>\n<p>&nbsp;<\/p>\n<p>Nella casa padronale sono state invece ristrutturate <strong>sei camere eleganti<\/strong>, ognuna con bagno, e vengono affittate insieme agli spazi padronali, <strong>piscina riservata inclusa<\/strong>. A disposizione c\u2019\u00e8 il personale della masseria: <strong>Madia, la cuoca<\/strong>, che mi fa trovare in camera una crostata profumatissima, <strong>Antonella <\/strong>il suo braccio destro, e <strong>Piero<\/strong>, preziosissimo tuttofare che \u00e8 nella propriet\u00e0 da quarant\u2019 anni. In masseria Madia cucina e svela volentieri i suoi segreti: scopro cos\u00ec come fare <strong>orecchiette e panzerotti<\/strong> gustosissimi, e in questa atmosfera quasi di altri tempi, chiedo anche di sperimentare un massaggio nel\u00a0 <strong>frantoio ipogeo<\/strong> che, insieme alle antiche stalle, \u00e8 stato recuperato dopo un\u2019attenta ristrutturazione. A disposizione degli ospiti ci sono le <strong>biciclette<\/strong> e mi diverto a pedalare tra le stradine che si snodano in questo mare di <strong>ulivi<\/strong> nodosi e plastici come <strong>sculture<\/strong> modellate dalla forza del tempo. Visitare <strong>Alberobello, Ostuni, Locorotondo e la Selva di Fasano<\/strong> \u00e8 facilissimo perch\u00e9 qui basta chiedere e tutto viene organizzato in base ai propri desideri.<\/p>\n<p><a href=\"https:\/\/blog.ilgiornale.it\/viaggiopervoi\/files\/2017\/10\/copertina-copia.jpg\"><img loading=\"lazy\" class=\"alignnone  wp-image-1443\" src=\"https:\/\/blog.ilgiornale.it\/viaggiopervoi\/files\/2017\/10\/copertina-copia-300x200.jpg\" alt=\"copertina copia\" width=\"586\" height=\"390\" srcset=\"https:\/\/blog.ilgiornale.it\/viaggiopervoi\/files\/2017\/10\/copertina-copia-300x200.jpg 300w, https:\/\/blog.ilgiornale.it\/viaggiopervoi\/files\/2017\/10\/copertina-copia-1024x683.jpg 1024w\" sizes=\"(max-width: 586px) 100vw, 586px\" \/><\/a><\/p>\n<p>&nbsp;<\/p>\n<p>Madia mi racconta di stupendi matrimoni, di serate festose illuminate da mille luci attorno alla piscina \u00a0e, chiudendo gli occhi, immagino nuvole di tulle e pizzi, sorrisi e brindisi sotto questo cielo stellato di <strong>Puglia<\/strong>. \u201cAbbiamo organizzato il primo <strong>matrimonio <\/strong>nel 2011 e fu subito un grande successo\u201d mi conferma <strong>Silvia Camicia<\/strong>. \u201cLe richieste sono sempre cresciute tanto che l\u2019anno scorso venti coppie hanno scelto la masseria per il loro giorno pi\u00f9 bello e quest\u2019anno sono di pi\u00f9\u201d. Canadesi, australiani che si sono innamorati della masseria a prima vista su internet, ma anche tanti italiani. Con la possibilit\u00e0 di rimanere qualche giorno con gli ospiti pi\u00f9 intimi (in totale la propriet\u00e0 dispone di 27 posti letto). Seguiti in ogni passo da <strong>Francesca Camicia, wedding consultant<\/strong>: dal catering super selezionato a ogni dettaglio sempre studiato con la massima attenzione. \u201cCi occupiamo dei matrimoni con lo stesso trasporto che riserveremmo a una <strong>festa in famiglia<\/strong>\u201d sottolinea Silvia. \u201cVado a <strong>Grottaglie<\/strong> per selezionare le ceramiche pi\u00f9 belle e i pumi pi\u00f9 suggestivi. In questi frangenti la sposa diventa una figlia e le riservo la stessa attenzione\u201d. Penso tra me a come sono fortunate queste spose vista la classe di Silvia e Francesca, \u201cAbbiamo anche provveduto a organizzare gli spazi per il piano B in caso di pioggia: le antiche stalle e il frantoio sono stati ristrutturati e divenuti ambienti di grande fascino\u201d sottolinea.<\/p>\n<p><a href=\"https:\/\/blog.ilgiornale.it\/viaggiopervoi\/files\/2017\/10\/IMG_0621-copia.jpg\"><img loading=\"lazy\" class=\"alignnone  wp-image-1444\" src=\"https:\/\/blog.ilgiornale.it\/viaggiopervoi\/files\/2017\/10\/IMG_0621-copia-300x200.jpg\" alt=\"IMG_0621 copia\" width=\"593\" height=\"395\" srcset=\"https:\/\/blog.ilgiornale.it\/viaggiopervoi\/files\/2017\/10\/IMG_0621-copia-300x200.jpg 300w, https:\/\/blog.ilgiornale.it\/viaggiopervoi\/files\/2017\/10\/IMG_0621-copia-1024x683.jpg 1024w\" sizes=\"(max-width: 593px) 100vw, 593px\" \/><\/a><\/p>\n<p>&nbsp;<\/p>\n<p><a href=\"https:\/\/blog.ilgiornale.it\/viaggiopervoi\/files\/2017\/10\/IMG_6983-copia.jpg\"><img loading=\"lazy\" class=\"alignnone  wp-image-1445\" src=\"https:\/\/blog.ilgiornale.it\/viaggiopervoi\/files\/2017\/10\/IMG_6983-copia-300x200.jpg\" alt=\"IMG_6983 copia\" width=\"591\" height=\"394\" srcset=\"https:\/\/blog.ilgiornale.it\/viaggiopervoi\/files\/2017\/10\/IMG_6983-copia-300x200.jpg 300w, https:\/\/blog.ilgiornale.it\/viaggiopervoi\/files\/2017\/10\/IMG_6983-copia-1024x683.jpg 1024w\" sizes=\"(max-width: 591px) 100vw, 591px\" \/><\/a><\/p>\n<p>&nbsp;<\/p>\n<p>Ecco cosa rende tutto ci\u00f2 <strong>cos\u00ec speciale<\/strong>: l\u2019amore che generazioni di persone hanno riservato alla masseria continua nella <strong>passione<\/strong> di queste due donne e nel loro <strong>coraggio<\/strong> a mantenere <strong>autentica l\u2019accoglienza<\/strong> della casa in ogni evento che la riguarda. Un prezioso punto di equilibrio tra <strong>eleganza, esclusivit\u00e0 e calore<\/strong>. Con tutto lo stile di una famiglia importante. \u201cIn realt\u00e0 dovrei anche sposarmi il prossimo anno\u201d penso. E continuo a sognare. Ma anche senza pensare al matrimonio, ascolto con interesse e un pizzico di buona invidia il racconto di un gruppo di amici che la scorsa estate ha affittato la casa padronale per due settimane e che \u00e8 stato tanto bene da cenare sempre in masseria. Non faccio fatica a crederlo dopo aver assaggiato le <strong>orecchiette<\/strong> di Madia. Chiss\u00e0 se la prossima volta saranno<strong> confetti<\/strong>.<\/p>\n<p><a href=\"https:\/\/blog.ilgiornale.it\/viaggiopervoi\/files\/2017\/10\/IMG_2189-copia.jpg\"><img loading=\"lazy\" class=\"alignnone  wp-image-1446\" src=\"https:\/\/blog.ilgiornale.it\/viaggiopervoi\/files\/2017\/10\/IMG_2189-copia-300x200.jpg\" alt=\"IMG_2189 copia\" width=\"590\" height=\"393\" srcset=\"https:\/\/blog.ilgiornale.it\/viaggiopervoi\/files\/2017\/10\/IMG_2189-copia-300x200.jpg 300w, https:\/\/blog.ilgiornale.it\/viaggiopervoi\/files\/2017\/10\/IMG_2189-copia-1024x683.jpg 1024w\" sizes=\"(max-width: 590px) 100vw, 590px\" \/><\/a><\/p>\n<p>&nbsp;<\/p>\n<p><strong>\u00a0Elena Pizzetti<\/strong><\/p>\n<p><strong>@ElenaEpizzet<\/strong><\/p>\n","protected":false},"excerpt":{"rendered":"<p><p>Una distesa sconfinata di ulivi dai riflessi argentei a soli tre chilometri dal mare nell\u2019entroterra di Savelletri di Fasano, in provincia di Brindisi. E una masseria storica costruita nel 1600 dal Principe di Carbonelli, la Masseria San Nicola, dall\u2019Ottocento residenza di vacanza della famiglia Camicia originaria di Monopoli, ancora sua attuale proprietaria. Eccomi arrivata in un luogo non comune. Non un hotel, non un resort, ma l\u2019autentica residenza di una famiglia che, negli anni Novanta, ha deciso di creare nelle antiche dipendenze dimore per ospitare gli amici. \u201cQuesto desiderio di condividere la nostra casa con gli amici pi\u00f9 cari \u00e8 [&hellip;]<\/p>\n&nbsp;&nbsp;<div class=\"readmore\"><a href=\"https:\/\/blog.ilgiornale.it\/viaggiopervoi\/2017\/10\/09\/mi-sposo-in-masseria\/\">Continua a leggere...<\/a><\/div><\/p>","protected":false},"author":1089,"featured_media":1447,"comment_status":"open","ping_status":"closed","sticky":false,"template":"","format":"standard","meta":[],"categories":[26,80375],"tags":[219935,246520,4666,246523,342369],"_links":{"self":[{"href":"https:\/\/blog.ilgiornale.it\/viaggiopervoi\/wp-json\/wp\/v2\/posts\/1442"}],"collection":[{"href":"https:\/\/blog.ilgiornale.it\/viaggiopervoi\/wp-json\/wp\/v2\/posts"}],"about":[{"href":"https:\/\/blog.ilgiornale.it\/viaggiopervoi\/wp-json\/wp\/v2\/types\/post"}],"author":[{"embeddable":true,"href":"https:\/\/blog.ilgiornale.it\/viaggiopervoi\/wp-json\/wp\/v2\/users\/1089"}],"replies":[{"embeddable":true,"href":"https:\/\/blog.ilgiornale.it\/viaggiopervoi\/wp-json\/wp\/v2\/comments?post=1442"}],"version-history":[{"count":4,"href":"https:\/\/blog.ilgiornale.it\/viaggiopervoi\/wp-json\/wp\/v2\/posts\/1442\/revisions"}],"predecessor-version":[{"id":1452,"href":"https:\/\/blog.ilgiornale.it\/viaggiopervoi\/wp-json\/wp\/v2\/posts\/1442\/revisions\/1452"}],"wp:featuredmedia":[{"embeddable":true,"href":"https:\/\/blog.ilgiornale.it\/viaggiopervoi\/wp-json\/wp\/v2\/media\/1447"}],"wp:attachment":[{"href":"https:\/\/blog.ilgiornale.it\/viaggiopervoi\/wp-json\/wp\/v2\/media?parent=1442"}],"wp:term":[{"taxonomy":"category","embeddable":true,"href":"https:\/\/blog.ilgiornale.it\/viaggiopervoi\/wp-json\/wp\/v2\/categories?post=1442"},{"taxonomy":"post_tag","embeddable":true,"href":"https:\/\/blog.ilgiornale.it\/viaggiopervoi\/wp-json\/wp\/v2\/tags?post=1442"}],"curies":[{"name":"wp","href":"https:\/\/api.w.org\/{rel}","templated":true}]}}