{"id":2308,"date":"2022-01-07T17:49:59","date_gmt":"2022-01-07T16:49:59","guid":{"rendered":"https:\/\/blog.ilgiornale.it\/viaggiopervoi\/?p=2308"},"modified":"2022-01-07T17:49:59","modified_gmt":"2022-01-07T16:49:59","slug":"riscoprire-milano","status":"publish","type":"post","link":"https:\/\/blog.ilgiornale.it\/viaggiopervoi\/2022\/01\/07\/riscoprire-milano\/","title":{"rendered":"Riscoprire Milano"},"content":{"rendered":"<p>&nbsp;<\/p>\n<p><strong>Sant\u2019Eustorgio, vale da sola una visita a Milano<\/strong><\/p>\n<p>&nbsp;<\/p>\n<p><a href=\"https:\/\/blog.ilgiornale.it\/viaggiopervoi\/files\/2022\/01\/Tomba_dei_Magi-scaled.jpeg\"><img loading=\"lazy\" class=\"alignnone  wp-image-2309\" src=\"https:\/\/blog.ilgiornale.it\/viaggiopervoi\/files\/2022\/01\/Tomba_dei_Magi-300x200.jpeg\" alt=\"\" width=\"702\" height=\"468\" srcset=\"https:\/\/blog.ilgiornale.it\/viaggiopervoi\/files\/2022\/01\/Tomba_dei_Magi-300x200.jpeg 300w, https:\/\/blog.ilgiornale.it\/viaggiopervoi\/files\/2022\/01\/Tomba_dei_Magi-1024x683.jpeg 1024w, https:\/\/blog.ilgiornale.it\/viaggiopervoi\/files\/2022\/01\/Tomba_dei_Magi-768x513.jpeg 768w, https:\/\/blog.ilgiornale.it\/viaggiopervoi\/files\/2022\/01\/Tomba_dei_Magi-1536x1025.jpeg 1536w, https:\/\/blog.ilgiornale.it\/viaggiopervoi\/files\/2022\/01\/Tomba_dei_Magi-2048x1367.jpeg 2048w\" sizes=\"(max-width: 702px) 100vw, 702px\" \/><\/a><\/p>\n<p>&nbsp;<\/p>\n<p><strong>Di Pigi Arcidiacono<\/strong><\/p>\n<p>Tutte le feste le porta via, si sa: \u00e8 l\u2019Epifania. Per\u00f2, in quel giorno accade qualcosa di veramente magico: nelle case dei cristiani, dove, secondo la tradizione a sant\u2019Ambrogio si \u00e8 preparato il Presepe, i tre Re Magi che il 24 dicembre notte erano stati posti su una libreria lontana dalle altre statuine, dopo avere volato da un mobile all\u2019altro, sono arrivati, finalmente (prima sul Presepe) e proprio il 6 gennaio, davanti alla capanna di Ges\u00f9 Bambino. Perfetto.<\/p>\n<p>&nbsp;<\/p>\n<p>Ora, per\u00f2, ascoltateci bene (cio\u00e8, cercate di credere in quanto state per leggere)&#8230; Mai come in questo caso, in una sola chiesa si raccolgo cos\u00ec \u201ctante\u201d meraviglie. La chiesa \u00e8 la basilica di Sant\u2019Eustorgio, a Milano, che sorge nell\u2019omonima piazza. Se un sito cos\u00ec sorgesse in qualsiasi altra localit\u00e0 d\u2019Italia o d\u2019Europa ne farebbe la ricchezza della popolazione locale.<\/p>\n<p>&nbsp;<\/p>\n<p>Iniziamo proprio dai tre ricchi adoratori di Ges\u00f9. Secondo la tradizione l\u2019origine \u00e8 circa del 344. Fu l\u2019Imperatore Costante I che fece a Sant\u2019Eustorgio uno splendido regalo: un grande sarcofago costruito in pietra con, all\u2019interno, le reliquie dei Re Magi. Quest\u2019arca proveniva da Costantinopoli, dalla Basilica di Santa Sofia. L\u00ec, li aveva inumati la migliore archeologa che il Cristianesimo abbia mai avuto: l\u2019Imperatrice Sant\u2019Elena.<\/p>\n<p>&nbsp;<\/p>\n<p>\u00c8 davvero difficile, in questa chiesa, camminare sino all\u2019altare e, quindi, sino a contemplare da vicino il grande crocifisso, senza sentirsi gi\u00e0 coinvolti dall\u2019osservazione delle navate e, da lontano, della Ancona della Passione, davvero monumentale realizzata (dal 1395 al 1402\u00a0) su desiderio di Gian Galeazzo Visconti, conosciuto come il\u00a0Conte di Virt\u00f9.<\/p>\n<p>&nbsp;<\/p>\n<p>Nella basilica alcuni scavi avvenuti negli Anni Cinquanta e Sessanta del secolo scorso scoprirono lapidi, vasi e frammenti di sepolture, questo, oggi \u00e8 detto \u201cCimitero paleocristiano\u201d ed \u00e8 l\u2019indubbia testimonianza di quanto siano antiche le pratiche di culto che avvenivano nell\u2019area cimiteriale della basilica.<\/p>\n<p>&nbsp;<\/p>\n<p>Una statua in pietra di Sant\u2019Eustorgio si trova nella \u201cSala Capitolare dell\u2019ex convento domenicano\u201d. La statua risale alla fine del XIII secolo. Molte le reliquie e gli oggetti votivi nella \u201cSacrestia monumentale\u201d.<\/p>\n<p>&nbsp;<\/p>\n<h4>Cripta e Cappellina degli Angeli &#8211; I resti di una primitiva aula basilicale paleocristiana, si possono vedere sotto il livello del pavimento vicino alla zona absidale<\/h4>\n<p>&nbsp;<\/p>\n<p>Si arriva cos\u00ec alla Cappella Portinari\u00a0dove vi desideriamo condurre e, qui, troviamo l\u2019Arca di San Pietro.<\/p>\n<p>&nbsp;<\/p>\n<p>I lavori di costruzione iniziarono nel 1462, su desiderio di\u00a0 Pigello Portinari, il cui desiderio era\u00a0 ospitare la reliquia del Santo domenicano Pietro da Verona. Lo stesso Portinari vi fu sepolto nel 1468 e la sua lapide (al centro della cappella) fu visibile sino al 1736, data in cui, nella cappella, venne trasferita l\u2019arca trecentesca scolpita da Giovanni di Balduccio da Pisa. Che sia opera sua \u00e8 confermato dalla scritta sul sarcofago:<\/p>\n<p>MAGISTER IOANNES BALDUCII DE PISIS SCULPSIT HANC ARCAM ANNO DOMINI MCCCXXXVIIII<\/p>\n<p>&nbsp;<\/p>\n<p>L\u2019arca era stata commissionata dai Domenicani per ospitare i resti di San Pietro Martire, che erano conservati nella chiesa dal 1252. Il monumento si trovava, prima, nella quinta campata a sinistra.<\/p>\n<p>&nbsp;<\/p>\n<h4>Moderno l\u2019Organo a canne (Balbiani Vegezzi-Bossi) realizzato nel 1962. Sicuramente pregevole.<\/h4>\n<p>&nbsp;<\/p>\n<blockquote class=\"wp-embedded-content\" data-secret=\"2OFuQ5FDZK\"><p><a href=\"https:\/\/chiostrisanteustorgio.it\/luogo\/basilica\/\">Basilica di Sant&#8217;Eustorgio<\/a><\/p><\/blockquote>\n<p><iframe class=\"wp-embedded-content\" sandbox=\"allow-scripts\" security=\"restricted\" style=\"position: absolute; clip: rect(1px, 1px, 1px, 1px);\" title=\"&#8220;Basilica di Sant&#8217;Eustorgio&#8221; &#8212; Chiostri di Sant&#039;Eustorgio\" src=\"https:\/\/chiostrisanteustorgio.it\/luogo\/basilica\/embed\/#?secret=2OFuQ5FDZK\" data-secret=\"2OFuQ5FDZK\" width=\"500\" height=\"282\" frameborder=\"0\" marginwidth=\"0\" marginheight=\"0\" scrolling=\"no\"><\/iframe><\/p>\n<p>&nbsp;<\/p>\n","protected":false},"excerpt":{"rendered":"<p><p>&nbsp; Sant\u2019Eustorgio, vale da sola una visita a Milano &nbsp; &nbsp; Di Pigi Arcidiacono Tutte le feste le porta via, si sa: \u00e8 l\u2019Epifania. Per\u00f2, in quel giorno accade qualcosa di veramente magico: nelle case dei cristiani, dove, secondo la tradizione a sant\u2019Ambrogio si \u00e8 preparato il Presepe, i tre Re Magi che il 24 dicembre notte erano stati posti su una libreria lontana dalle altre statuine, dopo avere volato da un mobile all\u2019altro, sono arrivati, finalmente (prima sul Presepe) e proprio il 6 gennaio, davanti alla capanna di Ges\u00f9 Bambino. Perfetto. &nbsp; Ora, per\u00f2, ascoltateci bene (cio\u00e8, cercate di [&hellip;]<\/p>\n&nbsp;&nbsp;<div class=\"readmore\"><a href=\"https:\/\/blog.ilgiornale.it\/viaggiopervoi\/2022\/01\/07\/riscoprire-milano\/\">Continua a leggere...<\/a><\/div><\/p>","protected":false},"author":1088,"featured_media":2309,"comment_status":"open","ping_status":"open","sticky":false,"template":"","format":"standard","meta":[],"categories":[342423,410,87,26,249],"tags":[342469],"_links":{"self":[{"href":"https:\/\/blog.ilgiornale.it\/viaggiopervoi\/wp-json\/wp\/v2\/posts\/2308"}],"collection":[{"href":"https:\/\/blog.ilgiornale.it\/viaggiopervoi\/wp-json\/wp\/v2\/posts"}],"about":[{"href":"https:\/\/blog.ilgiornale.it\/viaggiopervoi\/wp-json\/wp\/v2\/types\/post"}],"author":[{"embeddable":true,"href":"https:\/\/blog.ilgiornale.it\/viaggiopervoi\/wp-json\/wp\/v2\/users\/1088"}],"replies":[{"embeddable":true,"href":"https:\/\/blog.ilgiornale.it\/viaggiopervoi\/wp-json\/wp\/v2\/comments?post=2308"}],"version-history":[{"count":3,"href":"https:\/\/blog.ilgiornale.it\/viaggiopervoi\/wp-json\/wp\/v2\/posts\/2308\/revisions"}],"predecessor-version":[{"id":2312,"href":"https:\/\/blog.ilgiornale.it\/viaggiopervoi\/wp-json\/wp\/v2\/posts\/2308\/revisions\/2312"}],"wp:featuredmedia":[{"embeddable":true,"href":"https:\/\/blog.ilgiornale.it\/viaggiopervoi\/wp-json\/wp\/v2\/media\/2309"}],"wp:attachment":[{"href":"https:\/\/blog.ilgiornale.it\/viaggiopervoi\/wp-json\/wp\/v2\/media?parent=2308"}],"wp:term":[{"taxonomy":"category","embeddable":true,"href":"https:\/\/blog.ilgiornale.it\/viaggiopervoi\/wp-json\/wp\/v2\/categories?post=2308"},{"taxonomy":"post_tag","embeddable":true,"href":"https:\/\/blog.ilgiornale.it\/viaggiopervoi\/wp-json\/wp\/v2\/tags?post=2308"}],"curies":[{"name":"wp","href":"https:\/\/api.w.org\/{rel}","templated":true}]}}