{"id":3177,"date":"2023-05-24T16:21:56","date_gmt":"2023-05-24T14:21:56","guid":{"rendered":"https:\/\/blog.ilgiornale.it\/viaggiopervoi\/?p=3177"},"modified":"2023-05-24T16:21:56","modified_gmt":"2023-05-24T14:21:56","slug":"un-angolo-di-giappone-ai-piedi-dello-sciliar","status":"publish","type":"post","link":"https:\/\/blog.ilgiornale.it\/viaggiopervoi\/2023\/05\/24\/un-angolo-di-giappone-ai-piedi-dello-sciliar\/","title":{"rendered":"Un angolo di Giappone ai piedi dello Sciliar"},"content":{"rendered":"<h2>ALTO ADIGE<br \/>\nUn angolo di Giappone ai piedi dello Sciliar<\/h2>\n<p><strong>Di Barbara Silbe<\/strong><\/p>\n<p><strong><span class=\"contentpasted0\"><span style=\"font-size: 12.0pt;font-family: 'Times New Roman',serif;color: #181818;background: #F9F9F9\">C\u2019\u00e8 un angolo di Giappone ai piedi dello Sciliar, una sorta di oasi di quiete dove il corpo e lo spirito possono ritrovare equilibrio. E\u2019 <a href=\"https:\/\/smstudiopress.us12.list-manage.com\/track\/click?u=25c5d837a09bb1047c0dece8d&amp;id=aa2e4fd544&amp;e=852fb59246\">l\u2019hotel Sensoria Dolomites<\/a> dall\u2019architettura minimalista perfettamente inserita nella natura dell\u2019Alto Adige, che riapre le sue porte da mercoled\u00ec 17 maggio per accogliere gli ospiti con un programma active ricco di novit\u00e0. <\/span><\/span><span><span class=\"contentpasted0\"><span style=\"font-size: 12.0pt;font-family: 'Times New Roman',serif;color: #181818\">Questo elegante<\/span><span style=\"background: #F9F9F9\"> 4 stelle superior di Siusi allo Sciliar, gestito dalla famiglia Oberhofer-Leitner, per il risveglio dopo la stagione fredda propone attivit\u00e0 da praticare indoor, nei suoi accoglienti ambienti avvolti da profumi inconfondibili, oppure outdoor, con vista sul maestoso massiccio dello Sciliar, da soli e in gruppo. <\/span><\/span><\/span><\/strong><\/p>\n<p><a href=\"https:\/\/blog.ilgiornale.it\/viaggiopervoi\/files\/2023\/05\/26_IVAN8202@lucaputzer.jpg1_.jpg\"><img loading=\"lazy\" class=\"alignnone  wp-image-3179\" src=\"https:\/\/blog.ilgiornale.it\/viaggiopervoi\/files\/2023\/05\/26_IVAN8202@lucaputzer.jpg1_-300x187.jpg\" alt=\"\" width=\"675\" height=\"421\" srcset=\"https:\/\/blog.ilgiornale.it\/viaggiopervoi\/files\/2023\/05\/26_IVAN8202@lucaputzer.jpg1_-300x187.jpg 300w, https:\/\/blog.ilgiornale.it\/viaggiopervoi\/files\/2023\/05\/26_IVAN8202@lucaputzer.jpg1_-1024x639.jpg 1024w, https:\/\/blog.ilgiornale.it\/viaggiopervoi\/files\/2023\/05\/26_IVAN8202@lucaputzer.jpg1_-768x479.jpg 768w, https:\/\/blog.ilgiornale.it\/viaggiopervoi\/files\/2023\/05\/26_IVAN8202@lucaputzer.jpg1_.jpg 1344w\" sizes=\"(max-width: 675px) 100vw, 675px\" \/><\/a><\/p>\n<p>&nbsp;<\/p>\n<p><strong><span><span class=\"contentpasted0\"><span style=\"background: #F9F9F9\">Inoltre, vengono proposte nuove esperienze emozionanti come la New Moon Wishing, cos\u00ec raccontata dalla proprietaria Lea Oberhofer: \u00abAbbiamo arricchito il programma active avvalendoci dell\u2019esperienza di diversi esperti: Active &amp; Well Being Guides che si occupano di Yoga, Pilates, Meditazione, Pranayama e abbiamo attivato vari corsi di fitness proposti anche in versione acquatica, nella nostra piscina. Inoltre, da quest\u2019estate il New Moon Wishing, un\u2019esperienza davvero unica che permette di manifestare alla luna nuova i propri desideri e obiettivi, intenzioni e idee per il futuro, con consapevolezza. Durante il New Moon Wishing si saluta il mese precedente e si accoglie il nuovo, in modo positivo e soffermandosi sull\u2019importanza del vivere il presente\u00bb.<\/span><\/span><span class=\"apple-converted-space\"><span style=\"font-size: 12.0pt;font-family: 'Times New Roman',serif;color: #181818;background: #F9F9F9\">\u00a0<\/span><\/span><\/span><\/strong><\/p>\n<p>&nbsp;<\/p>\n<p><a href=\"https:\/\/blog.ilgiornale.it\/viaggiopervoi\/files\/2023\/05\/Sensoria-Dolomites_Ausenansicht-mit-Pool-\u00a9-Luca-Putzer.jpg1_.jpg2_.jpg\"><img loading=\"lazy\" class=\"alignnone  wp-image-3181\" src=\"https:\/\/blog.ilgiornale.it\/viaggiopervoi\/files\/2023\/05\/Sensoria-Dolomites_Ausenansicht-mit-Pool-\u00a9-Luca-Putzer.jpg1_.jpg2_-300x200.jpg\" alt=\"\" width=\"674\" height=\"449\" srcset=\"https:\/\/blog.ilgiornale.it\/viaggiopervoi\/files\/2023\/05\/Sensoria-Dolomites_Ausenansicht-mit-Pool-\u00a9-Luca-Putzer.jpg1_.jpg2_-300x200.jpg 300w, https:\/\/blog.ilgiornale.it\/viaggiopervoi\/files\/2023\/05\/Sensoria-Dolomites_Ausenansicht-mit-Pool-\u00a9-Luca-Putzer.jpg1_.jpg2_-1024x683.jpg 1024w, https:\/\/blog.ilgiornale.it\/viaggiopervoi\/files\/2023\/05\/Sensoria-Dolomites_Ausenansicht-mit-Pool-\u00a9-Luca-Putzer.jpg1_.jpg2_-768x512.jpg 768w, https:\/\/blog.ilgiornale.it\/viaggiopervoi\/files\/2023\/05\/Sensoria-Dolomites_Ausenansicht-mit-Pool-\u00a9-Luca-Putzer.jpg1_.jpg2_-1536x1024.jpg 1536w, https:\/\/blog.ilgiornale.it\/viaggiopervoi\/files\/2023\/05\/Sensoria-Dolomites_Ausenansicht-mit-Pool-\u00a9-Luca-Putzer.jpg1_.jpg2_.jpg 1683w\" sizes=\"(max-width: 674px) 100vw, 674px\" \/><\/a><\/p>\n<p>&nbsp;<\/p>\n<p>&nbsp;<\/p>\n<p><strong><span><span class=\"contentpasted0\"><span style=\"font-size: 12.0pt;font-family: 'Times New Roman',serif;color: #181818;background: #F9F9F9\">Durante questa pratica, viene svolto anche un esercizio di respirazione e rilassamento, vengono offerti t\u00e8 caldo e spuntini leggeri da gustare accanto al fuoco, circondati\u00a0da un\u2019atmosfera calda e avvolgente. Ogni partecipante riceve la Guida alla manifestazione dei desideri con la Luna Nuova e il libretto \u201cDiario dell&#8217;Anima\u201d. Per questa attivit\u00e0, il team del Sensoria Dolomites consiglia di indossare abiti caldi e confortevoli. Non \u00e8 tutto, c\u2019\u00e8 anche la possibilit\u00e0, a partire da questa stagione, di provare l\u2019Equipassion, esperienza straordinaria con i cavalli, da vivere accompagnati da un\u2019esperta e proposta in due diverse modalit\u00e0: la \u2018\u2019Equipassion sunset experience\u2019\u2019 e la \u2018\u2019Equipassion: Awareness with the help of 4 hoofs\u2019\u2019. La prima \u00e8 una cavalcata privata molto suggestiva da godersi alla luce del tramonto; l\u2019altra, invece, un\u2019esperienza pi\u00f9 formativa e benefica per spirito e corpo.<\/span><\/span><\/span><\/strong><\/p>\n<p>&nbsp;<\/p>\n<p><a href=\"https:\/\/blog.ilgiornale.it\/viaggiopervoi\/files\/2023\/05\/DSC06249-1.jpg2_-1.jpg\"><img loading=\"lazy\" class=\"alignnone  wp-image-3180\" src=\"https:\/\/blog.ilgiornale.it\/viaggiopervoi\/files\/2023\/05\/DSC06249-1.jpg2_-1-300x200.jpg\" alt=\"\" width=\"677\" height=\"451\" srcset=\"https:\/\/blog.ilgiornale.it\/viaggiopervoi\/files\/2023\/05\/DSC06249-1.jpg2_-1-300x200.jpg 300w, https:\/\/blog.ilgiornale.it\/viaggiopervoi\/files\/2023\/05\/DSC06249-1.jpg2_-1-1024x683.jpg 1024w, https:\/\/blog.ilgiornale.it\/viaggiopervoi\/files\/2023\/05\/DSC06249-1.jpg2_-1-768x512.jpg 768w, https:\/\/blog.ilgiornale.it\/viaggiopervoi\/files\/2023\/05\/DSC06249-1.jpg2_-1.jpg 1390w\" sizes=\"(max-width: 677px) 100vw, 677px\" \/><\/a><\/p>\n<p>&nbsp;<\/p>\n<p>&nbsp;<\/p>\n<p><strong><span><span class=\"contentpasted0\"><span style=\"font-size: 12.0pt;font-family: 'Times New Roman',serif;color: #181818\">L\u2019albergo, che vanta un giardino d\u2019inverno con un grande albero al suo centro e una piscina scenografica fronte montagna, \u00e8 la struttura ideale per chiunque voglia fermare il tempo e prendersi cura di se stesso per qualche giorno. Un\u2019oasi di benessere che invita gli ospiti a liberarsi dalle abitudini quotidiane e dai ritmi frenetici che impone la quotidianit\u00e0. La loro filosofia un po\u2019 zen \u00e8 rivolta a stimolare i cinque sensi gi\u00e0 dal suo interno, perch\u00e9 \u00e8 stato concepito come un vero e proprio tempio di energia per il cuore e per la pace interiore, un rifugio dove corpo e anima coesistono in armonia.<\/span><\/span><span class=\"apple-converted-space\"><span style=\"font-size: 12.0pt;font-family: 'Times New Roman',serif;color: #181818\">\u00a0<\/span><\/span><\/span><\/strong><\/p>\n<p><strong>Per maggiori informazioni e per prenotazioni:<\/strong> <strong><span><u><span style=\"font-size: 12.0pt;font-family: 'Times New Roman',serif;color: #0d6976\"><a href=\"https:\/\/smstudiopress.us12.list-manage.com\/track\/click?u=25c5d837a09bb1047c0dece8d&amp;id=aa2e4fd544&amp;e=852fb59246\" target=\"loopstyle_link\" data-loopstyle=\"link\" rel=\"noopener noreferrer\">www.sensoriadolomites.com\/it<\/a><\/span><\/u><\/span><\/strong><\/p>\n","protected":false},"excerpt":{"rendered":"<p><p>ALTO ADIGE Un angolo di Giappone ai piedi dello Sciliar Di Barbara Silbe C\u2019\u00e8 un angolo di Giappone ai piedi dello Sciliar, una sorta di oasi di quiete dove il corpo e lo spirito possono ritrovare equilibrio. E\u2019 l\u2019hotel Sensoria Dolomites dall\u2019architettura minimalista perfettamente inserita nella natura dell\u2019Alto Adige, che riapre le sue porte da mercoled\u00ec 17 maggio per accogliere gli ospiti con un programma active ricco di novit\u00e0. Questo elegante 4 stelle superior di Siusi allo Sciliar, gestito dalla famiglia Oberhofer-Leitner, per il risveglio dopo la stagione fredda propone attivit\u00e0 da praticare indoor, nei suoi accoglienti ambienti avvolti da [&hellip;]<\/p>\n&nbsp;&nbsp;<div class=\"readmore\"><a href=\"https:\/\/blog.ilgiornale.it\/viaggiopervoi\/2023\/05\/24\/un-angolo-di-giappone-ai-piedi-dello-sciliar\/\">Continua a leggere...<\/a><\/div><\/p>","protected":false},"author":1088,"featured_media":3179,"comment_status":"open","ping_status":"closed","sticky":false,"template":"","format":"standard","meta":[],"categories":[36405,388,16079,50871,342453,246513,20704],"tags":[36405,511197,246513,95986],"_links":{"self":[{"href":"https:\/\/blog.ilgiornale.it\/viaggiopervoi\/wp-json\/wp\/v2\/posts\/3177"}],"collection":[{"href":"https:\/\/blog.ilgiornale.it\/viaggiopervoi\/wp-json\/wp\/v2\/posts"}],"about":[{"href":"https:\/\/blog.ilgiornale.it\/viaggiopervoi\/wp-json\/wp\/v2\/types\/post"}],"author":[{"embeddable":true,"href":"https:\/\/blog.ilgiornale.it\/viaggiopervoi\/wp-json\/wp\/v2\/users\/1088"}],"replies":[{"embeddable":true,"href":"https:\/\/blog.ilgiornale.it\/viaggiopervoi\/wp-json\/wp\/v2\/comments?post=3177"}],"version-history":[{"count":2,"href":"https:\/\/blog.ilgiornale.it\/viaggiopervoi\/wp-json\/wp\/v2\/posts\/3177\/revisions"}],"predecessor-version":[{"id":3183,"href":"https:\/\/blog.ilgiornale.it\/viaggiopervoi\/wp-json\/wp\/v2\/posts\/3177\/revisions\/3183"}],"wp:featuredmedia":[{"embeddable":true,"href":"https:\/\/blog.ilgiornale.it\/viaggiopervoi\/wp-json\/wp\/v2\/media\/3179"}],"wp:attachment":[{"href":"https:\/\/blog.ilgiornale.it\/viaggiopervoi\/wp-json\/wp\/v2\/media?parent=3177"}],"wp:term":[{"taxonomy":"category","embeddable":true,"href":"https:\/\/blog.ilgiornale.it\/viaggiopervoi\/wp-json\/wp\/v2\/categories?post=3177"},{"taxonomy":"post_tag","embeddable":true,"href":"https:\/\/blog.ilgiornale.it\/viaggiopervoi\/wp-json\/wp\/v2\/tags?post=3177"}],"curies":[{"name":"wp","href":"https:\/\/api.w.org\/{rel}","templated":true}]}}