{"id":4522,"date":"2023-11-24T10:06:58","date_gmt":"2023-11-24T09:06:58","guid":{"rendered":"https:\/\/blog.ilgiornale.it\/viaggiopervoi\/?p=4522"},"modified":"2023-11-24T10:06:58","modified_gmt":"2023-11-24T09:06:58","slug":"a-castelbrando-si-accende-lalbero-di-natale-piu-grande-ditalia-con-tanti-record","status":"publish","type":"post","link":"https:\/\/blog.ilgiornale.it\/viaggiopervoi\/2023\/11\/24\/a-castelbrando-si-accende-lalbero-di-natale-piu-grande-ditalia-con-tanti-record\/","title":{"rendered":"A CastelBrando si accende l&#8217;Albero di Natale  pi\u00f9 grande d\u2019Italia con tanti record"},"content":{"rendered":"<h4><em>Addobbato con oltre mille luci, il 24 novembre alle ore 18\u00a0 si illuminer\u00e0 d&#8217;incanto a Cison di Valmarino (TV)<\/em><\/h4>\n<p>&nbsp;<\/p>\n<h2><strong>A CastelBrando si accende l&#8217;Albero di Natale<br \/>\n<\/strong><strong>pi\u00f9 grande d\u2019Italia<br \/>\ncon tanti record<\/strong><\/h2>\n<p>&nbsp;<\/p>\n<p>&nbsp;<\/p>\n<p>L&#8217;attesa \u00e8 finita. E&#8217; tutto pronto per l&#8217;<strong>accensione dell&#8217;Albero luminoso di <a href=\"http:\/\/www.castelbrando.it\">CastelBrando<\/a><\/strong>: <strong>venerd\u00ec 24 novembre alle ore 18<\/strong> torna a risplendere sulla collina sovrastata da un Castello tra i pi\u00f9 grandi d&#8217;Europa il magnifico cedro dell\u2019Atlante che, per tutto il periodo delle Festivit\u00e0, illuminer\u00e0 la meravigliosa vallata di Cison di Valmarino (TV). Segni particolari <strong>bello, secolare, rigoglioso <\/strong>e&#8230;come se non bastasse con <strong>numeri da record:<\/strong><\/p>\n<p>&nbsp;<\/p>\n<ul>\n<li>\u00e8 L&#8217;albero di Natale\u00a0<strong>vivente<\/strong>pi\u00f9 grande d&#8217;Italia, alto pi\u00f9 di 33 metri, misura 5 metri e 50 di circonferenza<\/li>\n<li>\u00e8 tra i 5 alberi pi\u00f9 grandi d\u2019Europa<\/li>\n<li>viene allestito da scalatori professionisti<\/li>\n<li>\u00e8 da 20 anni che illumina la vallata<\/li>\n<li>\u00e8 un cedro dell&#8217;Atlante di oltre 230 anni e rarit\u00e0 botanica<\/li>\n<li>si trova in un Castello con oltre 2000 anni di storia<\/li>\n<li>\u00e8 nelle Colline del Prosecco, a pi\u00f9 di 400 metri di altezza<\/li>\n<li>\u00e8 tra due dei Borghi pi\u00f9 belli d&#8217;Italia: Cison di Valmarino e Follina<\/li>\n<li>il suo albero gemello, che si trova a pochi metri, \u00e8 stato scelto come Albero monumentale d\u2019Italia<\/li>\n<\/ul>\n<p>&nbsp;<\/p>\n<p>&nbsp;<\/p>\n<p><a href=\"https:\/\/blog.ilgiornale.it\/viaggiopervoi\/files\/2023\/11\/Castelbrando-lalbero-dei-record.jpg\"><img loading=\"lazy\" class=\"alignnone  wp-image-4523\" src=\"https:\/\/blog.ilgiornale.it\/viaggiopervoi\/files\/2023\/11\/Castelbrando-lalbero-dei-record-300x241.jpg\" alt=\"\" width=\"601\" height=\"483\" srcset=\"https:\/\/blog.ilgiornale.it\/viaggiopervoi\/files\/2023\/11\/Castelbrando-lalbero-dei-record-300x241.jpg 300w, https:\/\/blog.ilgiornale.it\/viaggiopervoi\/files\/2023\/11\/Castelbrando-lalbero-dei-record-1024x824.jpg 1024w, https:\/\/blog.ilgiornale.it\/viaggiopervoi\/files\/2023\/11\/Castelbrando-lalbero-dei-record-768x618.jpg 768w, https:\/\/blog.ilgiornale.it\/viaggiopervoi\/files\/2023\/11\/Castelbrando-lalbero-dei-record.jpg 1284w\" sizes=\"(max-width: 601px) 100vw, 601px\" \/><\/a><\/p>\n<p>&nbsp;<\/p>\n<p>Insomma, un&#8217;attrazione davvero imperdibile che, insieme all&#8217;incanto e allo charme di un antico maniero medievale, <strong>render\u00e0 i giorni pi\u00f9 speciali dell&#8217;anno ancora pi\u00f9 magici ed emozionanti, infondendo pace e speranza.<\/strong><\/p>\n<p>&nbsp;<\/p>\n<p>Incastonato <strong>nel cuore delle Colline del Prosecco Superiore<\/strong>, patrimonio <strong>UNESCO<\/strong> \u2013 CastelBrando a Natale conquista con migliaia di luci festose, una calda atmosfera, trattamenti relax, un servizio attento e prelibatezze enogastronomiche.<\/p>\n<p>&nbsp;<\/p>\n<p><strong>Ricco ed invitante il programma delle Festivit\u00e0 2023\/2024<\/strong>, che permetter\u00e0 agli ospiti di vivere la storia in prima persona, tra benessere e divertimento, arte e cultura, il tutto esaltato dalla magia unica che si respira in questa location cos\u00ec affascinante.<\/p>\n<p>&nbsp;<\/p>\n<p><a href=\"http:\/\/www.castelbrando.it\">Castelbrando<\/a> rappresenta infatti <strong>uno dei pi\u00f9 raffinati esempi di riqualificazione del <\/strong><strong>patrimonio storico-artistico italiano <\/strong>e <strong>uno dei pi\u00f9 grandi castelli d&#8217;Europa;<\/strong> e\u00a0 a quanti lo sceglieranno per le Festivit\u00e0, assicura un soggiorno oltre ogni aspettativa. S\u00ec, perch\u00e8 soggiornare a CastelBrando \u00e8 <strong>un\u2019esperienza d&#8217;altri tempi<\/strong> davvero indimenticabile, non solo per la piacevolezza dei servizi e dell\u2019atmosfera che regalano suite e camere del castello, della dependance e della villa, ma anche perch\u00e9 rappresenta <strong>un tuffo nella storia e nella bellezza delle prealpi trevigiane<\/strong>, cuore degli itinerari artistico-culturali pi\u00f9 interessanti del Veneto, a ridosso delle Dolomiti.<\/p>\n<p>&nbsp;<\/p>\n<p><a href=\"https:\/\/blog.ilgiornale.it\/viaggiopervoi\/files\/2023\/11\/image_6483441.jpg\"><img loading=\"lazy\" class=\"alignnone  wp-image-4524\" src=\"https:\/\/blog.ilgiornale.it\/viaggiopervoi\/files\/2023\/11\/image_6483441-300x200.jpg\" alt=\"\" width=\"612\" height=\"408\" srcset=\"https:\/\/blog.ilgiornale.it\/viaggiopervoi\/files\/2023\/11\/image_6483441-300x200.jpg 300w, https:\/\/blog.ilgiornale.it\/viaggiopervoi\/files\/2023\/11\/image_6483441-1024x683.jpg 1024w, https:\/\/blog.ilgiornale.it\/viaggiopervoi\/files\/2023\/11\/image_6483441-768x512.jpg 768w, https:\/\/blog.ilgiornale.it\/viaggiopervoi\/files\/2023\/11\/image_6483441-1536x1024.jpg 1536w, https:\/\/blog.ilgiornale.it\/viaggiopervoi\/files\/2023\/11\/image_6483441.jpg 1642w\" sizes=\"(max-width: 612px) 100vw, 612px\" \/><\/a><\/p>\n<p>&nbsp;<\/p>\n<p>&nbsp;<\/p>\n<p>&nbsp;<\/p>\n<p><strong><u>IL PROGRAMMA DELLE FESTIVITA&#8217; <\/u><\/strong><\/p>\n<p>&nbsp;<\/p>\n<p>&nbsp;<\/p>\n<p><strong>Il 24 novembre alle ore 18 verr\u00e0 acceso l&#8217; \u201cAlbero dei record\u201d<\/strong><\/p>\n<p>I<strong>l 24 novembre<\/strong> all\u2019imbrunire si potr\u00e0 assistere alla <strong>spettacolare accensione delle luci dell\u2019Albero di Natale <\/strong>che regala un\u2019immagine fiabesca a CastelBrando e a tutta la vallata.<\/p>\n<p><strong>\u00a0<\/strong><\/p>\n<p><strong>\u00a0<\/strong><\/p>\n<p><strong>Natale in Castello 2023 Presepe delle Colline \u2013 presso il teatro Tenda <\/strong><\/p>\n<p>Il Presepe delle Colline consiste in un\u2019installazione artistica ideata e realizzata da un giovane artista locale, <strong>Pietro Colmellere<\/strong>, che da anni si occupa di trasformare il legno in sculture ritraenti natura, figure quotidiane locali, ma anche immagini e scene della tradizione. I personaggi a grandezza naturale sono stati realizzati con la legna del bosco che circonda CastelBrando, a seguito del taglio dovuto alla manutenzione. Un omaggio al territorio in rispetto all\u2019ambiente e alla natura.<\/p>\n<p>&nbsp;<\/p>\n<p><strong>Mostra dedicata alla Nativit\u00e0 <\/strong>\u2013 <strong>presso la chiesa di San Martino <\/strong><\/p>\n<p>La Settecentesca Chiesa di S. Martino, dove un tempo sorgeva il Castrum romano, e\u0300 decorata con affreschi di Egidio Dall\u2019Oglio. La Chiesa ospita la <strong>mostra \u201cLo stupore dell&#8217;Epifania\u201d curata dall\u2019Associazione Tavolozza Trevigiana<\/strong> che e\u0300 presente anche con altre opere e sculture. Nello spazio espositivo \u201cI costumi del potere\u201d inoltre si possono ammirare alcuni personaggi storici di grande prestigio, con repliche di costumi originali.<\/p>\n<p>&nbsp;<\/p>\n<p><strong>Visite guidate al castello <\/strong>\u2013 <strong>partenza presso la chiesa di San Martino <\/strong><\/p>\n<p>Le visite guidate al castello sono vere <strong>passeggiate nel tempo<\/strong> attraverso i segni di epoche diverse, che corrono lungo duemila anni di storia: dai reperti romani alle mura medievali, dal Rinascimento all\u2019elegante Settecento. Alle storie di nobili e condottieri si intrecciano le leggende locali, tramandate di bocca in bocca, in cui si fondono misteri e fatti di cronaca arricchiti dalla fantasia popolare. Le visite sono condotte da educatrici museali in lingua italiana o inglese.<\/p>\n<p>N.B. Per i pi\u00f9 piccoli \u00e8 d&#8217;obbligo la <strong>foto con Babbo Natale<\/strong>, a cui potranno consegnare la loro\u00a0 letterina dei desideri!<\/p>\n<p><strong>\u00a0<\/strong><\/p>\n<p><strong>CASTELBRANDO<\/strong><\/p>\n<p>Riaperto dopo un importante ed accurato restauro, CastelBrando ospita oggi al suo interno un <strong>hotel 4 stelle con eleganti camere e suite,<\/strong> un&#8217;esclusiva <strong>Princess Spa &amp; Royal Wellness<\/strong> ricavata da antichi Bagni Romani di ben 2000 mq, <strong>diverse aree museali oltre a ristoranti e bar. <\/strong>Meta ideale per soggiorni e ristori, punto di partenza per <strong>visite a cantine, passeggiate nei percorsi naturalistici, tour culturali<\/strong> e come campo base per <strong>escursioni in mountain bike<\/strong> fra le colline di Conegliano Valdobbiadene, CastelBrando offre anche un <strong>centro congressi <\/strong>con tecnologie all\u2019avanguardia per eventi, expo e meeting. Inoltre, disponendo di una <strong>pista di atterraggio per elicotteri,<\/strong> \u00e8 punto di riferimento privilegiato anche per congressi ed eventi di respiro internazionale.<\/p>\n<p>&nbsp;<\/p>\n<p>Per maggiori informazioni: <a href=\"http:\/\/www.castelbrando.it\/\">www.castelbrando.it<\/a><\/p>\n","protected":false},"excerpt":{"rendered":"<p><p>Addobbato con oltre mille luci, il 24 novembre alle ore 18\u00a0 si illuminer\u00e0 d&#8217;incanto a Cison di Valmarino (TV) &nbsp; A CastelBrando si accende l&#8217;Albero di Natale pi\u00f9 grande d\u2019Italia con tanti record &nbsp; &nbsp; L&#8217;attesa \u00e8 finita. E&#8217; tutto pronto per l&#8217;accensione dell&#8217;Albero luminoso di CastelBrando: venerd\u00ec 24 novembre alle ore 18 torna a risplendere sulla collina sovrastata da un Castello tra i pi\u00f9 grandi d&#8217;Europa il magnifico cedro dell\u2019Atlante che, per tutto il periodo delle Festivit\u00e0, illuminer\u00e0 la meravigliosa vallata di Cison di Valmarino (TV). Segni particolari bello, secolare, rigoglioso e&#8230;come se non bastasse con numeri da record: [&hellip;]<\/p>\n&nbsp;&nbsp;<div class=\"readmore\"><a href=\"https:\/\/blog.ilgiornale.it\/viaggiopervoi\/2023\/11\/24\/a-castelbrando-si-accende-lalbero-di-natale-piu-grande-ditalia-con-tanti-record\/\">Continua a leggere...<\/a><\/div><\/p>","protected":false},"author":1088,"featured_media":0,"comment_status":"open","ping_status":"closed","sticky":false,"template":"","format":"standard","meta":[],"categories":[247],"tags":[59395,287555,544725,544819,96],"_links":{"self":[{"href":"https:\/\/blog.ilgiornale.it\/viaggiopervoi\/wp-json\/wp\/v2\/posts\/4522"}],"collection":[{"href":"https:\/\/blog.ilgiornale.it\/viaggiopervoi\/wp-json\/wp\/v2\/posts"}],"about":[{"href":"https:\/\/blog.ilgiornale.it\/viaggiopervoi\/wp-json\/wp\/v2\/types\/post"}],"author":[{"embeddable":true,"href":"https:\/\/blog.ilgiornale.it\/viaggiopervoi\/wp-json\/wp\/v2\/users\/1088"}],"replies":[{"embeddable":true,"href":"https:\/\/blog.ilgiornale.it\/viaggiopervoi\/wp-json\/wp\/v2\/comments?post=4522"}],"version-history":[{"count":4,"href":"https:\/\/blog.ilgiornale.it\/viaggiopervoi\/wp-json\/wp\/v2\/posts\/4522\/revisions"}],"predecessor-version":[{"id":4528,"href":"https:\/\/blog.ilgiornale.it\/viaggiopervoi\/wp-json\/wp\/v2\/posts\/4522\/revisions\/4528"}],"wp:attachment":[{"href":"https:\/\/blog.ilgiornale.it\/viaggiopervoi\/wp-json\/wp\/v2\/media?parent=4522"}],"wp:term":[{"taxonomy":"category","embeddable":true,"href":"https:\/\/blog.ilgiornale.it\/viaggiopervoi\/wp-json\/wp\/v2\/categories?post=4522"},{"taxonomy":"post_tag","embeddable":true,"href":"https:\/\/blog.ilgiornale.it\/viaggiopervoi\/wp-json\/wp\/v2\/tags?post=4522"}],"curies":[{"name":"wp","href":"https:\/\/api.w.org\/{rel}","templated":true}]}}