{"id":5246,"date":"2024-04-26T09:30:35","date_gmt":"2024-04-26T07:30:35","guid":{"rendered":"https:\/\/blog.ilgiornale.it\/viaggiopervoi\/?p=5246"},"modified":"2024-04-25T17:15:48","modified_gmt":"2024-04-25T15:15:48","slug":"lestate-magica-del-forte-village","status":"publish","type":"post","link":"https:\/\/blog.ilgiornale.it\/viaggiopervoi\/2024\/04\/26\/lestate-magica-del-forte-village\/","title":{"rendered":"L&#8217;estate magica del Forte Village"},"content":{"rendered":"<p><img loading=\"lazy\" class=\"alignnone size-medium wp-image-5239\" src=\"https:\/\/blog.ilgiornale.it\/viaggiopervoi\/files\/2024\/04\/Beach_Forte-village-300x169.jpeg\" alt=\"\" width=\"300\" height=\"169\" srcset=\"https:\/\/blog.ilgiornale.it\/viaggiopervoi\/files\/2024\/04\/Beach_Forte-village-300x169.jpeg 300w, https:\/\/blog.ilgiornale.it\/viaggiopervoi\/files\/2024\/04\/Beach_Forte-village-1024x575.jpeg 1024w, https:\/\/blog.ilgiornale.it\/viaggiopervoi\/files\/2024\/04\/Beach_Forte-village-768x431.jpeg 768w, https:\/\/blog.ilgiornale.it\/viaggiopervoi\/files\/2024\/04\/Beach_Forte-village-1536x863.jpeg 1536w, https:\/\/blog.ilgiornale.it\/viaggiopervoi\/files\/2024\/04\/Beach_Forte-village-2048x1150.jpeg 2048w\" sizes=\"(max-width: 300px) 100vw, 300px\" \/><\/p>\n<p>&nbsp;<\/p>\n<p>di Elena Luraghi<\/p>\n<p>@elenaluraghi<\/p>\n<p>&nbsp;<\/p>\n<p>&nbsp;<\/p>\n<p>Miti che vanno, miti che restano. Al <strong>Forte Village<\/strong>, sulle spiagge bianche della <strong>Sardegna<\/strong>, c\u2019\u00e8 una piccola oasi a misura di bambino che sembra \u2013 anzi, \u00e8 \u2013 il regno in miniatura di Barbie. Un mondo rosa e bianco pieno di giochi e di gigantografie della mitica bambola celebrata da generazioni di bambine e dal cinema, dove le piccole ospiti si divertono giocando, truccandosi, dipingendo magliette a tema e realizzando gioielli, in compagnia del qualificato team della Children\u2019s Wonderland. L\u00ec tutto \u00e8 studiato per generare felicit\u00e0: accanto al \u201cBarbie World\u201d ci sono infatti la baby piscina, la nursery, l\u2019orto dove i bambini possono toccare con mano la frutta e la verdura, i laboratori di ceramica e il Mario\u2019s Village, un divertentissimo borgo di nove casette attorno a una piazza colorata, ognuna con una sua funzione precisa, dal benzinaio al supermercato, dal parrucchiere al pompiere. Un mondo reale, ma in scala ridotta, che insieme a decine di altri highlights \u00e8 valso al resort il prestigioso riconoscimento \u201c<strong>Family First<\/strong>\u201d agli ultimi <strong>Cond\u00e9 Nast Traveller Awards<\/strong>.<\/p>\n<p>&nbsp;<\/p>\n<p><img loading=\"lazy\" class=\"alignnone size-medium wp-image-5245\" src=\"https:\/\/blog.ilgiornale.it\/viaggiopervoi\/files\/2024\/04\/Hotel-castello_PR-prestige_322-2-300x200.jpeg\" alt=\"\" width=\"300\" height=\"200\" srcset=\"https:\/\/blog.ilgiornale.it\/viaggiopervoi\/files\/2024\/04\/Hotel-castello_PR-prestige_322-2-300x200.jpeg 300w, https:\/\/blog.ilgiornale.it\/viaggiopervoi\/files\/2024\/04\/Hotel-castello_PR-prestige_322-2-1024x683.jpeg 1024w, https:\/\/blog.ilgiornale.it\/viaggiopervoi\/files\/2024\/04\/Hotel-castello_PR-prestige_322-2-768x512.jpeg 768w, https:\/\/blog.ilgiornale.it\/viaggiopervoi\/files\/2024\/04\/Hotel-castello_PR-prestige_322-2-1536x1024.jpeg 1536w\" sizes=\"(max-width: 300px) 100vw, 300px\" \/><\/p>\n<p>&nbsp;<\/p>\n<p><strong>Hotel per tutti i gusti<\/strong><\/p>\n<p>Immerso nel verde della vegetazione e affacciato su un litorale che sembra borotalco, questo resort a 45 minuti da Cagliari, \u00e8 da sempre il paradiso della vacanza in famiglia. Una destinazione nella destinazione, aperto negli anni Settanta dall\u2019imprenditore alberghiero Lord Charles Forte e restaurato di recente con un investimento di oltre 50 milioni di euro, protetto da un microclima fortunato che garantisce 300 giorni di sole all\u2019anno. Dalle camere degli <strong>hotel a 4 e 5 stelle<\/strong> si respirano il profumo dei fiori e la brezza del mare: sono stati disegnati da architetti diversi, per offrire un concetto sempre nuovo di interior, dalle camere del Castello in pole position sul Mediterraneo alle suite dell\u2019Hotel Le Dune con i lettini e l\u2019ombrellone nel giardino privato, dagli eleganti bungalow di Villa del Parco (nomen omen), alle eleganti residenze \u00a0haute de gamme, con giardino e piscina privata riscaldata, per chi desidera il massimo della privacy senza rinunciare alla possibilit\u00e0 di accedere a tutti i servizi del resort.<\/p>\n<p>&nbsp;<\/p>\n<p><img loading=\"lazy\" class=\"alignnone size-medium wp-image-5243\" src=\"https:\/\/blog.ilgiornale.it\/viaggiopervoi\/files\/2024\/04\/Dune-Infinity-Pool-300x200.jpeg\" alt=\"\" width=\"300\" height=\"200\" srcset=\"https:\/\/blog.ilgiornale.it\/viaggiopervoi\/files\/2024\/04\/Dune-Infinity-Pool-300x200.jpeg 300w, https:\/\/blog.ilgiornale.it\/viaggiopervoi\/files\/2024\/04\/Dune-Infinity-Pool-1024x683.jpeg 1024w, https:\/\/blog.ilgiornale.it\/viaggiopervoi\/files\/2024\/04\/Dune-Infinity-Pool-768x512.jpeg 768w, https:\/\/blog.ilgiornale.it\/viaggiopervoi\/files\/2024\/04\/Dune-Infinity-Pool-1536x1024.jpeg 1536w, https:\/\/blog.ilgiornale.it\/viaggiopervoi\/files\/2024\/04\/Dune-Infinity-Pool-2048x1365.jpeg 2048w\" sizes=\"(max-width: 300px) 100vw, 300px\" \/><\/p>\n<p>&nbsp;<\/p>\n<p><strong>Relax con vista<\/strong><\/p>\n<p>Anche quando i villaggi vacanze sono passati di moda, i <strong>50 ettari di pinete e giardini<\/strong> del Forte Village sono una calamita per nuovi ospiti e repetears (qualcuno giunto alla terza generazione) grazie a un concetto di ospitalit\u00e0 etica e sostenibile che lo rende pi\u00f9 simile a un <strong>resort di nuova generazione<\/strong> che a una destinazione snob concentrata sui grandi numeri. Gli ospiti sono molti, \u00e8 vero, ma non si vedono. Vuoi per le dimensioni della tenuta, vuoi perch\u00e9 fra le molte attivit\u00e0 in calendario (compreso il relax) \u00e8 facile perdersi di vista e ritrovarsi a cena, dopo una giornata cucita su misura, fuori e dentro i cancelli del resort, che pur essendo protetto non ha mai smesso di promuovere, anche eticamente, un legame con il territorio.<\/p>\n<p>&nbsp;<\/p>\n<p><img loading=\"lazy\" class=\"size-medium wp-image-5242\" src=\"https:\/\/blog.ilgiornale.it\/viaggiopervoi\/files\/2024\/04\/Circus-Academy-300x200.jpeg\" alt=\"\" width=\"300\" height=\"200\" srcset=\"https:\/\/blog.ilgiornale.it\/viaggiopervoi\/files\/2024\/04\/Circus-Academy-300x200.jpeg 300w, https:\/\/blog.ilgiornale.it\/viaggiopervoi\/files\/2024\/04\/Circus-Academy-1024x683.jpeg 1024w, https:\/\/blog.ilgiornale.it\/viaggiopervoi\/files\/2024\/04\/Circus-Academy-768x513.jpeg 768w, https:\/\/blog.ilgiornale.it\/viaggiopervoi\/files\/2024\/04\/Circus-Academy-1536x1025.jpeg 1536w, https:\/\/blog.ilgiornale.it\/viaggiopervoi\/files\/2024\/04\/Circus-Academy-2048x1367.jpeg 2048w\" sizes=\"(max-width: 300px) 100vw, 300px\" \/><\/p>\n<p>&nbsp;<\/p>\n<p><strong>Attivit\u00e0 per grandi e piccoli ospiti<\/strong><\/p>\n<p>In questo paradiso tropicale la vacanza non \u00e8 solo mare, sole, relax (e <strong>children\u2019s wonderland<\/strong>). Ogni estate tra luglio e agosto vengono invitati grandi <strong>chef stellati<\/strong> e artisti di fama (quest\u2019anno, da Sting a Renato Zero), i resident chef organizzano Cooking Academy per gli ospiti, e sempre i bambini hanno a disposizione esperienze sportive strepitose: da quelle sulla terra rossa con la <strong>Tennis Academy<\/strong> guidata da campioni come Magnus Larsson, Alberto Costa ed Emilio Sanchez, alle partite di calcio con la <strong>Real Madrid Foundation Football Clinic<\/strong>. Pi\u00f9 una valanga di sport acquatici come diving, canottaggio, nuoto, sempre in compagnia dei grandi campioni, italiani e non. Gli adulti intanto si rilassano e staccano la spina fra piscina, spiaggia, passeggiate nella pineta o nei dintorni del resort, alla scoperta di strade romane, parchi archeologici, cittadine come Pula ed esperienze di cheese e wine-tasting che si concludono con la degustazione nella cantina del resort in compagnia di Sofia Carta, pluripremiata sommelier dell\u2019anno da Food and Travel.<\/p>\n<p>&nbsp;<\/p>\n<p><img loading=\"lazy\" class=\"alignnone size-medium wp-image-5237\" src=\"https:\/\/blog.ilgiornale.it\/viaggiopervoi\/files\/2024\/04\/Acquaforte-Thalasso-Spa_-Thalasso-circuit-1-300x168.jpeg\" alt=\"\" width=\"300\" height=\"168\" srcset=\"https:\/\/blog.ilgiornale.it\/viaggiopervoi\/files\/2024\/04\/Acquaforte-Thalasso-Spa_-Thalasso-circuit-1-300x168.jpeg 300w, https:\/\/blog.ilgiornale.it\/viaggiopervoi\/files\/2024\/04\/Acquaforte-Thalasso-Spa_-Thalasso-circuit-1-1024x574.jpeg 1024w, https:\/\/blog.ilgiornale.it\/viaggiopervoi\/files\/2024\/04\/Acquaforte-Thalasso-Spa_-Thalasso-circuit-1-768x430.jpeg 768w, https:\/\/blog.ilgiornale.it\/viaggiopervoi\/files\/2024\/04\/Acquaforte-Thalasso-Spa_-Thalasso-circuit-1-1536x861.jpeg 1536w, https:\/\/blog.ilgiornale.it\/viaggiopervoi\/files\/2024\/04\/Acquaforte-Thalasso-Spa_-Thalasso-circuit-1-2048x1148.jpeg 2048w\" sizes=\"(max-width: 300px) 100vw, 300px\" \/><\/p>\n<p>&nbsp;<\/p>\n<p><strong>Dal wellness alla tavola<\/strong><\/p>\n<p>Imperdibile una giornata all\u2019<strong>Acquaforte Thalasso &amp; Spa<\/strong>, un\u2019oasi di salute per l\u2019equilibrio di mente e corpo, fra trattamenti all\u2019avanguardia e vasche di acqua di mare che, a diverse temperature e gradi di salinit\u00e0, sono un toccasana per l\u2019organismo. A cena, la scelta spazia fra 21 ristoranti e i piatti stellati Michelin di Heinz Beck e Massimiliano Mascia, il sushi sulla spiaggia, la cucina sarda servita in cantina circondati da migliaia di bottiglie, e quella italo-campana di Rocco Iannone al ristorante panoramico. Poi ci sono le serate speciali, esperienze culinarie con i celebrity chefs come Teodor Falser, Alessandro Breda, Andrea Berton e Carlo Cracco. Il calendario \u00e8 in fase di definizione e sar\u00e0 pubblicato a breve nel sito del resort: <a href=\"http:\/\/www.fortevillageresort.com\">www.fortevillageresort.com<\/a><\/p>\n<p>&nbsp;<\/p>\n<p>&nbsp;<\/p>\n","protected":false},"excerpt":{"rendered":"<p><p>&nbsp; di Elena Luraghi @elenaluraghi &nbsp; &nbsp; Miti che vanno, miti che restano. Al Forte Village, sulle spiagge bianche della Sardegna, c\u2019\u00e8 una piccola oasi a misura di bambino che sembra \u2013 anzi, \u00e8 \u2013 il regno in miniatura di Barbie. Un mondo rosa e bianco pieno di giochi e di gigantografie della mitica bambola celebrata da generazioni di bambine e dal cinema, dove le piccole ospiti si divertono giocando, truccandosi, dipingendo magliette a tema e realizzando gioielli, in compagnia del qualificato team della Children\u2019s Wonderland. L\u00ec tutto \u00e8 studiato per generare felicit\u00e0: accanto al \u201cBarbie World\u201d ci sono infatti [&hellip;]<\/p>\n&nbsp;&nbsp;<div class=\"readmore\"><a href=\"https:\/\/blog.ilgiornale.it\/viaggiopervoi\/2024\/04\/26\/lestate-magica-del-forte-village\/\">Continua a leggere...<\/a><\/div><\/p>","protected":false},"author":1090,"featured_media":0,"comment_status":"open","ping_status":"closed","sticky":false,"template":"","format":"standard","meta":[],"categories":[246505,121644,388,34302,16896],"tags":[246505,545004,106463,13657,342368,16896,2543],"_links":{"self":[{"href":"https:\/\/blog.ilgiornale.it\/viaggiopervoi\/wp-json\/wp\/v2\/posts\/5246"}],"collection":[{"href":"https:\/\/blog.ilgiornale.it\/viaggiopervoi\/wp-json\/wp\/v2\/posts"}],"about":[{"href":"https:\/\/blog.ilgiornale.it\/viaggiopervoi\/wp-json\/wp\/v2\/types\/post"}],"author":[{"embeddable":true,"href":"https:\/\/blog.ilgiornale.it\/viaggiopervoi\/wp-json\/wp\/v2\/users\/1090"}],"replies":[{"embeddable":true,"href":"https:\/\/blog.ilgiornale.it\/viaggiopervoi\/wp-json\/wp\/v2\/comments?post=5246"}],"version-history":[{"count":15,"href":"https:\/\/blog.ilgiornale.it\/viaggiopervoi\/wp-json\/wp\/v2\/posts\/5246\/revisions"}],"predecessor-version":[{"id":5261,"href":"https:\/\/blog.ilgiornale.it\/viaggiopervoi\/wp-json\/wp\/v2\/posts\/5246\/revisions\/5261"}],"wp:attachment":[{"href":"https:\/\/blog.ilgiornale.it\/viaggiopervoi\/wp-json\/wp\/v2\/media?parent=5246"}],"wp:term":[{"taxonomy":"category","embeddable":true,"href":"https:\/\/blog.ilgiornale.it\/viaggiopervoi\/wp-json\/wp\/v2\/categories?post=5246"},{"taxonomy":"post_tag","embeddable":true,"href":"https:\/\/blog.ilgiornale.it\/viaggiopervoi\/wp-json\/wp\/v2\/tags?post=5246"}],"curies":[{"name":"wp","href":"https:\/\/api.w.org\/{rel}","templated":true}]}}