{"id":5855,"date":"2024-07-12T10:07:47","date_gmt":"2024-07-12T08:07:47","guid":{"rendered":"https:\/\/blog.ilgiornale.it\/viaggiopervoi\/?p=5855"},"modified":"2024-07-12T10:12:39","modified_gmt":"2024-07-12T08:12:39","slug":"5855","status":"publish","type":"post","link":"https:\/\/blog.ilgiornale.it\/viaggiopervoi\/2024\/07\/12\/5855\/","title":{"rendered":"Una nuova stella nella cucina del Manna Luxury Resort"},"content":{"rendered":"<table style=\"height: 2579px\" width=\"650\">\n<tbody>\n<tr>\n<td>\n<table width=\"100%\">\n<tbody>\n<tr>\n<td>\n<table width=\"100%\">\n<tbody>\n<tr>\n<td width=\"600\">\n<table width=\"100%\">\n<tbody>\n<tr>\n<td><\/td>\n<\/tr>\n<\/tbody>\n<\/table>\n<\/td>\n<\/tr>\n<\/tbody>\n<\/table>\n<\/td>\n<\/tr>\n<\/tbody>\n<\/table>\n<h2><\/h2>\n<table width=\"100%\">\n<tbody>\n<tr>\n<td>\n<table width=\"100%\">\n<tbody>\n<tr>\n<td><\/td>\n<\/tr>\n<\/tbody>\n<\/table>\n<\/td>\n<\/tr>\n<\/tbody>\n<\/table>\n<h2><\/h2>\n<table width=\"100%\">\n<tbody>\n<tr>\n<td>\n<table style=\"height: 1743px\" width=\"646\">\n<tbody>\n<tr>\n<td width=\"600\">\n<table width=\"100%\">\n<tbody>\n<tr>\n<td>\n<h2><strong>Una nuova stella nella cucina del Manna Luxury Resort<\/strong><\/h2>\n<p>Andrea Susto affianca lo chef come nuovo consulente<\/p>\n<p>&nbsp;<\/p>\n<p>&nbsp;<\/p>\n<p><a href=\"https:\/\/blog.ilgiornale.it\/viaggiopervoi\/files\/2024\/07\/7b4588f5-c726-ef12-f2bd-cb2d5cf59976.jpg\"><img loading=\"lazy\" class=\"alignnone size-medium wp-image-5856\" src=\"https:\/\/blog.ilgiornale.it\/viaggiopervoi\/files\/2024\/07\/7b4588f5-c726-ef12-f2bd-cb2d5cf59976-300x250.jpg\" alt=\"\" width=\"300\" height=\"250\" srcset=\"https:\/\/blog.ilgiornale.it\/viaggiopervoi\/files\/2024\/07\/7b4588f5-c726-ef12-f2bd-cb2d5cf59976-300x250.jpg 300w, https:\/\/blog.ilgiornale.it\/viaggiopervoi\/files\/2024\/07\/7b4588f5-c726-ef12-f2bd-cb2d5cf59976.jpg 750w\" sizes=\"(max-width: 300px) 100vw, 300px\" \/><\/a><\/p>\n<p>&nbsp;<\/p>\n<p>&nbsp;<\/p>\n<p>Dal 10 luglio una nuova esperienza si aggiunge al Manna Resort in Alto Adige. La sua offerta gastronomica, da sempre fiore all\u2019occhiello della struttura, si arricchisce di una consulenza prestigiosa. Lo chef stellato Andrea Susto \u00e8 entrato a far parte del team di cucina formato dallo chef Andreas Pernter, dal sous chef Marian Kalser e dai due ma\u00eetre Robert Haas (L&#8217;Orangerie) e Christian Morandini (Luisa Gourmet). Un supporto concettuale e di qualit\u00e0, che a partire da oggi, gli ospiti potranno scoprire e gustare attraverso il nuovo men\u00f9 gourmet estivo e stagionale presso il ristorante L&#8217;Orangerie dell&#8217;hotel e lasciarsi trasportare dall&#8217;entusiasmo di Andrea Susto per un&#8217;interpretazione innovativa della cucina italiana. Dal 10 al 13 luglio Andrea Susto presenta il suo nuovo menu accogliendo personalmente gli ospiti del Manna Luxury Resort.<br \/>\nOriginario di Merano, Andrea Susto \u00e8 entrato presto in contatto con la cucina locale per poi lasciarsi sedurre dall\u2019influenza dell\u2019Asia, dove ha trascorso pi\u00f9 di dieci anni della sua vita professionale.\u00a0 Susto ha sviluppato il suo stile unico in grado di combinare i sapori mediterranei con gli ingredienti asiatici in un modo del tutto personale. Ha dimostrato la sua bravura al ristorante Opera Bombana di Pechino, dove ha difeso la sua stella Michelin per quattro volte consecutive. Anche come sous chef presso 8\u00bd Otto e Mezzo Bombana Hong Kong, prestigioso ristorante a tre stelle, \u00e8 riuscito ad affinare le sue abilit\u00e0 culinarie senza perdere di vista le sue radici alpine italiane. \u201cIl sapore viene prima di tutto\u201d \u00e8 il motto pi\u00f9 importante degli altoatesini. Andrea Susto continuer\u00e0 a perseguire questa motivazione al Manna Resort e trasmetter\u00e0 le sue eccellenti idee di innovazione al team di cucina dell&#8217;hotel.<\/p>\n<p><strong>Manna Luxury Resort<\/strong><\/p>\n<p>Il resort a 5 stelle si trova a Montagna, Bolzano, nello scenario alpino delle Dolomiti, ai piedi del Parco Nazionale del Monte Corno. Sul sito di un&#8217;ex segheria, il moderno edificio in legno, rame, vetro e tetto ricoperto d&#8217;erba, si fonde con la natura circostante come se fosse sempre esistito. Il resort dispone di 15 junior suite ispirate ai paesi di tutto il mondo. Ognuna delle camere dispone di una terrazza mentre quelle di ispirazione scandinava dispongono tutte di una propria sauna. Ci sono anche 4 chalet, ciascuno con il proprio soggiorno, camino e sauna, due dei quali hanno accesso alla piscina naturale interna. Lo Chalet Luisa, di nuova costruzione, dispone anche di una propria area spa esterna e garantisce un elevato livello di privacy. Una struttura di charme ispirata ai viaggi, in particolare alla Thailandia, dove benessere fisico e mentale sono una ricerca continua con le proposte dell\u2019area\u00a0 spa di ispirazione asiatica con alcuni terapisti tailandesi, ma anche yoga, meditazione, due saune, un bagno turco e uno mediterraneo, una piscina interna ed esterna e una piscina naturale. Nella moderna palestra, gli ospiti possono allenarsi con attrezzature all&#8217;avanguardia e personal trainer in grado di fornire un programma di allenamento personalizzato e sulla base delle proprie attitudini e prestazioni individuali. In inverno sono a disposizione il servizio navetta per il comprensorio sciistico e il maestro di sci.<br \/>\nL\u2019offerta gastronomica di alto livello comprende due ristoranti: L\u2019Orangerie e Luisa Gourmet, due eccellenze sul territorio altoatesino che della tradizione con innovazione ne hanno fatto la propria cifra stilistica unendo sapori esotici e talentuosi chef per un\u2019esperienza unica.<\/td>\n<\/tr>\n<\/tbody>\n<\/table>\n<\/td>\n<\/tr>\n<\/tbody>\n<\/table>\n<\/td>\n<\/tr>\n<\/tbody>\n<\/table>\n<p>&nbsp;<\/p>\n<table width=\"100%\">\n<tbody>\n<tr>\n<td>\n<table width=\"100%\">\n<tbody>\n<tr>\n<td width=\"600\">\n<table width=\"100%\">\n<tbody>\n<tr>\n<td>\n<h4>Contatti:<br \/>\nMANNA RESORT<br \/>\nVicolo Klamm, 3\u00a0Doladizza\u00a039040 Montagna\u00a0BZ\u00a0Italia<br \/>\nTel: + 39 0471 1430095<br \/>\n<a href=\"mailto:info@mannaresort.it\">info@mannaresort.it<\/a><br \/>\n<a href=\"https:\/\/pizzininiscolari.us16.list-manage.com\/track\/click?u=342bb200eca67c2476e8b2c1f&amp;id=de295d67ef&amp;e=6cbde8405c\">https:\/\/www.mannaresort.it<\/a><\/h4>\n<p>Ufficio Stampa:<br \/>\nPizzinini Scolari ComunicAzione<br \/>\nChristian Pizzinini \u2013 Cell. 3388543309 \u2013 E-mail: <a href=\"mailto:christian.pizzinini@pizzininiscolari.com\">christian.pizzinini@pizzininiscolari.com<\/a><br \/>\nAntonio Lodovico Scolari \u2013 Cell. 3384033738 \u2013 E-mail: <a href=\"mailto:antonio.scolari@pizzininiscolari.com\">antonio.scolari@pizzininiscolari.com<\/a><\/td>\n<\/tr>\n<\/tbody>\n<\/table>\n<\/td>\n<\/tr>\n<\/tbody>\n<\/table>\n<\/td>\n<\/tr>\n<\/tbody>\n<\/table>\n<\/td>\n<\/tr>\n<\/tbody>\n<\/table>\n","protected":false},"excerpt":{"rendered":"<p><p>Una nuova stella nella cucina del Manna Luxury Resort Andrea Susto affianca lo chef come nuovo consulente &nbsp; &nbsp; &nbsp; &nbsp; Dal 10 luglio una nuova esperienza si aggiunge al Manna Resort in Alto Adige. La sua offerta gastronomica, da sempre fiore all\u2019occhiello della struttura, si arricchisce di una consulenza prestigiosa. Lo chef stellato Andrea Susto \u00e8 entrato a far parte del team di cucina formato dallo chef Andreas Pernter, dal sous chef Marian Kalser e dai due ma\u00eetre Robert Haas (L&#8217;Orangerie) e Christian Morandini (Luisa Gourmet). Un supporto concettuale e di qualit\u00e0, che a partire da oggi, gli ospiti [&hellip;]<\/p>\n&nbsp;&nbsp;<div class=\"readmore\"><a href=\"https:\/\/blog.ilgiornale.it\/viaggiopervoi\/2024\/07\/12\/5855\/\">Continua a leggere...<\/a><\/div><\/p>","protected":false},"author":1088,"featured_media":0,"comment_status":"open","ping_status":"closed","sticky":false,"template":"","format":"standard","meta":[],"categories":[36405,121644,388],"tags":[36405,545164,545167,545166,545165,545163],"_links":{"self":[{"href":"https:\/\/blog.ilgiornale.it\/viaggiopervoi\/wp-json\/wp\/v2\/posts\/5855"}],"collection":[{"href":"https:\/\/blog.ilgiornale.it\/viaggiopervoi\/wp-json\/wp\/v2\/posts"}],"about":[{"href":"https:\/\/blog.ilgiornale.it\/viaggiopervoi\/wp-json\/wp\/v2\/types\/post"}],"author":[{"embeddable":true,"href":"https:\/\/blog.ilgiornale.it\/viaggiopervoi\/wp-json\/wp\/v2\/users\/1088"}],"replies":[{"embeddable":true,"href":"https:\/\/blog.ilgiornale.it\/viaggiopervoi\/wp-json\/wp\/v2\/comments?post=5855"}],"version-history":[{"count":4,"href":"https:\/\/blog.ilgiornale.it\/viaggiopervoi\/wp-json\/wp\/v2\/posts\/5855\/revisions"}],"predecessor-version":[{"id":5861,"href":"https:\/\/blog.ilgiornale.it\/viaggiopervoi\/wp-json\/wp\/v2\/posts\/5855\/revisions\/5861"}],"wp:attachment":[{"href":"https:\/\/blog.ilgiornale.it\/viaggiopervoi\/wp-json\/wp\/v2\/media?parent=5855"}],"wp:term":[{"taxonomy":"category","embeddable":true,"href":"https:\/\/blog.ilgiornale.it\/viaggiopervoi\/wp-json\/wp\/v2\/categories?post=5855"},{"taxonomy":"post_tag","embeddable":true,"href":"https:\/\/blog.ilgiornale.it\/viaggiopervoi\/wp-json\/wp\/v2\/tags?post=5855"}],"curies":[{"name":"wp","href":"https:\/\/api.w.org\/{rel}","templated":true}]}}