{"id":6332,"date":"2024-10-26T16:16:23","date_gmt":"2024-10-26T14:16:23","guid":{"rendered":"https:\/\/blog.ilgiornale.it\/viaggiopervoi\/?p=6332"},"modified":"2024-10-26T16:16:23","modified_gmt":"2024-10-26T14:16:23","slug":"carinzia-i-mercatini-dellavvento-da-godere-al-falkensteiner-schlosshotel-velden-premiato-dalla-guida-michelin-con-2-chiavi","status":"publish","type":"post","link":"https:\/\/blog.ilgiornale.it\/viaggiopervoi\/2024\/10\/26\/carinzia-i-mercatini-dellavvento-da-godere-al-falkensteiner-schlosshotel-velden-premiato-dalla-guida-michelin-con-2-chiavi\/","title":{"rendered":"Carinzia: i mercatini dell&#8217;Avvento da godere al Falkensteiner Schlosshotel Velden, premiato dalla Guida MICHELIN con 2 Chiavi"},"content":{"rendered":"<h2>Carinzia: i mercatini dell&#8217;Avvento da godere al Falkensteiner Schlosshotel Velden,<br \/>\npremiato dalla Guida MICHELIN con 2 Chiavi<\/h2>\n<p>&nbsp;<\/p>\n<p>di<strong>\u00a0Stefano Passaquindici<\/strong><\/p>\n<p>&nbsp;<\/p>\n<p>&nbsp;<\/p>\n<p><a href=\"https:\/\/blog.ilgiornale.it\/viaggiopervoi\/files\/2024\/10\/2312dr_falkensteiner-velden-exterior_10-DJI_20231223035600_0762.jpg\"><img loading=\"lazy\" class=\" wp-image-6334\" src=\"https:\/\/blog.ilgiornale.it\/viaggiopervoi\/files\/2024\/10\/2312dr_falkensteiner-velden-exterior_10-DJI_20231223035600_0762-300x225.jpg\" alt=\"\" width=\"631\" height=\"473\" srcset=\"https:\/\/blog.ilgiornale.it\/viaggiopervoi\/files\/2024\/10\/2312dr_falkensteiner-velden-exterior_10-DJI_20231223035600_0762-300x225.jpg 300w, https:\/\/blog.ilgiornale.it\/viaggiopervoi\/files\/2024\/10\/2312dr_falkensteiner-velden-exterior_10-DJI_20231223035600_0762-1024x768.jpg 1024w, https:\/\/blog.ilgiornale.it\/viaggiopervoi\/files\/2024\/10\/2312dr_falkensteiner-velden-exterior_10-DJI_20231223035600_0762-768x576.jpg 768w, https:\/\/blog.ilgiornale.it\/viaggiopervoi\/files\/2024\/10\/2312dr_falkensteiner-velden-exterior_10-DJI_20231223035600_0762.jpg 1152w\" sizes=\"(max-width: 631px) 100vw, 631px\" \/><\/a><\/p>\n<p>&nbsp;<\/p>\n<p>&nbsp;<\/p>\n<p>Carinzia non solo d\u2019estate: questa \u00e8 una soleggiata regione che pu\u00f2 essere goduta anche in inverno tra neve, mercatini dell\u2019Avvento e hotel per tutte le tasche.<\/p>\n<p><strong>Sinceramente \u00e8 pi\u00f9 il dire che il fare, soprattutto se si viaggia in buona compagnia<\/strong>: in poco pi\u00f9 di 5 ore da Milano in auto si arriva in Carinzia.<br \/>\nEd \u00e8 davvero un bello spettacolo tra laghi ghiacciati, montagne innevate e atmosfere rilassanti.<\/p>\n<p>&nbsp;<\/p>\n<p>sulle incantevoli sponde del Lago di W\u00f6rthersee, il <a href=\"https:\/\/www.falkensteiner.com\/it\/schlosshotel-velden\"><strong>Falkensteiner Schlosshotel Velden<\/strong><\/a> si erge come una perfetta <strong>fusione tra passato e futuro<\/strong>, un luogo dove il <strong>fascino di un\u2019antica dimora<\/strong> si intreccia con il <strong>lusso contemporaneo<\/strong> della proposta di <strong>ospitalit\u00e0<\/strong> firmata<strong> Falkensteiner Hotels &amp; Residences<\/strong>.<\/p>\n<p>&nbsp;<\/p>\n<p>Parte dell\u2019esclusivo circuito &#8220;<strong>Leading Hotels of the World<\/strong>&#8220;, il Falkensteiner Schlosshotel Velden \u00e8 stato premiato dalla <strong>Guida MICHELIN<\/strong> con <strong>2 Chiavi MICHELIN<\/strong>, uno dei riconoscimenti pi\u00f9 prestigiosi nel settore dell\u2019hotellerie di lusso che celebra le strutture in grado di trasformare un semplice pernottamento in un <strong>viaggio memorabile<\/strong>. Per la prima volta in Austria, infatti, le Chiavi sono state attribuite agli hotel che eccellono in cinque aree: <strong>architettura e design<\/strong>, <strong>qualit\u00e0 del servizio<\/strong>, <strong>unicit\u00e0<\/strong>, <strong>rapporto qualit\u00e0-prezzo<\/strong> e<strong> rilevanza nel contesto locale<\/strong>.<\/p>\n<p>L\u2019hotel del brand altoatesino ha saputo distinguersi come <strong>destinazione iconica<\/strong>, grazie alle meravigliose <strong>vedute panoramiche<\/strong>, agli <strong>ambienti raffinati<\/strong> e a un <strong>servizio a 5 stelle<\/strong> che la rendono l\u2019indirizzo ideale per una vacanza da sogno nel cuore della Carinzia. L\u2019hotel, inoltre, spicca per la sua ampia offerta di <strong>esperienze esclusive<\/strong>, che permettono di vivere appieno la bellezza della regione austriaca.<\/p>\n<p>Fra queste, da non perdere ci sono i trattamenti benessere con ingredienti locali dell\u2019<strong><a href=\"https:\/\/www.falkensteiner.com\/it\/schlosshotel-velden\/benessere-spa\">Acquapura Lake Spa<\/a><\/strong>, la <strong>gastronomia d\u2019eccellenza <\/strong>del <strong><a href=\"https:\/\/www.falkensteiner.com\/it\/schlosshotel-velden\/seespitz-restaurant-living\">Seespitz Restaurant &amp; Living<\/a><\/strong>, con il suo delizioso <strong>men\u00f9 regionale<\/strong> a base di prodotti a KM0, e le numerose <strong><a href=\"https:\/\/www.falkensteiner.com\/it\/schlosshotel-velden\/esperienza\/sport\">attivit\u00e0 sportive<\/a><\/strong>, come il <strong>pattinaggio sul ghiaccio<\/strong>, lo <strong>sci di fondo<\/strong> o lo <strong>yoga<\/strong>.<\/p>\n<p>&nbsp;<\/p>\n<p><a href=\"https:\/\/blog.ilgiornale.it\/viaggiopervoi\/files\/2023\/11\/7.jpg\"><img loading=\"lazy\" class=\"alignnone wp-image-4555\" src=\"https:\/\/blog.ilgiornale.it\/viaggiopervoi\/files\/2023\/11\/7-245x300.jpg\" alt=\"\" width=\"686\" height=\"840\" srcset=\"https:\/\/blog.ilgiornale.it\/viaggiopervoi\/files\/2023\/11\/7-245x300.jpg 245w, https:\/\/blog.ilgiornale.it\/viaggiopervoi\/files\/2023\/11\/7.jpg 522w\" sizes=\"(max-width: 686px) 100vw, 686px\" \/><\/a><\/p>\n<p>&nbsp;<\/p>\n<p><strong>A Velden, sul lago di Wort<\/strong>\u00a0<strong>c\u2019\u00e8 un bel castello<\/strong>, ora un hotel di lusso proprio\u00a0<strong>in riva al lago e in pieno centro,<\/strong>\u00a0dove alloggiare nel massimo confort tra saloni, eleganti suite, una grande spa con piscina esterna e due ottimi ristoranti. \u00e8 il\u00a0<a href=\"https:\/\/www.falkensteiner.com\/en\/schlosshotel-velden\">Falkensteiner Schlosshotel Velden<\/a>,<\/p>\n<p>&nbsp;<\/p>\n<p><a href=\"https:\/\/blog.ilgiornale.it\/viaggiopervoi\/files\/2023\/11\/5-1.jpg\"><img loading=\"lazy\" class=\"alignnone wp-image-4553\" src=\"https:\/\/blog.ilgiornale.it\/viaggiopervoi\/files\/2023\/11\/5-1-239x300.jpg\" alt=\"\" width=\"678\" height=\"851\" srcset=\"https:\/\/blog.ilgiornale.it\/viaggiopervoi\/files\/2023\/11\/5-1-239x300.jpg 239w, https:\/\/blog.ilgiornale.it\/viaggiopervoi\/files\/2023\/11\/5-1.jpg 510w\" sizes=\"(max-width: 678px) 100vw, 678px\" \/><\/a><\/p>\n<p>&nbsp;<\/p>\n<p>Questo romantico hotel affacciato sulle rive del lago W\u00f6rthersee, caratterizzato da un affascinante intreccio tra moderno design e grandiosit\u00e0 storica, \u00e8 un rifugio da vivere e scoprire con tutti i sensi, dove concedersi una pausa per ritrovare il proprio equilibrio interiore. Le 103 camere e le suite principesche, l\u2019eccellente cuina gourmet, l\u2019Acquapura SPA &amp; Slow.Living di 3.600 m2 , l\u2019esclusivo Beach Club, uniti ad un servizio impeccabile, trasformano ogni soggiorno in un\u2019esperienza indimenticabile.<\/p>\n<p>&nbsp;<\/p>\n<p><a href=\"https:\/\/blog.ilgiornale.it\/viaggiopervoi\/files\/2023\/11\/6.jpg\"><img loading=\"lazy\" class=\"alignnone wp-image-4554\" src=\"https:\/\/blog.ilgiornale.it\/viaggiopervoi\/files\/2023\/11\/6-248x300.jpg\" alt=\"\" width=\"680\" height=\"823\" srcset=\"https:\/\/blog.ilgiornale.it\/viaggiopervoi\/files\/2023\/11\/6-248x300.jpg 248w, https:\/\/blog.ilgiornale.it\/viaggiopervoi\/files\/2023\/11\/6.jpg 529w\" sizes=\"(max-width: 680px) 100vw, 680px\" \/>Carinzia<\/a><\/p>\n<p>&nbsp;<\/p>\n<p>Qui si pu\u00f2 soggiornare nel massimo confort con<strong>\u00a0giornate diverse tra relax nella spa, gite a cavallo o in battello e la gioiosa atmosfera natalizia c<\/strong>he gi\u00e0 regna nell\u2019Hotel e nei dintorni.<\/p>\n<p>&nbsp;<\/p>\n<p><a href=\"https:\/\/blog.ilgiornale.it\/viaggiopervoi\/files\/2023\/11\/Advent-Velden-cGert-Steinthlaer-06.jpg\"><img loading=\"lazy\" class=\"alignnone wp-image-4539\" src=\"https:\/\/blog.ilgiornale.it\/viaggiopervoi\/files\/2023\/11\/Advent-Velden-cGert-Steinthlaer-06-300x188.jpg\" alt=\"\" width=\"754\" height=\"473\" srcset=\"https:\/\/blog.ilgiornale.it\/viaggiopervoi\/files\/2023\/11\/Advent-Velden-cGert-Steinthlaer-06-300x188.jpg 300w, https:\/\/blog.ilgiornale.it\/viaggiopervoi\/files\/2023\/11\/Advent-Velden-cGert-Steinthlaer-06-1024x641.jpg 1024w, https:\/\/blog.ilgiornale.it\/viaggiopervoi\/files\/2023\/11\/Advent-Velden-cGert-Steinthlaer-06-768x481.jpg 768w, https:\/\/blog.ilgiornale.it\/viaggiopervoi\/files\/2023\/11\/Advent-Velden-cGert-Steinthlaer-06-1536x961.jpg 1536w, https:\/\/blog.ilgiornale.it\/viaggiopervoi\/files\/2023\/11\/Advent-Velden-cGert-Steinthlaer-06.jpg 2004w\" sizes=\"(max-width: 754px) 100vw, 754px\" \/><\/a><\/p>\n<p>&nbsp;<\/p>\n<p><strong>Romantica fiaba invernale sul lago W\u00f6rthersee<\/strong><\/p>\n<p>Velden \u00e8 davvero imperdibile durante il periodo natalizio: La corona d\u2019Avvento galleggiante, simbolo dell\u2019Avvento di Velden visibile da lontano, evoca luce e calore nei cuori dei numerosi visitatori dell\u2019Avvento provenienti da vicino e da lontano. Anche tutta la famiglia si sente a casa nella \u201cCitt\u00e0 degli angeli sul lago W\u00f6rthersee\u201d con il suo nuovo concetto di illuminazione. Uno dei motivi \u00e8 lo straordinario programma per bambini, incentrato sul goffo ma adorabile allievo angelo Fabian. Insieme a lui, i piccoli visitatori del mercatino dell\u2019Avvento possono vivere numerose avventure nella stanza dell\u2019angelo che legge, scrive, fa bricolage e dipinge. Anche l\u2019Avvento per bambini di nuova concezione nei giardini delle terme, il giro in trenino attraverso la citt\u00e0, la gita in carrozza trainata da cavalli e i panorami da prospettive insolite regaleranno momenti indimenticabili: dalla nave sul percorso Engerl nella baia di Velden e dalla ruota panoramica dell\u2019Avvento davanti al Falkensteiner Schlosshotel Velden.<\/p>\n<p>&nbsp;<\/p>\n<p><a href=\"https:\/\/blog.ilgiornale.it\/viaggiopervoi\/files\/2023\/11\/Daniel-Waschnig-2019-cFalkensteiner-Hotels-Residences-18_zugeschnitten.jpg\"><img loading=\"lazy\" class=\"alignnone wp-image-4541\" src=\"https:\/\/blog.ilgiornale.it\/viaggiopervoi\/files\/2023\/11\/Daniel-Waschnig-2019-cFalkensteiner-Hotels-Residences-18_zugeschnitten-300x269.jpg\" alt=\"\" width=\"771\" height=\"692\" srcset=\"https:\/\/blog.ilgiornale.it\/viaggiopervoi\/files\/2023\/11\/Daniel-Waschnig-2019-cFalkensteiner-Hotels-Residences-18_zugeschnitten-300x269.jpg 300w, https:\/\/blog.ilgiornale.it\/viaggiopervoi\/files\/2023\/11\/Daniel-Waschnig-2019-cFalkensteiner-Hotels-Residences-18_zugeschnitten-768x688.jpg 768w, https:\/\/blog.ilgiornale.it\/viaggiopervoi\/files\/2023\/11\/Daniel-Waschnig-2019-cFalkensteiner-Hotels-Residences-18_zugeschnitten.jpg 1228w\" sizes=\"(max-width: 771px) 100vw, 771px\" \/><\/a><\/p>\n<p>&nbsp;<\/p>\n<p>La riva meridionale del lago W\u00f6rthersee \u00e8 tranquilla \u2013 sulla penisola di Maria W\u00f6rth, che \u00e8 visivamente dominata da due chiese pittoresche e fa da cornice alla tradizionale chiesa dell\u2019Avvento con il fuoco a forma di ciotola direttamente sulla riva del lago W\u00f6rthersee. Mentre la vista spazia sul lago e il profumo di vin brul\u00e9, spezie e biscotti riempie l\u2019aria, la gente del posto e gli ospiti possono aspettarsi un programma di concerti di alta qualit\u00e0 nella chiesa di pellegrinaggio e capanne rustiche in legno con specialit\u00e0 culinarie locali e una variet\u00e0 di prodotti artigianali.<\/p>\n<p>&nbsp;<\/p>\n<p><a href=\"https:\/\/blog.ilgiornale.it\/viaggiopervoi\/files\/2023\/11\/3-3.jpg\"><img loading=\"lazy\" class=\"alignnone wp-image-4551\" src=\"https:\/\/blog.ilgiornale.it\/viaggiopervoi\/files\/2023\/11\/3-3-225x300.jpg\" alt=\"\" width=\"770\" height=\"1027\" srcset=\"https:\/\/blog.ilgiornale.it\/viaggiopervoi\/files\/2023\/11\/3-3-225x300.jpg 225w, https:\/\/blog.ilgiornale.it\/viaggiopervoi\/files\/2023\/11\/3-3.jpg 480w\" sizes=\"(max-width: 770px) 100vw, 770px\" \/><\/a><\/p>\n<p>Il villaggio d\u2019Avvento a P\u00f6rtschach, una delle baie pi\u00f9 belle e idilliache del lago W\u00f6rthersee, incanta i bambini con la barca di Ges\u00f9 Bambino, i messaggi nelle bottiglie e un viaggio nella baia dell\u2019Avvento attraverso il mare di stelle: ma l&#8217;\u201dAvvento silenzioso\u201d ha ancora di pi\u00f9 da offrire, comprese esperienze non cos\u00ec silenziose ma armoniose: I cori carinziani eseguono le pi\u00f9 belle canzoni dell\u2019Avvento, che possono essere ascoltate durante tutto il mercato dell\u2019Avvento. La romantica passeggiata con le fiaccole lungo la penisola fino al presepe vivente \u00e8 un altro appuntamento settimanale del mercato dell\u2019artigianato dell\u2019Avvento a P\u00f6rtschach con 20 espositori diversi e ingresso gratuito. Dal 24.11.2023.<\/p>\n<p>&nbsp;<\/p>\n<p>&nbsp;<\/p>\n<p><a href=\"https:\/\/blog.ilgiornale.it\/viaggiopervoi\/files\/2023\/11\/4-2.jpg\"><img loading=\"lazy\" class=\"alignnone wp-image-4552\" src=\"https:\/\/blog.ilgiornale.it\/viaggiopervoi\/files\/2023\/11\/4-2-225x300.jpg\" alt=\"\" width=\"720\" height=\"960\" srcset=\"https:\/\/blog.ilgiornale.it\/viaggiopervoi\/files\/2023\/11\/4-2-225x300.jpg 225w, https:\/\/blog.ilgiornale.it\/viaggiopervoi\/files\/2023\/11\/4-2.jpg 480w\" sizes=\"(max-width: 720px) 100vw, 720px\" \/><\/a><\/p>\n<p>&nbsp;<\/p>\n<p><strong>Il nostro consiglio: sull\u2019acqua e sulla terraferma per visitare diversi mercatini dell\u2019Avvento sul lago W\u00f6rthersee<\/strong><\/p>\n<p>Dalla nave, potrete ammirare il mare di luci prenatalizio intorno al lago W\u00f6rthersee da una prospettiva completamente diversa. Le navi fanno scalo ai mercatini dell\u2019Avvento di Velden, P\u00f6rtschach, Klagenfurt e Maria W\u00f6rth. L\u2019autobus porta anche al Pyramidenkogel con il suo piccolo mercato dell\u2019Avvento e al centro storico di Klagenfurt.\u00a0 Novit\u00e0 di quest\u2019anno: anche i villaggi dell\u2019Avvento di Velden, Maria W\u00f6rth e Pyramidenkogel possono essere raggiunti comodamente con il bus navetta.<\/p>\n<p>&nbsp;<\/p>\n<p>&nbsp;<\/p>\n<p><a href=\"https:\/\/blog.ilgiornale.it\/viaggiopervoi\/files\/2023\/11\/1-3.jpg\"><img loading=\"lazy\" class=\"alignnone wp-image-4549\" src=\"https:\/\/blog.ilgiornale.it\/viaggiopervoi\/files\/2023\/11\/1-3-225x300.jpg\" alt=\"\" width=\"608\" height=\"811\" srcset=\"https:\/\/blog.ilgiornale.it\/viaggiopervoi\/files\/2023\/11\/1-3-225x300.jpg 225w, https:\/\/blog.ilgiornale.it\/viaggiopervoi\/files\/2023\/11\/1-3.jpg 480w\" sizes=\"(max-width: 608px) 100vw, 608px\" \/><\/a><\/p>\n<p>&nbsp;<\/p>\n<p>&nbsp;<\/p>\n<p><strong>Avvento sopra le nuvole<\/strong><\/p>\n<p>Una vista mozzafiato su tutta la Carinzia \u00e8 promessa dall\u2019Avvento sopra le nuvole sulla torre Pyramidenkogel, la torre di osservazione in legno pi\u00f9 alta del mondo con i suoi 100 metri. Ai suoi piedi, i visitatori troveranno un variegato mercato dell\u2019Avvento con ciotole per il fuoco, aree per sedersi e capanne in legno con prodotti della regione Alpe-Adria, artigiani, prelibatezze regionali e gruppi musicali locali che suonano dal vivo e senza elettricit\u00e0. Inoltre, un magico programma invernale per i bambini<\/p>\n","protected":false},"excerpt":{"rendered":"<p><p>Carinzia: i mercatini dell&#8217;Avvento da godere al Falkensteiner Schlosshotel Velden, premiato dalla Guida MICHELIN con 2 Chiavi &nbsp; di\u00a0Stefano Passaquindici &nbsp; &nbsp; &nbsp; &nbsp; Carinzia non solo d\u2019estate: questa \u00e8 una soleggiata regione che pu\u00f2 essere goduta anche in inverno tra neve, mercatini dell\u2019Avvento e hotel per tutte le tasche. Sinceramente \u00e8 pi\u00f9 il dire che il fare, soprattutto se si viaggia in buona compagnia: in poco pi\u00f9 di 5 ore da Milano in auto si arriva in Carinzia. Ed \u00e8 davvero un bello spettacolo tra laghi ghiacciati, montagne innevate e atmosfere rilassanti. &nbsp; sulle incantevoli sponde del Lago di [&hellip;]<\/p>\n&nbsp;&nbsp;<div class=\"readmore\"><a href=\"https:\/\/blog.ilgiornale.it\/viaggiopervoi\/2024\/10\/26\/carinzia-i-mercatini-dellavvento-da-godere-al-falkensteiner-schlosshotel-velden-premiato-dalla-guida-michelin-con-2-chiavi\/\">Continua a leggere...<\/a><\/div><\/p>","protected":false},"author":1088,"featured_media":0,"comment_status":"open","ping_status":"closed","sticky":false,"template":"","format":"standard","meta":[],"categories":[87,246505,48249,16079,73681,342340],"tags":[544644,544645,544821,544820],"_links":{"self":[{"href":"https:\/\/blog.ilgiornale.it\/viaggiopervoi\/wp-json\/wp\/v2\/posts\/6332"}],"collection":[{"href":"https:\/\/blog.ilgiornale.it\/viaggiopervoi\/wp-json\/wp\/v2\/posts"}],"about":[{"href":"https:\/\/blog.ilgiornale.it\/viaggiopervoi\/wp-json\/wp\/v2\/types\/post"}],"author":[{"embeddable":true,"href":"https:\/\/blog.ilgiornale.it\/viaggiopervoi\/wp-json\/wp\/v2\/users\/1088"}],"replies":[{"embeddable":true,"href":"https:\/\/blog.ilgiornale.it\/viaggiopervoi\/wp-json\/wp\/v2\/comments?post=6332"}],"version-history":[{"count":3,"href":"https:\/\/blog.ilgiornale.it\/viaggiopervoi\/wp-json\/wp\/v2\/posts\/6332\/revisions"}],"predecessor-version":[{"id":6336,"href":"https:\/\/blog.ilgiornale.it\/viaggiopervoi\/wp-json\/wp\/v2\/posts\/6332\/revisions\/6336"}],"wp:attachment":[{"href":"https:\/\/blog.ilgiornale.it\/viaggiopervoi\/wp-json\/wp\/v2\/media?parent=6332"}],"wp:term":[{"taxonomy":"category","embeddable":true,"href":"https:\/\/blog.ilgiornale.it\/viaggiopervoi\/wp-json\/wp\/v2\/categories?post=6332"},{"taxonomy":"post_tag","embeddable":true,"href":"https:\/\/blog.ilgiornale.it\/viaggiopervoi\/wp-json\/wp\/v2\/tags?post=6332"}],"curies":[{"name":"wp","href":"https:\/\/api.w.org\/{rel}","templated":true}]}}