{"id":6433,"date":"2024-11-06T16:11:01","date_gmt":"2024-11-06T15:11:01","guid":{"rendered":"https:\/\/blog.ilgiornale.it\/viaggiopervoi\/?p=6433"},"modified":"2024-11-06T16:11:01","modified_gmt":"2024-11-06T15:11:01","slug":"villa-sandi-al-fianco-della-collezione-peggy-guggenheim-di-venezia","status":"publish","type":"post","link":"https:\/\/blog.ilgiornale.it\/viaggiopervoi\/2024\/11\/06\/villa-sandi-al-fianco-della-collezione-peggy-guggenheim-di-venezia\/","title":{"rendered":"Villa Sandi al fianco della collezione Peggy Guggenheim di Venezia"},"content":{"rendered":"<p><strong>VILLA SANDI AL FIANCO DELLA COLLEZIONE<\/strong><\/p>\n<p><strong>PEGGY GUGGENHEIM DI VENEZIA<\/p>\n<p><\/strong><\/p>\n<p>&nbsp;<\/p>\n<p><strong><em>La famiglia Moretti Polegato conferma il proprio impegno culturale<br \/>\ne il suo legame con la citt\u00e0 aderendo al progetto Guggenheim Intrapres\u00e6<\/p>\n<p><\/em><\/strong><\/p>\n<p><em>\u00a0<\/em><\/p>\n<p>&nbsp;<\/p>\n<p><a href=\"https:\/\/blog.ilgiornale.it\/viaggiopervoi\/files\/2024\/11\/Giancarlo-Moretti-Polegato_VillaSandi-2.jpg\"><img loading=\"lazy\" class=\"alignnone size-medium wp-image-6434\" src=\"https:\/\/blog.ilgiornale.it\/viaggiopervoi\/files\/2024\/11\/Giancarlo-Moretti-Polegato_VillaSandi-2-300x205.jpg\" alt=\"\" width=\"300\" height=\"205\" srcset=\"https:\/\/blog.ilgiornale.it\/viaggiopervoi\/files\/2024\/11\/Giancarlo-Moretti-Polegato_VillaSandi-2-300x205.jpg 300w, https:\/\/blog.ilgiornale.it\/viaggiopervoi\/files\/2024\/11\/Giancarlo-Moretti-Polegato_VillaSandi-2-1024x699.jpg 1024w, https:\/\/blog.ilgiornale.it\/viaggiopervoi\/files\/2024\/11\/Giancarlo-Moretti-Polegato_VillaSandi-2-768x525.jpg 768w, https:\/\/blog.ilgiornale.it\/viaggiopervoi\/files\/2024\/11\/Giancarlo-Moretti-Polegato_VillaSandi-2.jpg 1350w\" sizes=\"(max-width: 300px) 100vw, 300px\" \/><\/a><\/p>\n<p>&nbsp;<\/p>\n<p><em>Crocetta del Montello, 06 novembre 2024<\/em> &#8211; <strong>Villa Sandi<\/strong> rafforza il proprio impegno in ambito culturale e il legame con Venezia annunciando l\u2019importante unione con \u00a0la Collezione Peggy Guggenheim, tra le pi\u00f9 prestigiose istituzioni d\u2019arte moderna a livello internazionale. L\u2019azienda vitivinicola, leader nella produzione di vini e di Prosecco Docg e Doc in Veneto e in Friuli Venezia Giulia, aderisce al progetto Guggenheim Intrapres\u00e6 ed entra a far parte di un gruppo di realt\u00e0 aziendali di fama internazionale che con passione sostiene programmazione e iniziative della Collezione Peggy Guggenheim.<\/p>\n<p>&nbsp;<\/p>\n<p>La collaborazione \u00e8 occasione per celebrare i primi quarant\u2019anni dall\u2019apertura al pubblico di Villa Sandi, storico edificio di scuola palladiana situato tra le verdi colline della Marca Trevigiana che d\u00e0 il nome all\u2019azienda. Dopo un accurato restauro durato diversi anni, \u00e8 stata tra le prime realt\u00e0 italiane ad accogliere visitatori esterni, promuovendo cos\u00ec l\u2019arte e la bellezza come parte della propria identit\u00e0. E con il 2024 la cantina si appresta a tagliare lo storico traguardo di 500.000 visite, confermando il proprio ruolo di ambasciatrice di cultura, arte e sapori.<\/p>\n<p>&nbsp;<\/p>\n<p>Il legame con la <strong>Collezione Peggy Guggenheim<\/strong> nasce dalla volont\u00e0 dell\u2019azienda di sostenere la cultura con un gesto concreto, promuovendo il dialogo tra arte e impresa, e valorizzando il patrimonio artistico di Venezia a beneficio delle nuove generazioni e dei visitatori di tutto il mondo.<\/p>\n<p>&nbsp;<\/p>\n<p><em>\u201cIl vino, come l&#8217;arte, \u00e8 veicolo d\u2019eccellenza capace di condividere un patrimonio di emozioni. Per questo, abbracciare un progetto cos\u00ec prestigioso come Guggenheim Intrapres\u00e6 non solo ci riempie di orgoglio, ma conferma il nostro profondo legame con Venezia e il suo ricco patrimonio culturale. Attraverso questa collaborazione, ci impegniamo a valorizzare e preservare tesori artistici, diventando custodi di un&#8217;eredit\u00e0 che va oltre il nostro tempo,\u201d dichiara <strong>Giancarlo Moretti Polegato, Presidente di Villa Sandi<\/strong>. \u201cSiamo legati alla storia delle nostre terre e siamo stati fra le prime cantine ad aprire le porte ai visitatori, accompagnandoli alla scoperta e alla conoscenza del mondo del vino e non solo. Per questo oggi guardiamo con ancora pi\u00f9 slancio a nuovi orizzonti per continuare a consentire alla cultura e alle sue meraviglie di ispirare e arricchire il mondo.\u201d<\/em><\/p>\n<p>&nbsp;<\/p>\n<p>In un contesto globale sempre pi\u00f9 sensibile al valore culturale e alla responsabilit\u00e0 sociale, il mecenatismo \u00e8 per Villa Sandi una scelta strategica volta a rafforzare la propria identit\u00e0 e costruire un legame profondo con i propri consumatori.<\/p>\n<p>&nbsp;<\/p>\n<p>Attraverso il progetto Guggenheim Intrapres\u00e6 l\u2019azienda si unisce a un gruppo selezionato di imprese che condividono l\u2019amore per la cultura, contribuendo a valorizzare uno dei musei pi\u00f9 iconici del mondo e sostenendo la diffusione del sapere artistico per le generazioni presenti e future. Inoltre, d\u00e0 ai propri dipendenti l&#8217;opportunit\u00e0 di accedere gratuitamente al museo e a iniziative dedicate, come visite guidate, laboratori per bambini e giornate di approfondimento.<\/p>\n<p>&nbsp;<\/p>\n<p>&nbsp;<\/p>\n<p><strong>Villa Sandi<\/strong><\/p>\n<p><a href=\"https:\/\/blog.ilgiornale.it\/viaggiopervoi\/files\/2024\/11\/Villa-Sandi-2023-3.jpg\"><img loading=\"lazy\" class=\"alignnone size-medium wp-image-6435\" src=\"https:\/\/blog.ilgiornale.it\/viaggiopervoi\/files\/2024\/11\/Villa-Sandi-2023-3-300x200.jpg\" alt=\"\" width=\"300\" height=\"200\" srcset=\"https:\/\/blog.ilgiornale.it\/viaggiopervoi\/files\/2024\/11\/Villa-Sandi-2023-3-300x200.jpg 300w, https:\/\/blog.ilgiornale.it\/viaggiopervoi\/files\/2024\/11\/Villa-Sandi-2023-3.jpg 709w\" sizes=\"(max-width: 300px) 100vw, 300px\" \/><\/a><\/p>\n<p>Edificio di scuola palladiana risalente al 1622 ai piedi delle colline trevigiane, <strong>Villa Sandi<\/strong> \u00e8 felice esempio del legame tra arte e agricoltura che ha caratterizzato il paesaggio veneto dei secoli passati, simbolo del legame tra il fasto di Venezia e la campagna dell\u2019entroterra.<\/p>\n<p>Al di sotto della villa, si estendono per circa un chilometro e mezzo secolari e suggestive cantine sotterranee che, per la loro naturale caratteristica di mantenere costante temperatura e umidit\u00e0, creano un ambiente ideale per la maturazione e l\u2019invecchiamento dei vini.<\/p>\n<p>L\u2019ingresso \u00e8 indicato da un elegante viale, accompagnato da statue del celebre scultore veneto Orazio Marinali, le cui opere decorano anche il timpano e il giardino retrostante. Un imponente pronao, sostenuto da quattro colonne ioniche, orna il corpo principale dell\u2019edificio, ai cui lati si estendono due barchesse porticate e una piccola chiesa.<\/p>\n<p>La preziosit\u00e0 delle stanze, nel delicato accostamento di colori pastello, di stucchi e bassorilievi, dove splendono originali lampadari di Murano, e dove hanno soggiornato Napoleone Bonaparte, Antonio Canova, il pittore Schiavoni, gli scrittori Caccianiga e Corso, testimonia le memorie di un passato veneziano, glorioso ed aristocratico.<\/p>\n<p>&nbsp;<\/p>\n<p>Oltre ad ospitare un percorso culturale ed emozionale e a raccontare cos\u00ec il legame storico fra arte, architettura ed agricoltura della terra veneta, Villa Sandi accoglie corsi e incontri di carattere tecnico, scientifico e culturale custodendo e rivisitando la tradizione delle ville venete, in passato sede di convivi e cenacoli culturali.<\/p>\n<p>Villa Sandi \u00e8 nella Top 100 della World\u2019s Best Vineyards, classifica che premia le pi\u00f9 belle aziende vitivinicole che le persone dovrebbero visitare almeno una volta nella vita.<\/p>\n<p><em>\u00a0<\/em><\/p>\n<p>&nbsp;<\/p>\n<p>Per informazioni:<\/p>\n<p>&nbsp;<\/p>\n<p>Thanai Bernardini, Ufficio stampa esterno Villa Sandi<\/p>\n<p>335.7245418<\/p>\n<p><a href=\"mailto:me@thanai.it\">me@thanai.it<\/a><\/p>\n<p>&nbsp;<\/p>\n<p>Chiara Andretta, Ufficio stampa esterno Villa Sandi<\/p>\n<p>347.0682566<\/p>\n<p><a href=\"mailto:me@thanai.it\">chiara.andretta@thanai.it<\/a><\/p>\n<p>&nbsp;<\/p>\n<p>Manuela Oregna, Ufficio stampa Villa Sandi<\/p>\n<p>337.518666<\/p>\n<p><a href=\"mailto:manuela.oregna@villasandi.it\">manuela.oregna@villasandi.it<\/a><\/p>\n","protected":false},"excerpt":{"rendered":"<p><p>VILLA SANDI AL FIANCO DELLA COLLEZIONE PEGGY GUGGENHEIM DI VENEZIA &nbsp; La famiglia Moretti Polegato conferma il proprio impegno culturale e il suo legame con la citt\u00e0 aderendo al progetto Guggenheim Intrapres\u00e6 \u00a0 &nbsp; &nbsp; Crocetta del Montello, 06 novembre 2024 &#8211; Villa Sandi rafforza il proprio impegno in ambito culturale e il legame con Venezia annunciando l\u2019importante unione con \u00a0la Collezione Peggy Guggenheim, tra le pi\u00f9 prestigiose istituzioni d\u2019arte moderna a livello internazionale. L\u2019azienda vitivinicola, leader nella produzione di vini e di Prosecco Docg e Doc in Veneto e in Friuli Venezia Giulia, aderisce al progetto Guggenheim Intrapres\u00e6 ed [&hellip;]<\/p>\n&nbsp;&nbsp;<div class=\"readmore\"><a href=\"https:\/\/blog.ilgiornale.it\/viaggiopervoi\/2024\/11\/06\/villa-sandi-al-fianco-della-collezione-peggy-guggenheim-di-venezia\/\">Continua a leggere...<\/a><\/div><\/p>","protected":false},"author":1088,"featured_media":0,"comment_status":"open","ping_status":"closed","sticky":false,"template":"","format":"standard","meta":[],"categories":[9894,87],"tags":[382035,595430,595428],"_links":{"self":[{"href":"https:\/\/blog.ilgiornale.it\/viaggiopervoi\/wp-json\/wp\/v2\/posts\/6433"}],"collection":[{"href":"https:\/\/blog.ilgiornale.it\/viaggiopervoi\/wp-json\/wp\/v2\/posts"}],"about":[{"href":"https:\/\/blog.ilgiornale.it\/viaggiopervoi\/wp-json\/wp\/v2\/types\/post"}],"author":[{"embeddable":true,"href":"https:\/\/blog.ilgiornale.it\/viaggiopervoi\/wp-json\/wp\/v2\/users\/1088"}],"replies":[{"embeddable":true,"href":"https:\/\/blog.ilgiornale.it\/viaggiopervoi\/wp-json\/wp\/v2\/comments?post=6433"}],"version-history":[{"count":2,"href":"https:\/\/blog.ilgiornale.it\/viaggiopervoi\/wp-json\/wp\/v2\/posts\/6433\/revisions"}],"predecessor-version":[{"id":6437,"href":"https:\/\/blog.ilgiornale.it\/viaggiopervoi\/wp-json\/wp\/v2\/posts\/6433\/revisions\/6437"}],"wp:attachment":[{"href":"https:\/\/blog.ilgiornale.it\/viaggiopervoi\/wp-json\/wp\/v2\/media?parent=6433"}],"wp:term":[{"taxonomy":"category","embeddable":true,"href":"https:\/\/blog.ilgiornale.it\/viaggiopervoi\/wp-json\/wp\/v2\/categories?post=6433"},{"taxonomy":"post_tag","embeddable":true,"href":"https:\/\/blog.ilgiornale.it\/viaggiopervoi\/wp-json\/wp\/v2\/tags?post=6433"}],"curies":[{"name":"wp","href":"https:\/\/api.w.org\/{rel}","templated":true}]}}