{"id":6812,"date":"2025-01-16T09:56:37","date_gmt":"2025-01-16T08:56:37","guid":{"rendered":"https:\/\/blog.ilgiornale.it\/viaggiopervoi\/?p=6812"},"modified":"2025-01-16T09:59:15","modified_gmt":"2025-01-16T08:59:15","slug":"un-san-valentino-imperiale-a-vienna","status":"publish","type":"post","link":"https:\/\/blog.ilgiornale.it\/viaggiopervoi\/2025\/01\/16\/un-san-valentino-imperiale-a-vienna\/","title":{"rendered":"Un San Valentino imperiale a Vienna"},"content":{"rendered":"<h3 style=\"text-align: center\"><strong>Le esperienze da vivere nella capitale a febbraio spaziano dai balli da sogno alle lezioni di Valzer, dai tour nei palazzi sui passi di Sissi alle emozioni gourmet<\/strong><\/h3>\n<div id=\"attachment_6813\" style=\"width: 310px\" class=\"wp-caption aligncenter\"><a href=\"https:\/\/blog.ilgiornale.it\/viaggiopervoi\/files\/2025\/01\/Wien-info.jpeg\"><img aria-describedby=\"caption-attachment-6813\" loading=\"lazy\" class=\"size-medium wp-image-6813\" src=\"https:\/\/blog.ilgiornale.it\/viaggiopervoi\/files\/2025\/01\/Wien-info-300x203.jpeg\" alt=\"\" width=\"300\" height=\"203\" srcset=\"https:\/\/blog.ilgiornale.it\/viaggiopervoi\/files\/2025\/01\/Wien-info-300x203.jpeg 300w, https:\/\/blog.ilgiornale.it\/viaggiopervoi\/files\/2025\/01\/Wien-info.jpeg 640w\" sizes=\"(max-width: 300px) 100vw, 300px\" \/><\/a><p id=\"caption-attachment-6813\" class=\"wp-caption-text\">View to Burgtheater \u00a9WienTourismus<\/p><\/div>\n<h4><strong>Articolo di Matilde Depoli<\/strong><\/h4>\n<p>Cosa potrebbe esaltare una vena romantica un po\u2019 assopita pi\u00f9 di un viaggio a Vienna in inverno, nell\u2019anniversario dei 200 anni di <strong>Johann Strauss<\/strong>?<\/p>\n<p>La capitale austriaca non ha perso un grammo del lustro finemente aristocratico che la insedia dal Medioevo sul podio delle citt\u00e0 pi\u00f9 affascinanti d\u2019Europa. Sicuramente, quella con la qualit\u00e0 della vita pi\u00f9 alta: per l\u2019undicesimo anno di fila i dati di Mercer Study la incoronano come la citt\u00e0 pi\u00f9 vivibile dell\u2019Austria, secondo i punteggi basati sui criteri di livello di sicurezza, efficienza dei trasporti pubblici, densit\u00e0 e variet\u00e0 di realt\u00e0 artistico-culturali e volumi di spazi di verde pubblico, che cospargono ben il 53% del territorio urbano viennese.<\/p>\n<div id=\"attachment_6821\" style=\"width: 210px\" class=\"wp-caption alignright\"><a href=\"https:\/\/blog.ilgiornale.it\/viaggiopervoi\/files\/2025\/01\/Johann-Strauss-Denkmal-im-Wiener-Stadtpark-Winter-\u00a9-O\u0308sterreich-Werbung-Julia-Davila-LampeWinter_Oesterreich-Werbung_Julia-Davila-Lampe.jpeg\"><img aria-describedby=\"caption-attachment-6821\" loading=\"lazy\" class=\"size-medium wp-image-6821\" src=\"https:\/\/blog.ilgiornale.it\/viaggiopervoi\/files\/2025\/01\/Johann-Strauss-Denkmal-im-Wiener-Stadtpark-Winter-\u00a9-O\u0308sterreich-Werbung-Julia-Davila-LampeWinter_Oesterreich-Werbung_Julia-Davila-Lampe-200x300.jpeg\" alt=\"\" width=\"200\" height=\"300\" srcset=\"https:\/\/blog.ilgiornale.it\/viaggiopervoi\/files\/2025\/01\/Johann-Strauss-Denkmal-im-Wiener-Stadtpark-Winter-\u00a9-O\u0308sterreich-Werbung-Julia-Davila-LampeWinter_Oesterreich-Werbung_Julia-Davila-Lampe-200x300.jpeg 200w, https:\/\/blog.ilgiornale.it\/viaggiopervoi\/files\/2025\/01\/Johann-Strauss-Denkmal-im-Wiener-Stadtpark-Winter-\u00a9-O\u0308sterreich-Werbung-Julia-Davila-LampeWinter_Oesterreich-Werbung_Julia-Davila-Lampe.jpeg 213w\" sizes=\"(max-width: 200px) 100vw, 200px\" \/><\/a><p id=\"caption-attachment-6821\" class=\"wp-caption-text\">Johann Strauss Denkmal im Wiener Stadtpark Winter \u00a9 O\u0308sterreich Werbung \/ Julia Davila Lampe<\/p><\/div>\n<p>Il primo parco di <strong>Vienna<\/strong>, lo <strong>Stadtpark,<\/strong> venne inaugurato nel lontano 1826, parallelamente alla costruzione della <strong>Ringstra\u00dfe<\/strong>. Proprio qui si trovano la statua dorata di Johann Strauss, meta di pellegrinaggio quest\u2019anno per il duecentesimo compleanno del Re del Valzer, e i monumenti a Franz Schubert e Anton Bruckner.<\/p>\n<p>Questa considerazione fortemente sentimentale per la natura dei viennesi \u00e8 un\u2019eredit\u00e0 della corona asburgica ed emblema della celebre <strong>Imperatrice Elisabeth<\/strong>. Indomita, ribelle al rigido cerimoniale di corte spagnolo, Sissi ritrovava s\u00e9 stessa attraverso la fuga nella poesia, nei viaggi, nel verde e le imprese sportive, come palestra, nuoto, equitazione e delle interminabili passeggiate, che stremavano le sue dame di compagnia. Globetrotter ante litteram, la immaginiamo con un baule sempre pronto per viaggi improvvisi e ritiri solitari.<\/p>\n<p>&nbsp;<\/p>\n<p>&nbsp;<\/p>\n<p>&nbsp;<\/p>\n<p>&nbsp;<\/p>\n<p>&nbsp;<\/p>\n<h4 style=\"text-align: center\"><strong>A passeggio nella vita di Sissi: il palazzo imperiale, il Museo dedicato, gli Appartamenti Imperiali\u00a0<\/strong><\/h4>\n<p>&nbsp;<\/p>\n<div id=\"attachment_6814\" style=\"width: 310px\" class=\"wp-caption aligncenter\"><a href=\"https:\/\/blog.ilgiornale.it\/viaggiopervoi\/files\/2025\/01\/Butterfly-House-Lipizzaner\u00a9WienTourismusJulius-Hirtzberger-Piccola.jpeg\"><img aria-describedby=\"caption-attachment-6814\" loading=\"lazy\" class=\"size-medium wp-image-6814\" src=\"https:\/\/blog.ilgiornale.it\/viaggiopervoi\/files\/2025\/01\/Butterfly-House-Lipizzaner\u00a9WienTourismusJulius-Hirtzberger-Piccola-300x200.jpeg\" alt=\"\" width=\"300\" height=\"200\" srcset=\"https:\/\/blog.ilgiornale.it\/viaggiopervoi\/files\/2025\/01\/Butterfly-House-Lipizzaner\u00a9WienTourismusJulius-Hirtzberger-Piccola-300x200.jpeg 300w, https:\/\/blog.ilgiornale.it\/viaggiopervoi\/files\/2025\/01\/Butterfly-House-Lipizzaner\u00a9WienTourismusJulius-Hirtzberger-Piccola.jpeg 320w\" sizes=\"(max-width: 300px) 100vw, 300px\" \/><\/a><p id=\"caption-attachment-6814\" class=\"wp-caption-text\">Butterfly House, Lipizzaner \u00a9WienTourismusJulius Hirtzberger<\/p><\/div>\n<p>Si cammina sui suoi passi a Vienna, dove molti angoli naturali e architettonici portano il suo nome e ricordano con affetto e ammirazione i particolari della sua esistenza.<\/p>\n<p>L\u2019<strong>Hofburg<\/strong> era la residenza invernale, mentre <strong>Sch\u00f6nbrunn<\/strong> quella estiva. Il grandioso Palazzo degli Asburgo, dinastia che detenne le sorti dell\u2019Austria e del Sacro Romano Impero per sei secoli, \u00e8 ancora oggi il cuore ufficiale, identitario e storico della nazione.<\/p>\n<p>Eretto nel XIII secolo ed esteso come agglomerato di edifici ed ali via via annessi, con il termine della monarchia nel 1918 venne convertito in un polo museale tra i pi\u00f9 estesi e complessi del mondo e ora \u00e8 sede del Governo. Tra le possenti mura barocche e gli sfarzi Rococ\u00f2 albergano inoltre il centro congressi, i musei nazionali, gli Appartamenti, la Cappella e il Tesoro imperiali, il teatro, le stalle, la celebre <strong>Scuola di Cavalleria<\/strong> spagnola con i magnifici destrieri Lipizzani, che si esibiscono ogni giorno, i parchi Volksgarten e Burggarten.<\/p>\n<p>&nbsp;<\/p>\n<div id=\"attachment_6815\" style=\"width: 310px\" class=\"wp-caption aligncenter\"><a href=\"https:\/\/blog.ilgiornale.it\/viaggiopervoi\/files\/2025\/01\/Arbeitszimmer-Franz-Josef_Kaiseapartements-Hofburg.jpg\"><img aria-describedby=\"caption-attachment-6815\" loading=\"lazy\" class=\"wp-image-6815 size-medium\" src=\"https:\/\/blog.ilgiornale.it\/viaggiopervoi\/files\/2025\/01\/Arbeitszimmer-Franz-Josef_Kaiseapartements-Hofburg-300x110.jpg\" alt=\"\" width=\"300\" height=\"110\" srcset=\"https:\/\/blog.ilgiornale.it\/viaggiopervoi\/files\/2025\/01\/Arbeitszimmer-Franz-Josef_Kaiseapartements-Hofburg-300x110.jpg 300w, https:\/\/blog.ilgiornale.it\/viaggiopervoi\/files\/2025\/01\/Arbeitszimmer-Franz-Josef_Kaiseapartements-Hofburg-1024x375.jpg 1024w, https:\/\/blog.ilgiornale.it\/viaggiopervoi\/files\/2025\/01\/Arbeitszimmer-Franz-Josef_Kaiseapartements-Hofburg-768x281.jpg 768w, https:\/\/blog.ilgiornale.it\/viaggiopervoi\/files\/2025\/01\/Arbeitszimmer-Franz-Josef_Kaiseapartements-Hofburg.jpg 1080w\" sizes=\"(max-width: 300px) 100vw, 300px\" \/><\/a><p id=\"caption-attachment-6815\" class=\"wp-caption-text\">Arbeitszimmer-Franz-Josef_Kaiseapartements-Hofburg @ Regio Augsburg Tourismus GmbH<\/p><\/div>\n<p>Sono aperte alla curiosit\u00e0 dei visitatori e alla lente degli studiosi le porte dei 24 ambienti pi\u00f9 intimi delle <strong>Maest\u00e0 Sissi<\/strong> (o meglio <em>Sisi<\/em>) e Franz Joseph: gli <strong>Appartamenti Imperiali<\/strong>.<\/p>\n<p>Nella stanza delle udienze, sotto ai brillanti lampadari in <strong>cristallo di Boemia<\/strong> e agli intricati stucchi dorati, si stima che l\u2019Imperatore abbia ricevuto 260.000 visite nell\u2019arco della sua carriera. Il suo quadro preferito per\u00f2, il famoso ritratto di Elisabeth con i capelli intrecciati di <strong>Winterhalter<\/strong>, \u00e8 gelosamente custodito nello studio privato.<\/p>\n<p>Si resta attoniti di fronte alla sala da pranzo con tavolo imbandito, contando il numero di portate e le ore trascorse accomodati al desco in compagnia della corte asburgica e delle teste coronate di tutta Europa. Comprensibile come Sissi seguisse una disciplina alimentare ferrea e pretendesse di iniziare le proprie giornate con l\u2019attivit\u00e0 fisica nella <strong>sala della ginnastica<\/strong> &#8211; anch\u2019essa visitabile e corredata da tutti gli attrezzi originali ben conservati &#8211; dopo il rituale di tre ore dell\u2019acconciatura della lunghissima chioma.<\/p>\n<p>&nbsp;<\/p>\n<div id=\"attachment_6816\" style=\"width: 310px\" class=\"wp-caption aligncenter\"><a href=\"https:\/\/blog.ilgiornale.it\/viaggiopervoi\/files\/2025\/01\/Sisi_Museum_Kaiser_Franz_Joseph_und_Kaiserin_Elisabeth__Gemaelde_von_F._X._Winterhalter__1895__c__Schloss_Schoenbrunn_Kultur-_und_Betriebsges.m.b.H._Severin_Wurnig-Media.jpeg\"><img aria-describedby=\"caption-attachment-6816\" loading=\"lazy\" class=\"wp-image-6816 size-medium\" src=\"https:\/\/blog.ilgiornale.it\/viaggiopervoi\/files\/2025\/01\/Sisi_Museum_Kaiser_Franz_Joseph_und_Kaiserin_Elisabeth__Gemaelde_von_F._X._Winterhalter__1895__c__Schloss_Schoenbrunn_Kultur-_und_Betriebsges.m.b.H._Severin_Wurnig-Media-300x279.jpeg\" alt=\"\" width=\"300\" height=\"279\" srcset=\"https:\/\/blog.ilgiornale.it\/viaggiopervoi\/files\/2025\/01\/Sisi_Museum_Kaiser_Franz_Joseph_und_Kaiserin_Elisabeth__Gemaelde_von_F._X._Winterhalter__1895__c__Schloss_Schoenbrunn_Kultur-_und_Betriebsges.m.b.H._Severin_Wurnig-Media-300x279.jpeg 300w, https:\/\/blog.ilgiornale.it\/viaggiopervoi\/files\/2025\/01\/Sisi_Museum_Kaiser_Franz_Joseph_und_Kaiserin_Elisabeth__Gemaelde_von_F._X._Winterhalter__1895__c__Schloss_Schoenbrunn_Kultur-_und_Betriebsges.m.b.H._Severin_Wurnig-Media.jpeg 640w\" sizes=\"(max-width: 300px) 100vw, 300px\" \/><\/a><p id=\"caption-attachment-6816\" class=\"wp-caption-text\">Sisi Museum, Kaiser Franz Joseph und Kaiserin Elisabeth, Gem\u00e4lde von F.X. Winterhalter, 1895 \u00a9 Schloss Sch\u00f6nbrunn Kultur- und Betriebsges.m.b.H., Serverin Wurnig<\/p><\/div>\n<p>Ma la sua vera identit\u00e0, troppo spesso fraintesa e velata da strati di fragilit\u00e0 infantile e mitica volubilit\u00e0, trapela nel <strong>Museo di Sisi,<\/strong> allestito nell\u2019Appartamento dell\u2019Arciduca Stefano Vittorio. Il cosmo elisabettiano \u00e8 composto da oggetti personali, quadri, abiti, lettere, cimeli e liriche composte dall\u2019Imperatrice, messi in scena con creativit\u00e0 dallo scenografo Rolf Langenfass.<\/p>\n<p>All\u2019esterno, la passeggiata nella storia romantica austriaca conduce al monumento di Sissi nel Volksgarten e alla statua di Franz (e di Mozart) nel <strong>Burggarten<\/strong>, giardino in stile inglese privato dell&#8217;imperatore. Qui si trova anche l\u2019oasi tropicale \u201c<strong>Serra delle Palme\u201d<\/strong> in puro stile Liberty su progetto di Friedrich Ohmann, che ospita l\u2019originale \u201cCasa delle farfalle\u201d, rifugio di centinaia di farfalle esotiche in libert\u00e0 e un caff\u00e8, immancabile a Vienna negli ambienti di comunit\u00e0.<\/p>\n<h4><\/h4>\n<h4 style=\"text-align: center\"><strong>La luna di miele imperiale nel villaggio di Laxenburg, a pochi chilometri dalla capitale<\/strong><\/h4>\n<div id=\"attachment_6817\" style=\"width: 310px\" class=\"wp-caption aligncenter\"><a href=\"https:\/\/blog.ilgiornale.it\/viaggiopervoi\/files\/2025\/01\/Franzensburg-Blick-Hoher-Turm-\u00a9-SLBGWolfgang-Mastny-scaled.jpg\"><img aria-describedby=\"caption-attachment-6817\" loading=\"lazy\" class=\"wp-image-6817 size-medium\" src=\"https:\/\/blog.ilgiornale.it\/viaggiopervoi\/files\/2025\/01\/Franzensburg-Blick-Hoher-Turm-\u00a9-SLBGWolfgang-Mastny-300x200.jpg\" alt=\"\" width=\"300\" height=\"200\" srcset=\"https:\/\/blog.ilgiornale.it\/viaggiopervoi\/files\/2025\/01\/Franzensburg-Blick-Hoher-Turm-\u00a9-SLBGWolfgang-Mastny-300x200.jpg 300w, https:\/\/blog.ilgiornale.it\/viaggiopervoi\/files\/2025\/01\/Franzensburg-Blick-Hoher-Turm-\u00a9-SLBGWolfgang-Mastny-1024x683.jpg 1024w, https:\/\/blog.ilgiornale.it\/viaggiopervoi\/files\/2025\/01\/Franzensburg-Blick-Hoher-Turm-\u00a9-SLBGWolfgang-Mastny-768x512.jpg 768w, https:\/\/blog.ilgiornale.it\/viaggiopervoi\/files\/2025\/01\/Franzensburg-Blick-Hoher-Turm-\u00a9-SLBGWolfgang-Mastny-1536x1024.jpg 1536w, https:\/\/blog.ilgiornale.it\/viaggiopervoi\/files\/2025\/01\/Franzensburg-Blick-Hoher-Turm-\u00a9-SLBGWolfgang-Mastny-2048x1365.jpg 2048w\" sizes=\"(max-width: 300px) 100vw, 300px\" \/><\/a><p id=\"caption-attachment-6817\" class=\"wp-caption-text\">Franzensburg Blick Hoher Turm \u00a9 SLBG\/Wolfgang Mastny<\/p><\/div>\n<p>A circa 15 km a sud di Vienna, il <strong>villaggio di Laxenburg<\/strong> divenne la residenza primaverile ed estiva prediletta dalla famiglia imperiale. La vita di corte e dell\u2019alta societ\u00e0 viennese raggiunse l\u2019apice dello splendore nel Settecento, ai tempi dell\u2019Imperatrice Maria Teresa, quando divertimenti, tornei e spettacoli del teatro di Vienna scuotevano la tranquillit\u00e0 del paesino e del suo Castello, <strong>Franzensburg<\/strong>.<\/p>\n<p><strong>Sissi e Franz<\/strong> trascorsero la luna di miele proprio a <strong>Laxenburg<\/strong>, tra lunghe cavalcate nei boschi e passeggiate nel florido parco di questo castello neo-medievale eretto su un\u2019isola artificiale in mezzo al lago e arredato con tesori d\u2019epoca prelevati da tutte le magioni dell\u2019Austria.<\/p>\n<p>I fantasiosi giardini del castello, un capolavoro di giardinaggio e orticoltura del XVIII &#8211; XIX secolo aperto tutto l\u2019anno alle visite, sono costellati da numerosi edifici, grotte nascoste, templi e un sito per tornei. In questo contesto bucolico nacquero due figli alla coppia imperiale, l\u2019arciduchessa Gisela e il principe ereditario Rodolfo.<\/p>\n<p>&nbsp;<\/p>\n<h4 style=\"text-align: center\"><strong>Le cene panoramiche e le serate all&#8217;insegna del divertimento musicale<\/strong><\/h4>\n<div id=\"attachment_6818\" style=\"width: 310px\" class=\"wp-caption aligncenter\"><a href=\"https:\/\/blog.ilgiornale.it\/viaggiopervoi\/files\/2025\/01\/Giant-Ferries-Wheel-Prater\u00a9-WienTourismus-Paul-Bauer-Piccola.jpeg\"><img aria-describedby=\"caption-attachment-6818\" loading=\"lazy\" class=\"size-medium wp-image-6818\" src=\"https:\/\/blog.ilgiornale.it\/viaggiopervoi\/files\/2025\/01\/Giant-Ferries-Wheel-Prater\u00a9-WienTourismus-Paul-Bauer-Piccola-300x200.jpeg\" alt=\"\" width=\"300\" height=\"200\" srcset=\"https:\/\/blog.ilgiornale.it\/viaggiopervoi\/files\/2025\/01\/Giant-Ferries-Wheel-Prater\u00a9-WienTourismus-Paul-Bauer-Piccola-300x200.jpeg 300w, https:\/\/blog.ilgiornale.it\/viaggiopervoi\/files\/2025\/01\/Giant-Ferries-Wheel-Prater\u00a9-WienTourismus-Paul-Bauer-Piccola.jpeg 320w\" sizes=\"(max-width: 300px) 100vw, 300px\" \/><\/a><p id=\"caption-attachment-6818\" class=\"wp-caption-text\">Wiener Prater, Riesenrad \/ Giant Ferries Wheel, Prater<\/p><\/div>\n<p>Una <strong>Vienna amichevole<\/strong>, elegante e priva di boria, lancia con gioia i visitatori nello scintillante vortice di ogni suo anfratto: si volteggia nei musei, nelle botteghe d\u2019arte, nei caff\u00e8, lungo gli ampi viali alberati, nei giardini curatissimi, nelle sale da ballo, nei circoli esclusivi cos\u00ec come nelle piazze e persino nelle chiese frequentate da musicisti, cori e cantori.<\/p>\n<p>Li frastorna di cultura, musica e arte \u2013 imperdibile una sosta di fronte al <strong>Bacio di Klimt al Palazzo Belvedere<\/strong> \u2013 e poi, all\u2019imbrunire, la capitale spalanca il suo panorama da una posizione speciale.<\/p>\n<p>La <strong>ruota del Prater<\/strong> simbolo di Vienna diffonde una dolce nostalgia al parco e rapisce le coppie per una cena da Belle \u00e9poque. Infatti, l\u2019esperienza gourmet da tre portate \u00e8 servita sul Waggon for 2, una cabina-salottino che consente di brindare nel cielo.<\/p>\n<div id=\"attachment_6819\" style=\"width: 310px\" class=\"wp-caption aligncenter\"><a href=\"https:\/\/blog.ilgiornale.it\/viaggiopervoi\/files\/2025\/01\/Dancing-Couple\u00a9-WienTourismus_Peter-Rigaud-Piccola.jpeg\"><img aria-describedby=\"caption-attachment-6819\" loading=\"lazy\" class=\"wp-image-6819 size-medium\" src=\"https:\/\/blog.ilgiornale.it\/viaggiopervoi\/files\/2025\/01\/Dancing-Couple\u00a9-WienTourismus_Peter-Rigaud-Piccola-300x200.jpeg\" alt=\"\" width=\"300\" height=\"200\" srcset=\"https:\/\/blog.ilgiornale.it\/viaggiopervoi\/files\/2025\/01\/Dancing-Couple\u00a9-WienTourismus_Peter-Rigaud-Piccola-300x200.jpeg 300w, https:\/\/blog.ilgiornale.it\/viaggiopervoi\/files\/2025\/01\/Dancing-Couple\u00a9-WienTourismus_Peter-Rigaud-Piccola.jpeg 320w\" sizes=\"(max-width: 300px) 100vw, 300px\" \/><\/a><p id=\"caption-attachment-6819\" class=\"wp-caption-text\">Incentive: Dancing Couple \u00a9 WienTourismus_Peter Rigaud<\/p><\/div>\n<p>E poi via, un altro giro di giostra e si rientra nell\u2019incantesimo metropolitano, a passo di danza fino all\u2019alba. Ai primi dell\u2019Ottocento Ludwig Montoyer costru\u00ec lo sfarzoso Zeremoniensaal per le innumerevoli feste di corte e questa tradizione regale culmina a febbraio con gli epici balli viennesi.<\/p>\n<p>La vita a Vienna fluisce come il suo fiume, nella melodia del <strong>Bel Danubio Blu.<\/strong><\/p>\n<p>I neofiti sono benvenuti: molte le scuole di danza tradizionali come <strong>Tanzschule Rueff, Tanzschule Elmayer e The Waltz School<\/strong> che propongono lezioni, workshop di gruppo o sessioni private. Chi non desidera cimentarsi ma solo divertirsi, al Prater lo spettacolo Strauss Dinner Show abbina il concerto della rinomata Johann Strauss Philharmonie alle voci di soprani internazionali alle coreografie del Balletto Reale di Vienna a una cena a ritmo di valzer, polka e marcia.<\/p>\n<p>Come non aspirare alla surreale bellezza della scena del Kaiser-Walzer con R<strong>omy Schneider e Karlheinz B\u00f6hm<\/strong> nel film che rese Sissi immortale?<\/p>\n<p>&nbsp;<\/p>\n<h4 style=\"text-align: center\"><strong>L&#8217;Hotel Kaiserhof accoglie alla<\/strong>\u00a0<strong>maniera dell&#8217;arciduchessa Maria Teresa<\/strong><\/h4>\n<div id=\"attachment_6820\" style=\"width: 310px\" class=\"wp-caption aligncenter\"><a href=\"https:\/\/blog.ilgiornale.it\/viaggiopervoi\/files\/2025\/01\/Kaiserhof-Wien-Bar-\u00a9-Kaiserhof-Wien.jpg\"><img aria-describedby=\"caption-attachment-6820\" loading=\"lazy\" class=\"wp-image-6820 size-medium\" src=\"https:\/\/blog.ilgiornale.it\/viaggiopervoi\/files\/2025\/01\/Kaiserhof-Wien-Bar-\u00a9-Kaiserhof-Wien-300x200.jpg\" alt=\"\" width=\"300\" height=\"200\" srcset=\"https:\/\/blog.ilgiornale.it\/viaggiopervoi\/files\/2025\/01\/Kaiserhof-Wien-Bar-\u00a9-Kaiserhof-Wien-300x200.jpg 300w, https:\/\/blog.ilgiornale.it\/viaggiopervoi\/files\/2025\/01\/Kaiserhof-Wien-Bar-\u00a9-Kaiserhof-Wien-1024x683.jpg 1024w, https:\/\/blog.ilgiornale.it\/viaggiopervoi\/files\/2025\/01\/Kaiserhof-Wien-Bar-\u00a9-Kaiserhof-Wien-768x512.jpg 768w, https:\/\/blog.ilgiornale.it\/viaggiopervoi\/files\/2025\/01\/Kaiserhof-Wien-Bar-\u00a9-Kaiserhof-Wien-1536x1024.jpg 1536w, https:\/\/blog.ilgiornale.it\/viaggiopervoi\/files\/2025\/01\/Kaiserhof-Wien-Bar-\u00a9-Kaiserhof-Wien.jpg 1920w\" sizes=\"(max-width: 300px) 100vw, 300px\" \/><\/a><p id=\"caption-attachment-6820\" class=\"wp-caption-text\">Kaiserhof Wien Bar \u00a9 Kaiserhof Wien<\/p><\/div>\n<p>La famiglia reale accompagna gli ospiti fin sulla soglia dell\u2019hotel, se si alloggia al <strong>Kaiserhof<\/strong>.<\/p>\n<p>Nomen omen: inaugurato nel 1896 come il pi\u00f9 moderno del suo tempo &#8211; perch\u00e9 dotato di ascensore e riscaldamento, elettricit\u00e0 ed acqua corrente in tutte le camere &#8211; \u00e8 il pupillo dell\u2019arciduchessa Maria Teresa. Amica dell&#8217;architetto, persuase l&#8217;Imperatore Franz Joseph a chiamarlo Kaiserhof, niente di meno che \u201ccorte imperiale\u201d. La garanzia di un soggiorno eccellente con standard igienici superlativi per gli ospiti era una priorit\u00e0 degli Asburgo.<\/p>\n<p>Recensito dalle prime guide turistiche d&#8217;Europa gi\u00e0 nel 1913, il <strong>Kaiserhof <\/strong>incarna i valori dell\u2019accoglienza dell&#8217;antica Austria, adottati anche dalla nuova. Le 74 camere e suite combinano l\u2019ariosa, morbida architettura ispirata al riscoperto stile Biedermeier di fine secolo con il comfort contemporaneo. Anche la colazione \u00e8 signorile, tanto quanto il salone in cui viene servita.<\/p>\n<p>&#8220;Best of the best 2024&#8221; secondo TripAdvisor, \u00e8 l\u2019indirizzo consono ad un soggiorno di <strong>San Valentino<\/strong> imperiale nella capitale asburgica.<\/p>\n<p>&nbsp;<\/p>\n<p>Per ulteriori informazioni: <a href=\"http:\/\/www.wien.info\">www.wien.info<\/a><\/p>\n<p>Instagram <a href=\"http:\/\/@Vienna\">@Vienna<\/a> | #ViennaNow<\/p>\n<p>Strauss Dinner Show: <a href=\"http:\/\/straussdinnershow.com\">straussdinnershow.com<\/a><\/p>\n<p>Il Castello di Laxenburg: <a href=\"http:\/\/schloss-laxenburg.at\">schloss-laxenburg.at<\/a><\/p>\n<p>La Strada di Sissi:<a href=\"http:\/\/sisi-strasse.info\"> sisi-strasse.info<\/a><\/p>\n<p>Hotel Kaiserhof Vienna: wien.hotel-kaiserhof.at<\/p>\n","protected":false},"excerpt":{"rendered":"<p><p>Le esperienze da vivere nella capitale a febbraio spaziano dai balli da sogno alle lezioni di Valzer, dai tour nei palazzi sui passi di Sissi alle emozioni gourmet Articolo di Matilde Depoli Cosa potrebbe esaltare una vena romantica un po\u2019 assopita pi\u00f9 di un viaggio a Vienna in inverno, nell\u2019anniversario dei 200 anni di Johann Strauss? La capitale austriaca non ha perso un grammo del lustro finemente aristocratico che la insedia dal Medioevo sul podio delle citt\u00e0 pi\u00f9 affascinanti d\u2019Europa. Sicuramente, quella con la qualit\u00e0 della vita pi\u00f9 alta: per l\u2019undicesimo anno di fila i dati di Mercer Study la [&hellip;]<\/p>\n&nbsp;&nbsp;<div class=\"readmore\"><a href=\"https:\/\/blog.ilgiornale.it\/viaggiopervoi\/2025\/01\/16\/un-san-valentino-imperiale-a-vienna\/\">Continua a leggere...<\/a><\/div><\/p>","protected":false},"author":1089,"featured_media":6819,"comment_status":"open","ping_status":"closed","sticky":false,"template":"","format":"standard","meta":[],"categories":[4548,18083,410,40937,87,246505,42,388,28322,22827,2783],"tags":[597474,597473,597475,597460,597470,101056,597472,597459,597468,597469,2783,597461,597467,597466,597471],"_links":{"self":[{"href":"https:\/\/blog.ilgiornale.it\/viaggiopervoi\/wp-json\/wp\/v2\/posts\/6812"}],"collection":[{"href":"https:\/\/blog.ilgiornale.it\/viaggiopervoi\/wp-json\/wp\/v2\/posts"}],"about":[{"href":"https:\/\/blog.ilgiornale.it\/viaggiopervoi\/wp-json\/wp\/v2\/types\/post"}],"author":[{"embeddable":true,"href":"https:\/\/blog.ilgiornale.it\/viaggiopervoi\/wp-json\/wp\/v2\/users\/1089"}],"replies":[{"embeddable":true,"href":"https:\/\/blog.ilgiornale.it\/viaggiopervoi\/wp-json\/wp\/v2\/comments?post=6812"}],"version-history":[{"count":8,"href":"https:\/\/blog.ilgiornale.it\/viaggiopervoi\/wp-json\/wp\/v2\/posts\/6812\/revisions"}],"predecessor-version":[{"id":6829,"href":"https:\/\/blog.ilgiornale.it\/viaggiopervoi\/wp-json\/wp\/v2\/posts\/6812\/revisions\/6829"}],"wp:featuredmedia":[{"embeddable":true,"href":"https:\/\/blog.ilgiornale.it\/viaggiopervoi\/wp-json\/wp\/v2\/media\/6819"}],"wp:attachment":[{"href":"https:\/\/blog.ilgiornale.it\/viaggiopervoi\/wp-json\/wp\/v2\/media?parent=6812"}],"wp:term":[{"taxonomy":"category","embeddable":true,"href":"https:\/\/blog.ilgiornale.it\/viaggiopervoi\/wp-json\/wp\/v2\/categories?post=6812"},{"taxonomy":"post_tag","embeddable":true,"href":"https:\/\/blog.ilgiornale.it\/viaggiopervoi\/wp-json\/wp\/v2\/tags?post=6812"}],"curies":[{"name":"wp","href":"https:\/\/api.w.org\/{rel}","templated":true}]}}