{"id":7063,"date":"2025-02-21T16:23:41","date_gmt":"2025-02-21T15:23:41","guid":{"rendered":"https:\/\/blog.ilgiornale.it\/viaggiopervoi\/?p=7063"},"modified":"2025-02-21T16:23:41","modified_gmt":"2025-02-21T15:23:41","slug":"carnevale-in-valtellina-tra-tradizioni-e-divertimento","status":"publish","type":"post","link":"https:\/\/blog.ilgiornale.it\/viaggiopervoi\/2025\/02\/21\/carnevale-in-valtellina-tra-tradizioni-e-divertimento\/","title":{"rendered":"Carnevale in Valtellina tra tradizioni e divertimento"},"content":{"rendered":"<p class=\"TitoloInizialeValtellina\"><strong>Carnevale in Valtellina tra tradizioni e divertimento<\/strong><\/p>\n<p><b>\u00a0<\/b><em>Tutta la provincia di Sondrio si prepara per festeggiare Carnevale: sono tanti i paesi e i borghi che celebrano questo momento dell\u2019anno ripercorrendo tradizioni e usanze antiche. Da Madesimo a Livigno passando per Sondrio, la Valtellina \u00e8 pronta a immergersi nel clima dei festeggiamenti carnevaleschi.<\/em><\/p>\n<p><a href=\"https:\/\/blog.ilgiornale.it\/viaggiopervoi\/files\/2025\/02\/Carneval-del-Rio-Sondalo.jpg\"><img loading=\"lazy\" class=\"alignnone size-medium wp-image-7067\" src=\"https:\/\/blog.ilgiornale.it\/viaggiopervoi\/files\/2025\/02\/Carneval-del-Rio-Sondalo-225x300.jpg\" alt=\"\" width=\"225\" height=\"300\" srcset=\"https:\/\/blog.ilgiornale.it\/viaggiopervoi\/files\/2025\/02\/Carneval-del-Rio-Sondalo-225x300.jpg 225w, https:\/\/blog.ilgiornale.it\/viaggiopervoi\/files\/2025\/02\/Carneval-del-Rio-Sondalo.jpg 338w\" sizes=\"(max-width: 225px) 100vw, 225px\" \/><\/a><\/p>\n<p><strong>Sfilate con carri allegorici,<\/strong> abitanti mascherati e spettacoli: il Carnevale \u00e8 una festa che sempre pi\u00f9 viene apprezzata sia da grandi sia da piccini, che per l\u2019occasione si travestono da personaggi buffi con l\u2019obiettivo di trascorrere una giornata all\u2019insegna del divertimento.<\/p>\n<p>In Valtellina, il Carnevale non rappresenta solamente un momento di gioia e allegria ma \u00e8 un vero e proprio tuffo nel passato dove molti paesi della Provincia di Sondrio offrono la possibilit\u00e0 di rivivere antiche tradizioni e credenze.<\/p>\n<p class=\"TestopargrafoValtellina\"><b>Carnevale a Morbegno<\/b><\/p>\n<p class=\"TestopargrafoValtellina\">La piccola cittadina di\u00a0<b>Morbegno<\/b>\u00a0festegger\u00e0 Carnevale il primo weekend di marzo. Il momento maggiormente atteso \u00e8 quello di domenica 2 marzo, che prevede la classica parata lungo le vie di Morbegno con oltre 20 carri allegorici. Particolarit\u00e0 del Carnevale morbegnese \u00e8 la collaborazione con la storica societ\u00e0 artigiana Fratelli Cinquini Scenografie di Viareggio, citt\u00e0 famosa per il Carnevale e specializzata nell\u2019allestimento carri che porta in Valtellina il suo sapere. Ad attendere grandi e piccoli ci saranno numerosi momenti di divertimento e spettacoli. Per i pi\u00f9 piccoli, invece, \u00e8 prevista una sfilata sabato 1\u00b0 marzo.<\/p>\n<p class=\"TestopargrafoValtellina\">Per maggiori informazioni:\u00a0<a href=\"https:\/\/customer32605.musvc1.net\/e\/tr?q=0%3d9ZNgA%26J%3dI%26K%3d7YMX%26u%3daLX%261%3dFBQvQ_0xYx_Kh_xykw_8n_0xYx_JmvM0QkB1SgJBBrJ1Kg.GB_OW1h_YL%26B%3d5RyTuX.tCB%26Fy%3dbJgFZ%26BP%3d8hJbFZJ8g9sX7cRg8a%26z%3dfCeIeFdJXDYxYlCMZiZJCDCv9D0tgEAJb7bv8BDscgdx0iAwXBbP8DcPglhLfFDv\" target=\"_blank\" rel=\"noopener noreferrer\">https:\/\/portedivaltellina.it\/<\/a><\/p>\n<p class=\"TestopargrafoValtellina\">\n<p><a href=\"https:\/\/blog.ilgiornale.it\/viaggiopervoi\/files\/2025\/02\/20240223_carnevale-ardenno.jpg\"><img loading=\"lazy\" class=\"alignnone size-medium wp-image-7065\" src=\"https:\/\/blog.ilgiornale.it\/viaggiopervoi\/files\/2025\/02\/20240223_carnevale-ardenno-225x300.jpg\" alt=\"\" width=\"225\" height=\"300\" srcset=\"https:\/\/blog.ilgiornale.it\/viaggiopervoi\/files\/2025\/02\/20240223_carnevale-ardenno-225x300.jpg 225w, https:\/\/blog.ilgiornale.it\/viaggiopervoi\/files\/2025\/02\/20240223_carnevale-ardenno.jpg 526w\" sizes=\"(max-width: 225px) 100vw, 225px\" \/><\/a><\/p>\n<p>&nbsp;<\/p>\n<p class=\"TestopargrafoValtellina\"><b>Carnevale a Sondrio<\/b><\/p>\n<p class=\"TestopargrafoValtellina\">Domenica\u00a0<b>23 febbraio\u00a0<\/b>la citt\u00e0 di Sondrio festegger\u00e0 il\u00a0<b>Carnevale dei Ragazzi<\/b>, una manifestazione che vanta oltre 60 anni di storia. La giornata inizia con stand gastronomici e street food presenti in Piazza Garibaldi e nelle vie del centro storico; nel primo pomeriggio parte la vera e propria sfilata dei carri allegorici e, al termine, \u00e8 prevista la premiazione dei carri pi\u00f9 particolari e dei gruppi mascherati che si sono distinti per creativit\u00e0.<\/p>\n<p class=\"TestopargrafoValtellina\">Per maggiori informazioni:\u00a0<a href=\"https:\/\/customer32605.musvc1.net\/e\/tr?q=5%3dNZTbP%26J%3dO%26F%3dLYSS%260%3daRS%26F%3dFHLAQ_Fsnx_Qc_Cyqr_Mn_Fsnx_PhHUK.5vPB7G907yC7JvEyRKG.7L_Cyqr_Mn%262%3dEFQJ5L.L3L%264Q%3dRTUhP%26LD%3dZ3v9yXTPhPTLYSbUZQ%260%3dTd3WNZT8xgX4SD48RaP3QAPaMYX4ShUTMBU5NB1YMb2TOZP6QAR3v9UVRDV8MAVa\" target=\"_blank\" rel=\"noopener noreferrer\">https:\/\/www.carnevaledeiragazzi.it\/<\/a><\/p>\n<p class=\"TestopargrafoValtellina\">Lo stesso giorno si festeggia il Carnevale anche a\u00a0<b>Chiuro<\/b>, un paese situato a pochi km di distanza da Sondrio. La sfilata attraverser\u00e0 le vie del paese per poi terminare con una gustosa merenda per tutti.<\/p>\n<p class=\"TestopargrafoValtellina\">Per maggiori informazioni:\u00a0<a href=\"https:\/\/customer32605.musvc1.net\/e\/tr?q=9%3dDYCfF%26I%3d8%26J%3dBXBW%26z%3dZAW%266%3dE1P1P_ywdw_0g_3xZv_Cm_ywdw_9l8T4.OzKkNtLlRlIt7wBu9z.F1_NbzW_XQF1_NbzW_XQB3AyQv_NbzW_XQPmEw817-oF-j73KlRlIl-9sF2Nz%26A%3dtQ4SjW.yB1%26E4%3da9fKY%261O%3dCg9aKY9WBbGfCZ%26o%3dAJajXnfhWnAD8lc9bFfGWI89WBZieJfDBG9D7l8hABgAdq080FeA7J8EeDaCcmZkbIaC\" target=\"_blank\" rel=\"noopener noreferrer\">https:\/\/www.sondrioevalmalenco.it\/it\/evento\/sfilata-di-carnevale-chiuro<\/a><\/p>\n<p class=\"TestopargrafoValtellina\">Domenica 9 marzo, invece, \u00e8 il turno di\u00a0<b>Tresivio<\/b>, situato anch\u2019esso nelle vicinanze di Sondrio, con la classifica sfilata dei carri allegorici.<\/p>\n<p class=\"TestopargrafoValtellina\">Per maggiori informazioni:\u00a0<a href=\"https:\/\/customer32605.musvc1.net\/e\/tr?q=5%3d9RHbA%26B%3dC%26F%3d7QGS%26u%3dSFS%261%3d86LvI_4sYp_Ec_xqer_8f_4sYp_Dh3M9.KuDpJoEqNgBy3r5z5u.96_JWsb_TL96_JWsb_TL587tJ1_JWsb_TL3mJt983r-FmJg4q%266%3dsK5NiQ.z7z%2695%3dV8ZLT%26zI%3dDb8ULT8QCWFZDU%26n%3dZDXjRLVEQKY81F3k2K3C3LUAVIZ76GTFZKbAVnXC3DWiYITE3g1mTFTl4D8D5JWCXrWk\" target=\"_blank\" rel=\"noopener noreferrer\">https:\/\/www.sondrioevalmalenco.it\/it\/evento\/carnival-parade<\/a><\/p>\n<p class=\"TestopargrafoValtellina\"><a href=\"https:\/\/blog.ilgiornale.it\/viaggiopervoi\/files\/2025\/02\/GalleryImage.jpeg\"><img loading=\"lazy\" class=\"alignnone size-medium wp-image-7069\" src=\"https:\/\/blog.ilgiornale.it\/viaggiopervoi\/files\/2025\/02\/GalleryImage-300x225.jpeg\" alt=\"\" width=\"300\" height=\"225\" srcset=\"https:\/\/blog.ilgiornale.it\/viaggiopervoi\/files\/2025\/02\/GalleryImage-300x225.jpeg 300w, https:\/\/blog.ilgiornale.it\/viaggiopervoi\/files\/2025\/02\/GalleryImage-1024x768.jpeg 1024w, https:\/\/blog.ilgiornale.it\/viaggiopervoi\/files\/2025\/02\/GalleryImage-768x576.jpeg 768w, https:\/\/blog.ilgiornale.it\/viaggiopervoi\/files\/2025\/02\/GalleryImage-1536x1152.jpeg 1536w, https:\/\/blog.ilgiornale.it\/viaggiopervoi\/files\/2025\/02\/GalleryImage.jpeg 1600w\" sizes=\"(max-width: 300px) 100vw, 300px\" \/><\/a><\/p>\n<p>&nbsp;<\/p>\n<p class=\"TestopargrafoValtellina\"><b>Carnevale di Tirano<\/b><\/p>\n<p class=\"TestopargrafoValtellina\">Domenica 9 marzo Tirano torna a ospitare, dopo anni di assenza, il\u00a0<b>Gran Carneval Tiranes<\/b>, un evento che celebra la tradizione del carnevale Ambrosiano e che mira a regalare una giornata all\u2019insegna della gioia e del divertimento. Il programma prevede la sfilata in Viale Italia dei carri allegorici, dove abitanti e turisti sono invitati a mascherarsi ed essere parte attiva di questo evento.<\/p>\n<p class=\"TestopargrafoValtellina\">Per maggiori informazioni:\u00a0<a href=\"https:\/\/customer32605.musvc1.net\/e\/tr?q=7%3dBWGdD%26G%3dB%26H%3d0VFU%26x%3dXEU%264%3dC5NyN_3ubu_De_1vdt_Ak_3ubu_Cj6R8.NrMlHx-Hp8r675uOpFuDy5.rO_3ubu_CjnQpH3D-p-HnR4-5-3D35wJ_3ubu_CjpMlH-l63HnQlF-3D35w04_LZxa_VO%269%3dxO2QnU.w05%26C2%3dYCdIW%265M%3dAeCYIWCU0ZKdAX%26s%3d6FaCYk6mcA7nZmdmbA8IUBbC5j6lVG9B5n6qbmAI8CaqZA8K9k7G6ndCcocp0n0JaDWC\" target=\"_blank\" rel=\"noopener noreferrer\">https:\/\/www.tirano-mediavaltellina.it\/eventi-e-news-a-tirano\/gran-carneval-tiranes\/<\/a><\/p>\n<p class=\"TestopargrafoValtellina\">\n<p class=\"TestopargrafoValtellina\"><b>Carnevale a Grosio<\/b><\/p>\n<p class=\"TestopargrafoValtellina\">Domenica 9 marzo \u00e8 la volta di\u00a0<b>Grosio<\/b>: anche il suo Carnevale vanta infatti una lunga tradizione, che viene raccontata dagli abitanti del paese che sfilano indossando antiche maschere tipiche; tra le varie ci sono il Carneval Vecc e la Magra Quaresima, due figure che rappresentano rispettivamente un signore rubicondo e una vecchietta magra vestita con stracci, come simbolo del passaggio dalle baldorie del Carnevale al rigore della Quaresima.<\/p>\n<p class=\"TestopargrafoValtellina\">L\u2019evento da sempre cattura l\u2019attenzione di tutti i grosini, che si attivano dai mesi precedenti per dare vita a un autentico spettacolo e, al tempo stesso, suscita grande interesse tra i turisti che visitano Grosio proprio per il rinomato Carnevale.<\/p>\n<p class=\"TestopargrafoValtellina\">Per maggiori informazioni:\u00a0<a href=\"https:\/\/customer32605.musvc1.net\/e\/tr?q=6%3dFVDcH%26F%3d9%26G%3dDUCT%262%3dWBT%268%3dB2M3M_ztft_Ad_5uas_Ej_ztft_0i0Q5.OnF28yFqGn.C2_KdwX_USC2_KdwX_US9481Nq_KdwX_USNqKnHw-8-qCvM2LvB_5uas_Ejk45HmOnF-48p7-oK2MqH%26q%3dG3L979.GrN%26qL%3dGVHcE%26N1%3dUMVCcEV9THdHUF%26B%3d05EUFbrcH7G7G6s7HVq6BUEUD94n5iGYHVLak7FWj6GbHYs6CUIa06MY0ZE9G5JWk5sX\" target=\"_blank\" rel=\"noopener noreferrer\">https:\/\/www.valtellina.it\/it\/eventi\/tirano-e-dintorni\/carneval-vecc-grosio<\/a><\/p>\n<p class=\"TestopargrafoValtellina\">\n<p class=\"TestopargrafoValtellina\"><b>Carnevale a Bormio<\/b><\/p>\n<p class=\"TestopargrafoValtellina\"><b>Bormio<\/b>\u00a0\u00e8 rinomata per ospitare il\u00a0<b>Carnev\u00e0l di Mat,\u00a0<\/b>un evento folkloristico in cui, solo per questa giornata cos\u00ec particolare, viene eletto il Podest\u00e0 di Mat. Il potere passa quindi nelle mani di Arlecchino e della Compagnia di Mat che si divertono leggendo pettegolezzi che riguardano i cittadini. Oltre a questo momento di divertimento, \u00e8 prevista anche la classica sfilata dei carri per le vie del centro storico guidata dagli Arlecchini. Il Carnev\u00e0l di Mat \u00e8 in programma il 2 marzo.<\/p>\n<p class=\"TestopargrafoValtellina\">Per maggiori informazioni:\u00a0<a href=\"https:\/\/customer32605.musvc1.net\/e\/tr?q=6%3d7WMc9%26G%3dH%26G%3d5VLT%26s%3dXKT%26y%3dCAMtN_9tWu_Jd_vvjs_6k_9tWu_Ii1RD.5sM4Bs.0B_KUxg_UJDA%267%3dqP0OgV.58x%26D0%3dW6eQU%26xN%3dIc6ZQU6VHXDe4e6rIV%26l%3dWNc6bvbecIV70J89WJb6cL4eaP957sTD6sYi0u7f0JbjAsYDcs5gbH5jWHViAvU9\" target=\"_blank\" rel=\"noopener noreferrer\">https:\/\/www.bormio.eu\/it<\/a><\/p>\n<p class=\"TestopargrafoValtellina\">\n<p>&nbsp;<\/p>\n<p><a href=\"https:\/\/blog.ilgiornale.it\/viaggiopervoi\/files\/2025\/02\/Carneval-del-Rio-Sondalo-2.jpg\"><img loading=\"lazy\" class=\"alignnone size-medium wp-image-7068\" src=\"https:\/\/blog.ilgiornale.it\/viaggiopervoi\/files\/2025\/02\/Carneval-del-Rio-Sondalo-2-225x300.jpg\" alt=\"\" width=\"225\" height=\"300\" srcset=\"https:\/\/blog.ilgiornale.it\/viaggiopervoi\/files\/2025\/02\/Carneval-del-Rio-Sondalo-2-225x300.jpg 225w, https:\/\/blog.ilgiornale.it\/viaggiopervoi\/files\/2025\/02\/Carneval-del-Rio-Sondalo-2.jpg 338w\" sizes=\"(max-width: 225px) 100vw, 225px\" \/><\/a><\/p>\n<p class=\"TestopargrafoValtellina\">Non lontano da Bormio si trova\u00a0<b>Sondalo<\/b>, un piccolo comune che il 23 febbraio celebra la\u00a0<b>settima edizione<\/b>\u00a0del Carnevale del Rio. Gli abitanti del paese si impegnano per creare maschere e costumi colorati da mostare durante la sfilata dei carri lungo le vie; novit\u00e0 di quest\u2019anno \u00e8 il Carneval Kids, un\u2019area dove ragazzi e bambini potranno divertirsi con spettacoli di magia e giochi coinvolgenti. L\u2019appuntamento \u00e8 in programma per domenica 23 febbraio. Ulteriori feste e divertimenti per bambini per i bambini in tutto il comprensorio di Bormio.<\/p>\n<p class=\"TestopargrafoValtellina\">Per maggiori informazioni:\u00a0<a href=\"https:\/\/customer32605.musvc1.net\/e\/tr?q=8%3dOZ9eQ%26J%3d4%26I%3dMY8V%26A%3da7V%26G%3dFwOBQ_uvox_6f_DyVu_Nn_uvox_5kIUz.7APpDA.Cx_Mm1S_WbGw_Mm1S_WbAdM0Cy68-BhG-DGr-WVZ8%269%3d9SvQyY6w9d.q0F%26Gv%3dYNhCW%26FQ%3d5eNcCWNY4ZVh5X%264%3dBd6QAeeRgCANh6YVei7UeeaMcCdzadWyAA7ND6c2YA8ya592YibTCdW1Afezhh0y\" target=\"_blank\" rel=\"noopener noreferrer\">https:\/\/www.bormio.eu\/it\/carneval-del-rio-2025<\/a><\/p>\n<p class=\"TestopargrafoValtellina\"><b> <a href=\"https:\/\/blog.ilgiornale.it\/viaggiopervoi\/files\/2025\/02\/Carneval-del-Rio-Sondalo-1.jpg\"><img loading=\"lazy\" class=\"alignnone size-medium wp-image-7066\" src=\"https:\/\/blog.ilgiornale.it\/viaggiopervoi\/files\/2025\/02\/Carneval-del-Rio-Sondalo-1-300x200.jpg\" alt=\"\" width=\"300\" height=\"200\" srcset=\"https:\/\/blog.ilgiornale.it\/viaggiopervoi\/files\/2025\/02\/Carneval-del-Rio-Sondalo-1-300x200.jpg 300w, https:\/\/blog.ilgiornale.it\/viaggiopervoi\/files\/2025\/02\/Carneval-del-Rio-Sondalo-1.jpg 576w\" sizes=\"(max-width: 300px) 100vw, 300px\" \/><\/a><\/b><\/p>\n<p>&nbsp;<\/p>\n<p class=\"TestopargrafoValtellina\"><b>Carnevale a Livigno<\/b><\/p>\n<p class=\"TestopargrafoValtellina\"><b>Livigno<\/b>\u00a0e la vicina\u00a0<b>Trepalle<\/b>\u00a0si preparano per dare il via ai festeggiamenti di Carnevale. Le vie di Livigno verranno invase da colorati carri domenica 2 e luned\u00ec 3 marzo mentre Trepalle festegger\u00e0 il Carnevale gioved\u00ec 27 febbraio e marted\u00ec 4 marzo. Durante le quattro giornate sono previsti sfilate di carri, giochi pensati per i pi\u00f9 piccoli ed eventi collaterali.<\/p>\n<p class=\"TestopargrafoValtellina\">Per maggiori informazioni:\u00a0<a href=\"https:\/\/customer32605.musvc1.net\/e\/tr?q=5%3d9SObA%26C%3dJ%26F%3d7RNS%26u%3dTMS%261%3d9CLvJ_AsYq_Lc_xrlr_8g_AsYq_Kh3NF.DoM29tF.xM_xrlr_8gxNkECA_xrlr_8gv3xExNgCx-TA%265%3d6MyMvS.t6C3g2t%26Ay%3dUKbFS%26CK%3d8aKWFSKS7VSb8T%261%3dZ9WSTjWM4E4yZ04v6h2MTATJSAWJTjTQXEXQbCaw4jWvZ8US70XRTlRO8F5tS7aw\" target=\"_blank\" rel=\"noopener noreferrer\">https:\/\/www.livigno.eu\/eventi\/carnevale-25<\/a><\/p>\n<p class=\"TestopargrafoValtellina\">\n<p class=\"TestopargrafoValtellina\"><b>Carnevale in Valchiavenna<\/b><\/p>\n<p class=\"TestopargrafoValtellina\">Domenica 23 febbraio \u00e8 il turno della cittadina di\u00a0<b>Chiavenna<\/b>: l\u2019appuntamento prevede la sfilata per le vie del centro storico per poi terminare nella zona di Pratogiano con eventi, premiazioni e musica. Domenica 2 marzo e sabato 8 marzo, invece, tocca a\u00a0<b>Campodolcino<\/b>: se domenica si svolger\u00e0 la sfilata carnevalesca seguita da una merenda in oratorio, il programma di sabato propone laboratori per ragazzi e bambini. Il Carnevale a\u00a0<b>Madesimo<\/b>\u00a0si svolger\u00e0 sabato 1\u00b0 marzo e sabato 8 marzo: il ricco programma prevede sfilata dei carri, premiazione delle maschere, baby dance e aperitivi.<\/p>\n<p class=\"TestopargrafoValtellina\">Per maggiori informazioni:\u00a0<a href=\"https:\/\/customer32605.musvc1.net\/e\/tr?q=8%3dLUGeN%26E%3dB%26I%3dJTFV%268%3dVEV%26D%3dA5O9_Kbxi_VL_Mjva_WY_Kbxi_UQRFP.7656sDtOpI74.nJ6_Kbxi_UQDC_Kbxi_UQ9t-GzI-9839xKp_Mjva_WYh707Mt-D7-ylGvAt6E8yIt.A5H5%267%3dxPBOnV.785%26DB%3dWCeSU%265N%3dKcCZSUCVJXKeKV%26s%3d6yYIYQ6lcw9C7Q6DbLaG0LaqePTI6yYBaO6t4lTHZNcJ9MZqcybJVQcmAKZmdSXF6NZo\" target=\"_blank\" rel=\"noopener noreferrer\">http:\/\/www.valchiavenna.com\/it\/da-non-perdere\/Eventi-in-Valchiavenna.html<\/a><\/p>\n","protected":false},"excerpt":{"rendered":"<p><p>Carnevale in Valtellina tra tradizioni e divertimento \u00a0Tutta la provincia di Sondrio si prepara per festeggiare Carnevale: sono tanti i paesi e i borghi che celebrano questo momento dell\u2019anno ripercorrendo tradizioni e usanze antiche. Da Madesimo a Livigno passando per Sondrio, la Valtellina \u00e8 pronta a immergersi nel clima dei festeggiamenti carnevaleschi. Sfilate con carri allegorici, abitanti mascherati e spettacoli: il Carnevale \u00e8 una festa che sempre pi\u00f9 viene apprezzata sia da grandi sia da piccini, che per l\u2019occasione si travestono da personaggi buffi con l\u2019obiettivo di trascorrere una giornata all\u2019insegna del divertimento. In Valtellina, il Carnevale non rappresenta solamente [&hellip;]<\/p>\n&nbsp;&nbsp;<div class=\"readmore\"><a href=\"https:\/\/blog.ilgiornale.it\/viaggiopervoi\/2025\/02\/21\/carnevale-in-valtellina-tra-tradizioni-e-divertimento\/\">Continua a leggere...<\/a><\/div><\/p>","protected":false},"author":1088,"featured_media":0,"comment_status":"open","ping_status":"closed","sticky":false,"template":"","format":"standard","meta":[],"categories":[52161,170365,13306],"tags":[80275,52161,80276,597556,18761],"_links":{"self":[{"href":"https:\/\/blog.ilgiornale.it\/viaggiopervoi\/wp-json\/wp\/v2\/posts\/7063"}],"collection":[{"href":"https:\/\/blog.ilgiornale.it\/viaggiopervoi\/wp-json\/wp\/v2\/posts"}],"about":[{"href":"https:\/\/blog.ilgiornale.it\/viaggiopervoi\/wp-json\/wp\/v2\/types\/post"}],"author":[{"embeddable":true,"href":"https:\/\/blog.ilgiornale.it\/viaggiopervoi\/wp-json\/wp\/v2\/users\/1088"}],"replies":[{"embeddable":true,"href":"https:\/\/blog.ilgiornale.it\/viaggiopervoi\/wp-json\/wp\/v2\/comments?post=7063"}],"version-history":[{"count":3,"href":"https:\/\/blog.ilgiornale.it\/viaggiopervoi\/wp-json\/wp\/v2\/posts\/7063\/revisions"}],"predecessor-version":[{"id":7071,"href":"https:\/\/blog.ilgiornale.it\/viaggiopervoi\/wp-json\/wp\/v2\/posts\/7063\/revisions\/7071"}],"wp:attachment":[{"href":"https:\/\/blog.ilgiornale.it\/viaggiopervoi\/wp-json\/wp\/v2\/media?parent=7063"}],"wp:term":[{"taxonomy":"category","embeddable":true,"href":"https:\/\/blog.ilgiornale.it\/viaggiopervoi\/wp-json\/wp\/v2\/categories?post=7063"},{"taxonomy":"post_tag","embeddable":true,"href":"https:\/\/blog.ilgiornale.it\/viaggiopervoi\/wp-json\/wp\/v2\/tags?post=7063"}],"curies":[{"name":"wp","href":"https:\/\/api.w.org\/{rel}","templated":true}]}}