{"id":7626,"date":"2025-04-18T16:33:59","date_gmt":"2025-04-18T14:33:59","guid":{"rendered":"https:\/\/blog.ilgiornale.it\/viaggiopervoi\/?p=7626"},"modified":"2025-04-18T16:33:59","modified_gmt":"2025-04-18T14:33:59","slug":"dal-20-al-22-giugno-2025-fiemme-zenith-solstizio-di-benessere","status":"publish","type":"post","link":"https:\/\/blog.ilgiornale.it\/viaggiopervoi\/2025\/04\/18\/dal-20-al-22-giugno-2025-fiemme-zenith-solstizio-di-benessere\/","title":{"rendered":"Dal 20 al 22 giugno 2025, Fiemme Zenith &#8211; Solstizio di Benessere"},"content":{"rendered":"<h3>FIEMME ZENITH,<\/h3>\n<h3>QUANTO BENESSERE NEL SOLSTIZIO D\u2019ESTATE<\/h3>\n<h3><u>dal 20 al 22 giugno 2025<\/u><\/h3>\n<p>&nbsp;<\/p>\n<p><a href=\"https:\/\/blog.ilgiornale.it\/viaggiopervoi\/files\/2025\/04\/Fiemme-Zenith_-foto-Gaia-Panozzo-visitfiemme.it_.jpeg\"><img loading=\"lazy\" class=\"alignnone size-medium wp-image-7632\" src=\"https:\/\/blog.ilgiornale.it\/viaggiopervoi\/files\/2025\/04\/Fiemme-Zenith_-foto-Gaia-Panozzo-visitfiemme.it_-300x200.jpeg\" alt=\"\" width=\"300\" height=\"200\" srcset=\"https:\/\/blog.ilgiornale.it\/viaggiopervoi\/files\/2025\/04\/Fiemme-Zenith_-foto-Gaia-Panozzo-visitfiemme.it_-300x200.jpeg 300w, https:\/\/blog.ilgiornale.it\/viaggiopervoi\/files\/2025\/04\/Fiemme-Zenith_-foto-Gaia-Panozzo-visitfiemme.it_-768x512.jpeg 768w, https:\/\/blog.ilgiornale.it\/viaggiopervoi\/files\/2025\/04\/Fiemme-Zenith_-foto-Gaia-Panozzo-visitfiemme.it_.jpeg 1000w\" sizes=\"(max-width: 300px) 100vw, 300px\" \/><\/a><\/p>\n<p>Dal 20 al 22 giugno 2025, <strong>Fiemme Zenith &#8211; Solstizio di Benessere<\/strong> propone un weekend di attivit\u00e0 nella natura alla ricerca d sapori e di inaspettate risorse fisiche in Val di Fiemme, la prima Wellness Community d\u2019Italia. Fra i coach protagonisti: uno chef influencer<em><strong>, <\/strong><\/em><em>l\u2019avventuriero estremo<strong> Danilo Callegari <\/strong>e lo chef stellato<strong> Alessandro Gilmozzi<\/strong>. Nel team anche i mental coach della corsa d\u2019alta montagna Fiemme Ultra Sky e i maestri della meditazione nella natura di Fiemme Namaste. <\/em>A settembre si torna in Val di Fiemme nel fine settimana di benessere dedicato all\u2019Equinozio d\u2019autunno.<\/p>\n<p><em><strong>\u00a0<\/strong><\/em>C\u2019\u00e8 solo una valle che celebra il benessere durante i cambi di luce e si trova fra le Dolomiti del Trentino. La <strong>Val di Fiemme<\/strong> saluta sia l\u2019estate sia l\u2019autunno con due weekend rigeneranti.<\/p>\n<p>Se intorno al Solstizio d\u2019estate del 21 giugno 2025, nel giorno pi\u00f9 luminoso dell\u2019anno, si vive il weekend <strong>Fiemme Zenith &#8211; Solstizio di benessere<\/strong>, vicino all\u2019Equinozio d\u2019autunno del 22 settembre 2025, quando il giorno e la notte hanno una uguale durata, si celebra il <strong>Word Wellness Weekend<\/strong>.<\/p>\n<p>La\u00a0Val di Fiemme\u00a0\u00e8 la prima <strong>Wellness Community d&#8217;Italia<\/strong>. Qui il benessere, la qualit\u00e0 della vita e la sostenibilit\u00e0 sono di casa.\u00a0Movimento, nutrizione, consapevolezza e relax sono i pilastri dell&#8217;intero fine settimana,\u00a0<strong>dal 20 al 22 giugno 2025<\/strong>, dove ospiti speciali e professionisti nazionali invitano turisti e residenti a vivere un&#8217;esperienza unica nella natura rigenerante delle Dolomiti.<\/p>\n<p>L\u2019evento <strong>Fiemme Zenith<\/strong>, dedicato\u00a0all&#8217;equilibrio fisico e mentale, coinvolge sia i residenti della valle sia i turisti. La Wellness Community d&#8217;Italia \u00e8 frutto di un percorso di benessere, esteso alla popolazione locale, che \u00e8 iniziato nel 2021 e che ora pu\u00f2 contare anche sulla collaborazione della fiera del fitness e benessere RiminiWellness.<\/p>\n<p>Il weekend Fiemme Zenith unisce movimento all\u2019aria aperta, enogastronomia, equilibrio psicofisico, spirito d\u2019avventura e forza interiore, con l\u2019obiettivo di far provare il meglio dell\u2019offerta della Val di Fiemme in termini di qualit\u00e0 della vita, grazie alla collaborazione delle eccellenze del territorio.<\/p>\n<p>\u00c8 l\u2019occasione di partecipare allo show cooking di un noto<em> influencer, che rivela come prendersi cura del corpo<\/em>\u00a0senza rinunciare ai piaceri del palato, con un focus sulla scelta e sulla preparazione degli ingredienti.<\/p>\n<p><a href=\"https:\/\/blog.ilgiornale.it\/viaggiopervoi\/files\/2025\/04\/Danilo-Callegari-1.jpg\"><img loading=\"lazy\" class=\"alignnone size-medium wp-image-7630\" src=\"https:\/\/blog.ilgiornale.it\/viaggiopervoi\/files\/2025\/04\/Danilo-Callegari-1-300x200.jpg\" alt=\"\" width=\"300\" height=\"200\" srcset=\"https:\/\/blog.ilgiornale.it\/viaggiopervoi\/files\/2025\/04\/Danilo-Callegari-1-300x200.jpg 300w, https:\/\/blog.ilgiornale.it\/viaggiopervoi\/files\/2025\/04\/Danilo-Callegari-1-1024x684.jpg 1024w, https:\/\/blog.ilgiornale.it\/viaggiopervoi\/files\/2025\/04\/Danilo-Callegari-1-768x513.jpg 768w, https:\/\/blog.ilgiornale.it\/viaggiopervoi\/files\/2025\/04\/Danilo-Callegari-1-1536x1026.jpg 1536w, https:\/\/blog.ilgiornale.it\/viaggiopervoi\/files\/2025\/04\/Danilo-Callegari-1.jpg 1920w\" sizes=\"(max-width: 300px) 100vw, 300px\" \/><\/a><\/p>\n<p>L\u2019avventuriero estremo e amante della natura <strong>Danilo Callegari<\/strong> mostra come compiere imprese straordinarie, acquisendo grinta e resilienza. <em>Questo noto alpinista e paracadutista, che ha deciso di fare dell\u2019avventura la sua professione, per primo ha dovuto scardinare molti limiti mentali.<\/em><\/p>\n<p><em>I mental coach della gara <\/em><strong>Fiemme Ultra Sky<\/strong> (FUSKY) rivelano la bellezza della sfida e gli strumenti per affrontare nella vita i \u201cdislivelli\u201d pi\u00f9 impegnativi. Sono loro a organizzare la gara di ultra skyrunnig in Val di Fiemme (4-5 ottobre) e\u00a0a promuovere uno stile di vita attivo e consapevole, in sintonia con la natura e le montagne.<\/p>\n<p><strong>Fiemme Namaste <\/strong>invita a ricevere trattamenti olistici in tenda, a una cerimonia del cacao sotto le stelle e alla meditazione del risveglio. In programma al Biolago anche la meditazione <strong>Sound Healing <\/strong>con le campane tibetane e una serata di<strong> Silent Disco <\/strong>sulle sponde del Biolago, per ballare ascoltando a musica con le cuffie acustiche.<\/p>\n<p>&nbsp;<\/p>\n<div id=\"attachment_7628\" style=\"width: 310px\" class=\"wp-caption alignnone\"><a href=\"https:\/\/blog.ilgiornale.it\/viaggiopervoi\/files\/2025\/04\/Chef-stellato-Alessandro-Gimozzi-2.jpg\"><img aria-describedby=\"caption-attachment-7628\" loading=\"lazy\" class=\"size-medium wp-image-7628\" src=\"https:\/\/blog.ilgiornale.it\/viaggiopervoi\/files\/2025\/04\/Chef-stellato-Alessandro-Gimozzi-2-300x200.jpg\" alt=\"\" width=\"300\" height=\"200\" srcset=\"https:\/\/blog.ilgiornale.it\/viaggiopervoi\/files\/2025\/04\/Chef-stellato-Alessandro-Gimozzi-2-300x200.jpg 300w, https:\/\/blog.ilgiornale.it\/viaggiopervoi\/files\/2025\/04\/Chef-stellato-Alessandro-Gimozzi-2-1024x683.jpg 1024w, https:\/\/blog.ilgiornale.it\/viaggiopervoi\/files\/2025\/04\/Chef-stellato-Alessandro-Gimozzi-2-768x512.jpg 768w, https:\/\/blog.ilgiornale.it\/viaggiopervoi\/files\/2025\/04\/Chef-stellato-Alessandro-Gimozzi-2.jpg 1500w\" sizes=\"(max-width: 300px) 100vw, 300px\" \/><\/a><p id=\"caption-attachment-7628\" class=\"wp-caption-text\">Cavalese , Chef Alessandro Gilmozzi , El Molin<\/p><\/div>\n<p>Lo chef stellato <strong>Alessandro Gilmozzi<\/strong><strong> propone la &#8220;La Val di Fiemme nel piatto&#8221;, con la <\/strong>raccolta, la preparazione e la degustazione delle erbe spontanee che popolano i boschi della valle.<\/p>\n<p>Quindi, \u00e8 una passeggiata notturna nel bosco a rivelare la magia dell\u2019Equinozio.<\/p>\n<p>Il giorno dopo, una passeggiata in quota all\u2019alba saluta il sole con la musica del violino.<\/p>\n<p>In programma anche una passeggiata fra alberi e cascate, un aperitivo in musica al Poldo Pub e una cena stellata dal ristorante El Molin di Cavalese.<\/p>\n<p><strong>Buona parte delle attivit\u00e0 proposte da Fiemme Zenith sono gratuite.<\/strong><\/p>\n<p>Ognuno pu\u00f2 <strong>personalizzare il programma<\/strong> sul sito <strong>visitfiemme.it <\/strong>cliccando <a href=\"https:\/\/www.visitfiemme.it\/it\/eventi\/eventi\/fiemme-in-wellness\">QUI<\/a><strong>.<\/strong><\/p>\n<p><a href=\"https:\/\/blog.ilgiornale.it\/viaggiopervoi\/files\/2025\/04\/Fiemme-Ultra-Sky_foto-Gaia-Panozzo-visitfiemme.it_.jpg\"><img loading=\"lazy\" class=\"alignnone size-medium wp-image-7631\" src=\"https:\/\/blog.ilgiornale.it\/viaggiopervoi\/files\/2025\/04\/Fiemme-Ultra-Sky_foto-Gaia-Panozzo-visitfiemme.it_-300x200.jpg\" alt=\"\" width=\"300\" height=\"200\" srcset=\"https:\/\/blog.ilgiornale.it\/viaggiopervoi\/files\/2025\/04\/Fiemme-Ultra-Sky_foto-Gaia-Panozzo-visitfiemme.it_-300x200.jpg 300w, https:\/\/blog.ilgiornale.it\/viaggiopervoi\/files\/2025\/04\/Fiemme-Ultra-Sky_foto-Gaia-Panozzo-visitfiemme.it_-768x513.jpg 768w, https:\/\/blog.ilgiornale.it\/viaggiopervoi\/files\/2025\/04\/Fiemme-Ultra-Sky_foto-Gaia-Panozzo-visitfiemme.it_.jpg 800w\" sizes=\"(max-width: 300px) 100vw, 300px\" \/><\/a><\/p>\n<p>La stagione del benessere in Val di Fiemme si estende dalla primavera all\u2019autunno, grazie alle numerose esperienze proposte dalla <strong>Fiemme Cembra Guest Card<\/strong>, e con la stessa Card accompagna tutto l\u2019inverno.<\/p>\n<p>&nbsp;<\/p>\n<p>Il Fiemme Zenith di giugno e il Word Wellness Weekend di settembre rappresentano due inchini alle stagioni astronomiche durante importanti momenti di passaggio, il Solstizio e l\u2019Equinozio, proprio mentre il cambio di luce trasforma il nostro ritmo vitale.<\/p>\n<p>&nbsp;<\/p>\n<p>&nbsp;<\/p>\n<p><u>Ufficio stampa:<\/u><\/p>\n<p>Stefania Scarpetta +39 338 7033441<\/p>\n<p><a href=\"mailto:ste.scarpetta@gmail.com\">ste.scarpetta@gmail.com<\/a><\/p>\n<p>Elena Simoncini +39 392 513 9493<\/p>\n<p><a href=\"mailto:ele.simoncini@gmail.com\">ele.simoncini@gmail.com<\/a><\/p>\n<p>&nbsp;<\/p>\n<p>Beatrice Calamari<\/p>\n<p>Ufficio Stampa APT Fiemme Cembra<\/p>\n<p><a href=\"mailto:beatrice.calamari@visitfiemme.it\">beatrice.calamari@visitfiemme.it<\/a> &#8211; tel. 0462 241111<\/p>\n<p>&nbsp;<\/p>\n<div id=\"attachment_7629\" style=\"width: 310px\" class=\"wp-caption alignnone\"><a href=\"https:\/\/blog.ilgiornale.it\/viaggiopervoi\/files\/2025\/04\/Chef-stellato-Alessandro-Gimozzi.jpg\"><img aria-describedby=\"caption-attachment-7629\" loading=\"lazy\" class=\"size-medium wp-image-7629\" src=\"https:\/\/blog.ilgiornale.it\/viaggiopervoi\/files\/2025\/04\/Chef-stellato-Alessandro-Gimozzi-300x200.jpg\" alt=\"\" width=\"300\" height=\"200\" srcset=\"https:\/\/blog.ilgiornale.it\/viaggiopervoi\/files\/2025\/04\/Chef-stellato-Alessandro-Gimozzi-300x200.jpg 300w, https:\/\/blog.ilgiornale.it\/viaggiopervoi\/files\/2025\/04\/Chef-stellato-Alessandro-Gimozzi-1024x683.jpg 1024w, https:\/\/blog.ilgiornale.it\/viaggiopervoi\/files\/2025\/04\/Chef-stellato-Alessandro-Gimozzi-768x512.jpg 768w, https:\/\/blog.ilgiornale.it\/viaggiopervoi\/files\/2025\/04\/Chef-stellato-Alessandro-Gimozzi.jpg 1500w\" sizes=\"(max-width: 300px) 100vw, 300px\" \/><\/a><p id=\"caption-attachment-7629\" class=\"wp-caption-text\">Cavalese , Chef Alessandro Gilmozzi , El Molin<\/p><\/div>\n<p><u>PROGRAMMA FIEMME ZENITH 2025<\/u><\/p>\n<p><strong>venerd\u00ec 20 giugno<\/strong><\/p>\n<p><strong>ore 18.30 &#8211;\u00a0Apertura del Weekend e ritiro del kit di benvenuto\u00a0al Poldo Pub\u00a0<\/strong><\/p>\n<p><strong>ore 19.30 &#8211; Aperitivo e musica al Poldo Pub\u00a0<\/strong><\/p>\n<p><strong>ore 20.30 &#8211; Cerimonia del cacao sotto le stelle, con Fiemme Namaste.\u00a0<\/strong>Lasciati avvolgere dalla magia della notte e dal calore del cacao sacro. Questa esperienza unica ti porta nel cuore di un rituale antico, dove il cielo stellato diventa il tetto di un viaggio<\/p>\n<p>interiore fatto di connessione, armonia e benessere.<br \/>\n<em>Attivit\u00e0 non inclusa nel biglietto. Prezzo \u20ac 25,00.\u00a0<\/em><a href=\"https:\/\/www.visitfiemme.it\/it\/eventi\/eventi\/fiemme-zenith?re-product-id=305529&amp;rwstep=product\"><em>Iscrizioni qui<\/em><\/a><\/p>\n<p><em>\u00a0<\/em><\/p>\n<p><strong>sabato 21 giugno<\/strong><\/p>\n<p><strong>ore 8.30 &#8211; Apertura della giornata al Biolago di Predazzo\u00a0<\/strong>(in via Hallbergmoos)<\/p>\n<p><strong>ore 9.00-10.00 &#8211; Meditazione del risveglio, con Fiemme Namaste.\u00a0<\/strong>Inizia la tua giornata di benessere con una pratica che risveglia corpo e mente in perfetta armonia con la natura. Jonathan, Daniela e Giulia ti guideranno in un\u2019esperienza di respirazione consapevole, movimenti fluidi e istintivi, lasciando che il corpo si esprima liberamente, sciogliendo le tensioni e preparando l\u2019energia per la giornata.<\/p>\n<p><strong>ore 10.00-12.30 &#8211; &#8220;La Val di Fiemme nel piatto&#8221;.\u00a0<\/strong>Raccolta di erbe spontanee nel bosco insieme allo Chef Stellato Alessandro Gilmozzi, che spiegher\u00e0 quali sono le caratteristiche e i benefici.\u00a0<em>Attivit\u00e0 non inclusa nel biglietto. Prezzo \u20ac 60,00.\u00a0<\/em><a href=\"https:\/\/www.visitfiemme.it\/it\/eventi\/eventi\/fiemme-zenith?rwstep=product&amp;re-product-id=306849\"><em>Iscrizioni qui<\/em><\/a><\/p>\n<p><strong>10.30-11.30 &#8211; Mental Coaching per superare anche nella vita dislivelli apparentemente impossibili con Fiemme Ultra Sky<\/strong><\/p>\n<p><strong>11.45-12.30\u00a0<\/strong>&#8211;<strong>\u00a0Mental Coaching per allenarsi<\/strong>, con l\u2019avventuriero estremo <strong>Danilo Callegari<\/strong><\/p>\n<p><strong>12.30-13.30 &#8211; Show cooking<\/strong><\/p>\n<p><strong>13.45-15.00 &#8211; Pausa pranzo\u00a0<\/strong><\/p>\n<p><strong>ore 15.30-18.30 &#8211; Un&#8217;oasi di benessere con\u00a0Fiemme Namaste.\u00a0<\/strong>Entra in una delle accoglienti tende di Fiemme Namaste e lasciati avvolgere da un\u2019atmosfera di pace e armonia.\u00a0Massaggi, riequilibri energetici e trattamenti olistici pensati per sciogliere le tensioni, rigenerare corpo e mente e riportarti a uno stato di profondo benessere. Un\u2019esperienza unica, dove mani esperte, profumi naturali e suoni rilassanti ti accompagneranno in un viaggio di puro relax.<strong><em>\u00a0<\/em><\/strong><em>Prenotazione obbligatoria in loco.<\/em><\/p>\n<p><strong>ore 15.00-17.00 &#8211;\u00a0Passeggiata rigenerante tra alberi e cascate.\u00a0<\/strong>Escursione con gli accompagnatori di territorio tra prati, boschi e ponticelli sospesi fino alla Cascata di Predazzo, un vero gioiello naturalistico. Lungo il percorso\u00a0la natura si mostra in tutta la sua bellezza con colori, profumi e suoni unici: un&#8217;occasione di rigenerare corpo e mente, respirando l&#8217;aria pura di montagna.<em>\u00a0<\/em><\/p>\n<p><strong>ore 17.30-18.30<\/strong>\u00a0&#8211;\u00a0<strong>Sound Healing con campane tibetane.<\/strong>\u00a0Le campane tibetane e la meditazione sono un&#8217;esperienza rilassante e terapeutica, che favorisce l&#8217;equilibrio interiore e la connessione con s\u00e9 stessi. Scopri i benefici delle vibrazioni armoniche e le potenzialit\u00e0 del tuo respiro, immerso nella natura.<\/p>\n<p><strong>ore 18.30-22.00<\/strong>\u00a0&#8211;\u00a0<strong>Silent Disco<\/strong>\u00a0sulle sponde del biolago<\/p>\n<p><strong>ore 20.00-22.30 &#8211; Cena Wellness al Ristorante stellato El Molin dello Chef Alessandro Gilmozzi.\u00a0<\/strong><em>Attivit\u00e0 non inclusa nel biglietto.<\/em><\/p>\n<p><strong>ore 21.30-23.30 &#8211; Solstizio d&#8217;estate. Passeggiata notturna nel bosco con gli accompagnatori di territorio.\u00a0<\/strong><em>Attivit\u00e0 non inclusa nel biglietto.\u00a0<\/em><a href=\"https:\/\/www.visitfiemme.it\/it\/eventi\/eventi\/fiemme-zenith?rwstep=product&amp;re-product-id=283380\"><em>Iscrizioni qui<\/em><\/a><\/p>\n<p><strong>\u00a0<\/strong><\/p>\n<p><strong>domenica 22 giugno<\/strong><\/p>\n<p><strong>ore 5.30 Alba in quota con musica dal vivo.\u00a0<\/strong><em>Attivit\u00e0 non inclusa nel biglietto.<\/em><\/p>\n<p><strong>ore 11.00-12.00 &#8211; Meditazione della gratitudine con Fiemme Namaste e Arrivederci in Val di Fiemme.\u00a0<\/strong>Un ultimo momento di connessione prima di salutarsi, per lasciare che la bellezza di questo weekend risuoni dentro di te. Jonathan, Daniela e Giulia ti guideranno in una dolce meditazione della gratitudine, aprendo il cuore e lasciando emergere la consapevolezza di tutto ci\u00f2 che hai vissuto.\u00a0<a href=\"https:\/\/www.visitfiemme.it\/it\/eventi\/eventi\/fiemme-zenith?rwstep=product&amp;re-product-id=309578\"><em>Iscrizioni gratuite qui<\/em><\/a><\/p>\n<p><strong>Chiusura dell&#8217;evento e appuntamento al 2026<\/strong><\/p>\n<p>&nbsp;<\/p>\n<p><strong>INFO: visitfiemme.it \u2013 <\/strong><a href=\"mailto:info@visitfiemme.it\">info@visitfiemme.it<\/a><strong>, tel. 0462 241111<\/strong><\/p>\n","protected":false},"excerpt":{"rendered":"<p><p>FIEMME ZENITH, QUANTO BENESSERE NEL SOLSTIZIO D\u2019ESTATE dal 20 al 22 giugno 2025 &nbsp; Dal 20 al 22 giugno 2025, Fiemme Zenith &#8211; Solstizio di Benessere propone un weekend di attivit\u00e0 nella natura alla ricerca d sapori e di inaspettate risorse fisiche in Val di Fiemme, la prima Wellness Community d\u2019Italia. Fra i coach protagonisti: uno chef influencer, l\u2019avventuriero estremo Danilo Callegari e lo chef stellato Alessandro Gilmozzi. Nel team anche i mental coach della corsa d\u2019alta montagna Fiemme Ultra Sky e i maestri della meditazione nella natura di Fiemme Namaste. A settembre si torna in Val di Fiemme nel [&hellip;]<\/p>\n&nbsp;&nbsp;<div class=\"readmore\"><a href=\"https:\/\/blog.ilgiornale.it\/viaggiopervoi\/2025\/04\/18\/dal-20-al-22-giugno-2025-fiemme-zenith-solstizio-di-benessere\/\">Continua a leggere...<\/a><\/div><\/p>","protected":false},"author":1088,"featured_media":7630,"comment_status":"open","ping_status":"closed","sticky":false,"template":"","format":"standard","meta":[],"categories":[247],"tags":[597736,597735,597738,597733,597737,342443,597734],"_links":{"self":[{"href":"https:\/\/blog.ilgiornale.it\/viaggiopervoi\/wp-json\/wp\/v2\/posts\/7626"}],"collection":[{"href":"https:\/\/blog.ilgiornale.it\/viaggiopervoi\/wp-json\/wp\/v2\/posts"}],"about":[{"href":"https:\/\/blog.ilgiornale.it\/viaggiopervoi\/wp-json\/wp\/v2\/types\/post"}],"author":[{"embeddable":true,"href":"https:\/\/blog.ilgiornale.it\/viaggiopervoi\/wp-json\/wp\/v2\/users\/1088"}],"replies":[{"embeddable":true,"href":"https:\/\/blog.ilgiornale.it\/viaggiopervoi\/wp-json\/wp\/v2\/comments?post=7626"}],"version-history":[{"count":2,"href":"https:\/\/blog.ilgiornale.it\/viaggiopervoi\/wp-json\/wp\/v2\/posts\/7626\/revisions"}],"predecessor-version":[{"id":7634,"href":"https:\/\/blog.ilgiornale.it\/viaggiopervoi\/wp-json\/wp\/v2\/posts\/7626\/revisions\/7634"}],"wp:featuredmedia":[{"embeddable":true,"href":"https:\/\/blog.ilgiornale.it\/viaggiopervoi\/wp-json\/wp\/v2\/media\/7630"}],"wp:attachment":[{"href":"https:\/\/blog.ilgiornale.it\/viaggiopervoi\/wp-json\/wp\/v2\/media?parent=7626"}],"wp:term":[{"taxonomy":"category","embeddable":true,"href":"https:\/\/blog.ilgiornale.it\/viaggiopervoi\/wp-json\/wp\/v2\/categories?post=7626"},{"taxonomy":"post_tag","embeddable":true,"href":"https:\/\/blog.ilgiornale.it\/viaggiopervoi\/wp-json\/wp\/v2\/tags?post=7626"}],"curies":[{"name":"wp","href":"https:\/\/api.w.org\/{rel}","templated":true}]}}