{"id":7889,"date":"2025-06-06T10:49:40","date_gmt":"2025-06-06T08:49:40","guid":{"rendered":"https:\/\/blog.ilgiornale.it\/viaggiopervoi\/?p=7889"},"modified":"2025-06-06T10:55:04","modified_gmt":"2025-06-06T08:55:04","slug":"malta-e-il-grande-assedio-la-vittoria-dei-cavalieri-di-san-giovanni-contro-gli-ottomani","status":"publish","type":"post","link":"https:\/\/blog.ilgiornale.it\/viaggiopervoi\/2025\/06\/06\/malta-e-il-grande-assedio-la-vittoria-dei-cavalieri-di-san-giovanni-contro-gli-ottomani\/","title":{"rendered":"Malta e il Grande Assedio. La vittoria dei Cavalieri di San Giovanni contro gli Ottomani"},"content":{"rendered":"<p>&nbsp;<\/p>\n<h3><strong>di Anna Maria Catano<\/strong><\/h3>\n<p>&nbsp;<\/p>\n<p><strong>Malta<\/strong> \u00e8 un minuscolo, assolato arcipelago al centro del vasto Mare Nostrum. Baluardo di <strong>Cristianit\u00e0<\/strong> perch\u00e9 di grande importanza strategica, punto di rifornimento per millenni di imbarcazioni e navi di passaggio. Formata da due isole maggiori, Malta e Gozo, e da tre isolotti disabitati Comino, Cominotto e Filfola si trova a soli nove chilometri dalla costa della Sicilia: anche geologicamente fa parte della piattaforma continentale sottomarina sicula.<\/p>\n<h4><strong>Settemila anni di storia e non sentirli<\/strong><\/h4>\n<p>A Malta troverete traccia di tanti popoli ed etnie che s\u2019affacciarono sul mar <strong>Mediterraneo.<\/strong><\/p>\n<p><a href=\"https:\/\/blog.ilgiornale.it\/viaggiopervoi\/files\/2025\/06\/IMG_4601.jpg\"><img loading=\"lazy\" class=\"size-medium wp-image-7890 aligncenter\" src=\"https:\/\/blog.ilgiornale.it\/viaggiopervoi\/files\/2025\/06\/IMG_4601-225x300.jpg\" alt=\"\" width=\"225\" height=\"300\" srcset=\"https:\/\/blog.ilgiornale.it\/viaggiopervoi\/files\/2025\/06\/IMG_4601-225x300.jpg 225w, https:\/\/blog.ilgiornale.it\/viaggiopervoi\/files\/2025\/06\/IMG_4601-768x1025.jpg 768w, https:\/\/blog.ilgiornale.it\/viaggiopervoi\/files\/2025\/06\/IMG_4601.jpg 850w\" sizes=\"(max-width: 225px) 100vw, 225px\" \/><\/a><\/p>\n<p>Un caleidoscopio di culture, arte, lingue, <strong>avamposto dell\u2019Europa Cristiana<\/strong> attraverso i secoli. Tutti, ma proprio tutti, l\u00ec hanno lasciato un segno: nei millenni si sono susseguiti <strong>Fenici, Romani, Arabi, i Cavalieri di San Giovanni, i Turchi, fino ai Francesi di Napoleone. <\/strong>Infine, ottenuta l\u2019indipendenza dagli inglesi nel 1964, oggi Malta \u00e8 una Repubblica indipendente. Ripercorrerne le complesse vicende e visitare insediamenti, fortificazioni, torri, castelli, chiese \u00e8 un vero viaggio a ritroso nel tempo.<\/p>\n<p>Dai t<strong>empli megalitici d\u2019epoche preistoriche<\/strong> \u2013 sono 7 i siti archeologici &#8211; agli insediamenti Fenici, grandi navigatori che qui posero basi commerciali, fino ai Cartaginesi. E ancora Malta fu per secoli Provincia romana, occupata poi dagli Arabi e passata anche ad Angioini ed Aragonesi. Fino a quando nel 1530 fu concessa in feudo dall<strong>&#8216;imperatore e re di Sicilia\u00a0 Carlo V<\/strong> al <strong>sovrano Ordine Militare Ospedaliero di San Giovanni di Gerusalemme<\/strong>, che cambi\u00f2 nome, appunto, in <strong>Ordine di Malta<\/strong>.<\/p>\n<p><a href=\"https:\/\/blog.ilgiornale.it\/viaggiopervoi\/files\/2025\/06\/IMG_4698.jpg\"><img loading=\"lazy\" class=\"size-medium wp-image-7891 aligncenter\" src=\"https:\/\/blog.ilgiornale.it\/viaggiopervoi\/files\/2025\/06\/IMG_4698-300x225.jpg\" alt=\"\" width=\"300\" height=\"225\" srcset=\"https:\/\/blog.ilgiornale.it\/viaggiopervoi\/files\/2025\/06\/IMG_4698-300x225.jpg 300w, https:\/\/blog.ilgiornale.it\/viaggiopervoi\/files\/2025\/06\/IMG_4698-1024x768.jpg 1024w, https:\/\/blog.ilgiornale.it\/viaggiopervoi\/files\/2025\/06\/IMG_4698-768x576.jpg 768w, https:\/\/blog.ilgiornale.it\/viaggiopervoi\/files\/2025\/06\/IMG_4698.jpg 1417w\" sizes=\"(max-width: 300px) 100vw, 300px\" \/><\/a><\/p>\n<p><strong>La gloria per\u00f2 di Malta arriva soprattutto dai suoi Cavalieri<\/strong>, la fama dal Grande Assedio turco del 1565 quando il Gran Maestro dell\u2019Ordine ospedaliero di San Giovanni, Jean de La Valette riusc\u00ec, dopo una strenua lunga resistenza, a respingere gli Ottomani. Un grandissimo successo militare consegnato agli annali della storia.<\/p>\n<p>&nbsp;<\/p>\n<h4><strong>Il Grande Assedio<\/strong><\/h4>\n<p>I <strong>Cavalieri di quest\u2019Ordine<\/strong> &#8211; riconosciuto da una bolla papale gi\u00e0 dall\u2019epoca delle <strong>Crociate<\/strong> &#8211; erano famosi per essere dediti alla cura degli ammalati e alla difesa dei territori della Cristianit\u00e0.\u00a0 I Cavalieri rafforzarono l\u2019apparato difensivo dell\u2019isola, costruendo tra l\u2019altro Sant\u2019Elmo, una splendida fortezza sulla punta estrema della penisola de <strong>La Valletta<\/strong> da cui si gode una vista spettacolare sul porto di Malta e che oggi ospita al suo interno il museo della guerra, cimeli e relitti di navi ed aerei militari. Difesa che si rivel\u00f2 vincente quando nel 1565 i Turchi decisero di conquistare l\u2019isola, schierando un\u2019armata di 200 vascelli.<\/p>\n<p>\u201c<strong>Quando la flotta ottomana apparve all\u2019orizzonte<\/strong>\u201d racconta <strong>Vincent Zammit<\/strong>, storico locale e grande divulgatore, autore di numerosi libri e noto anche come il Piero Angela maltese. \u201cDe Vallette ordin\u00f2 l\u2019offensiva schierando 600 soldati. La battaglia dur\u00f2 cinque giorni e cost\u00f2 la vita a dieci cristiani e a qualche centinaio di turchi. La difesa poi si concentr\u00f2 tra Sant\u2019Elmo e Birgu che fu a sua volta attaccata. Il Grande Assedio dur\u00f2 cinque mesi e termin\u00f2 con la vittoria della Cristianit\u00e0. A memoria imperitura il Grande Maestro nomin\u00f2 Birgu La Vittoriosa\u201d.<\/p>\n<p><strong>Il Grande Assedio fu un momento glorioso<\/strong> nella storia di Malta e del suo Ordine. Anche se i turchi dopo sei anni ci riprovarono nuovamente. Fu l\u2019epica battaglia di Lepanto in cui gli Ottomani vennero definitivamente sconfitti. Anche in questa occasione le strategie militari dei Cavalieri furono determinanti per la vittoria.<\/p>\n<p><a href=\"https:\/\/blog.ilgiornale.it\/viaggiopervoi\/files\/2025\/06\/IMG_4661.jpg\"><img loading=\"lazy\" class=\"size-medium wp-image-7893 aligncenter\" src=\"https:\/\/blog.ilgiornale.it\/viaggiopervoi\/files\/2025\/06\/IMG_4661-300x225.jpg\" alt=\"\" width=\"300\" height=\"225\" srcset=\"https:\/\/blog.ilgiornale.it\/viaggiopervoi\/files\/2025\/06\/IMG_4661-300x225.jpg 300w, https:\/\/blog.ilgiornale.it\/viaggiopervoi\/files\/2025\/06\/IMG_4661-1024x768.jpg 1024w, https:\/\/blog.ilgiornale.it\/viaggiopervoi\/files\/2025\/06\/IMG_4661-768x576.jpg 768w, https:\/\/blog.ilgiornale.it\/viaggiopervoi\/files\/2025\/06\/IMG_4661.jpg 1417w\" sizes=\"(max-width: 300px) 100vw, 300px\" \/><\/a><\/p>\n<p><strong>Le fortificazioni di Malta e Gozo<\/strong> consistono in una serie di mura, cittadelle, fortezze, torri, fortini che sono stati costruiti in un arco temporale molto vasto: basti dire che solo tra il 1605 e il 1720 erano attive 24 torri costiere. Ben il 90% di esse oggi \u00e8 ancora in piedi. A Birgu in particolare per gli appassionati di storia militare ci sono due interessanti musei: quello della guerra e quello navale.<\/p>\n<p><a href=\"https:\/\/blog.ilgiornale.it\/viaggiopervoi\/files\/2025\/06\/IMG_4740.jpg\"><img loading=\"lazy\" class=\"size-medium wp-image-7894 aligncenter\" src=\"https:\/\/blog.ilgiornale.it\/viaggiopervoi\/files\/2025\/06\/IMG_4740-300x225.jpg\" alt=\"\" width=\"300\" height=\"225\" srcset=\"https:\/\/blog.ilgiornale.it\/viaggiopervoi\/files\/2025\/06\/IMG_4740-300x225.jpg 300w, https:\/\/blog.ilgiornale.it\/viaggiopervoi\/files\/2025\/06\/IMG_4740-1024x768.jpg 1024w, https:\/\/blog.ilgiornale.it\/viaggiopervoi\/files\/2025\/06\/IMG_4740-768x576.jpg 768w, https:\/\/blog.ilgiornale.it\/viaggiopervoi\/files\/2025\/06\/IMG_4740.jpg 1417w\" sizes=\"(max-width: 300px) 100vw, 300px\" \/><\/a><\/p>\n<p>Malta per\u00f2 non \u00e8 solo fortificazioni: <strong>Valletta \u2013 <\/strong>che prende il nome proprio dal Grande Maestro <strong>&#8211; \u00e8 una vivacissima capitale<\/strong> dove antico e moderno s\u2019abbracciano a cominciare dalla simbolica fontana dei Tritoni che accoglie i turisti all\u2019ingresso della capitale. Tra i tanti must imperdibile sontuosa Concattedrale di San Giovanni\u00a0dove \u00e8 anche esposta anche la grande tela, l\u2019unica mai firmata dal <strong>Caravaggio: la Decollazione di San Giovanni<\/strong>. C\u2019\u00e8 poi il Palazzo del Gran Maestro dell\u2019Ordine, i cui interni lasciano senza fiato. E ancora l\u2019imponente Palazzo del Parlamento maltese, opera di Renzo Piano.<\/p>\n<p>E poi la movida notturna: locali, ristoranti, negozi alla moda danno vita al centro storico fino alle ore pi\u00f9 piccole.<\/p>\n<p><a href=\"https:\/\/blog.ilgiornale.it\/viaggiopervoi\/files\/2025\/06\/IMG_4646.jpg\"><img loading=\"lazy\" class=\"size-medium wp-image-7895 aligncenter\" src=\"https:\/\/blog.ilgiornale.it\/viaggiopervoi\/files\/2025\/06\/IMG_4646-225x300.jpg\" alt=\"\" width=\"225\" height=\"300\" srcset=\"https:\/\/blog.ilgiornale.it\/viaggiopervoi\/files\/2025\/06\/IMG_4646-225x300.jpg 225w, https:\/\/blog.ilgiornale.it\/viaggiopervoi\/files\/2025\/06\/IMG_4646-768x1024.jpg 768w, https:\/\/blog.ilgiornale.it\/viaggiopervoi\/files\/2025\/06\/IMG_4646-1152x1536.jpg 1152w, https:\/\/blog.ilgiornale.it\/viaggiopervoi\/files\/2025\/06\/IMG_4646.jpg 1417w\" sizes=\"(max-width: 225px) 100vw, 225px\" \/><\/a><\/p>\n<p><strong>E infine Mdina, l\u2019antica capitale<\/strong>: fondata dai Fenici e soprannominata la <strong>Citt\u00e0 del Silenzio<\/strong> fu costruita su una collina nel\u00a0centro dell&#8217;isola. Si narra che l&#8217;apostolo San Paolo\u00a0naufragasse a Malta, e proprio da Mdina cominciasse la sua predicazione.\u00a0Tuttora \u00e8 una delle\u00a0citt\u00e0 fortificate meglio conservate e pi\u00f9 affascinanti d&#8217;Europa. Un labirinto di stradine e vicoli abitata soltanto da trecento maltesi.<\/p>\n<p>&nbsp;<\/p>\n<h4><strong>Vini locali e gastronomia<\/strong><\/h4>\n<p>Non perdetevi i pastizzi, ravioli dolci di ricotta, una vera delizia, specie se appena usciti dal forno, il vino imbottigliato in loco dalla winery Meridiana, l\u2019olio prodotto con la Perla bianca di Malta da Ta\u2019 Xmun Olive Grove.<\/p>\n<p>E poi il miele, utilizzato dai pasticceri locali. Esperienza unica \u00e8 partecipare alla raccolta del dolce nettare presso Golden Island Honey, maestri apicultori. Ricordando che le api, nostre piccole amiche, svolgono un ruolo fondamentale per la salvaguardia dell\u2019ambiente e del pianeta.<\/p>\n<p><a href=\"https:\/\/blog.ilgiornale.it\/viaggiopervoi\/files\/2025\/06\/valletta-1.jpg\"><img loading=\"lazy\" class=\"size-medium wp-image-7899 aligncenter\" src=\"https:\/\/blog.ilgiornale.it\/viaggiopervoi\/files\/2025\/06\/valletta-1-300x206.jpg\" alt=\"\" width=\"300\" height=\"206\" srcset=\"https:\/\/blog.ilgiornale.it\/viaggiopervoi\/files\/2025\/06\/valletta-1-300x206.jpg 300w, https:\/\/blog.ilgiornale.it\/viaggiopervoi\/files\/2025\/06\/valletta-1-1024x702.jpg 1024w, https:\/\/blog.ilgiornale.it\/viaggiopervoi\/files\/2025\/06\/valletta-1-768x526.jpg 768w, https:\/\/blog.ilgiornale.it\/viaggiopervoi\/files\/2025\/06\/valletta-1.jpg 1417w\" sizes=\"(max-width: 300px) 100vw, 300px\" \/><\/a><\/p>\n<p><strong><a href=\"https:\/\/newsletter.openmindconsulting.it\/track\/click?q=eyJkYXRhIjoib2NJWVRrOTFQd3lZbnh2b01LZlFwSWZBZDFHMmRnck9oRFVEeHc1QWxXR2FyQ1hGXC81XC9saWVLSkFuUlhhUjNPcjY5WWxPZ0RRc3FhS1pqS2poY2F5SVBsbWlvRlpjQzZ1ZE14a0RzaDBuMHBaejBLYWZKaGFsNlc0TE03RnJObmNPSVhqRU1xc3NwNmhHVTVjS2dYZXFySzlpSjdKRE45a1ptZHlvTDFRZVAwaHpcL0JtWXVXR1h0YUJwY1JUUXRDcEVWbEFoWjdOTlU3VjFUQlZveUpxMENcL1wvcGl6WUdNUWZEYTdNV21malRWQ0NSR0R0emlLd1hVeGsraTdXdFpsWnBzUGYyMEwwQXBNTCtHM2pqc1pnN3M3ekFzY05hb3IyY1FzXC9GWlZqdGgyZjhaakFwcWxEOTI4R2oyeW4zenJ5K2lWTEVYQ0NlVTVFemJUeGR1SkRpVEQ4bUR4Y083WHVhcm5sakZNVGlBQkllWVFpMTNUSE1oRXhIRnRyb3RZXC9LaVwvN1pnYjVQUzFicUZIcGIzOWUyT3ZxVTJycklXUWF2VkY4czJ1aTVnPSIsIml2IjoickViektrdHFQXC92Q1hpbnQ2aFpKbEE9PSJ9\">www.visitmalta.com<\/a><\/strong><\/p>\n<p>&nbsp;<\/p>\n<p>&nbsp;<\/p>\n<p>&nbsp;<\/p>\n","protected":false},"excerpt":{"rendered":"<p><p>&nbsp; di Anna Maria Catano &nbsp; Malta \u00e8 un minuscolo, assolato arcipelago al centro del vasto Mare Nostrum. Baluardo di Cristianit\u00e0 perch\u00e9 di grande importanza strategica, punto di rifornimento per millenni di imbarcazioni e navi di passaggio. Formata da due isole maggiori, Malta e Gozo, e da tre isolotti disabitati Comino, Cominotto e Filfola si trova a soli nove chilometri dalla costa della Sicilia: anche geologicamente fa parte della piattaforma continentale sottomarina sicula. Settemila anni di storia e non sentirli A Malta troverete traccia di tanti popoli ed etnie che s\u2019affacciarono sul mar Mediterraneo. Un caleidoscopio di culture, arte, lingue, [&hellip;]<\/p>\n&nbsp;&nbsp;<div class=\"readmore\"><a href=\"https:\/\/blog.ilgiornale.it\/viaggiopervoi\/2025\/06\/06\/malta-e-il-grande-assedio-la-vittoria-dei-cavalieri-di-san-giovanni-contro-gli-ottomani\/\">Continua a leggere...<\/a><\/div><\/p>","protected":false},"author":1089,"featured_media":7897,"comment_status":"open","ping_status":"closed","sticky":false,"template":"","format":"standard","meta":[],"categories":[226543],"tags":[597808,226543],"_links":{"self":[{"href":"https:\/\/blog.ilgiornale.it\/viaggiopervoi\/wp-json\/wp\/v2\/posts\/7889"}],"collection":[{"href":"https:\/\/blog.ilgiornale.it\/viaggiopervoi\/wp-json\/wp\/v2\/posts"}],"about":[{"href":"https:\/\/blog.ilgiornale.it\/viaggiopervoi\/wp-json\/wp\/v2\/types\/post"}],"author":[{"embeddable":true,"href":"https:\/\/blog.ilgiornale.it\/viaggiopervoi\/wp-json\/wp\/v2\/users\/1089"}],"replies":[{"embeddable":true,"href":"https:\/\/blog.ilgiornale.it\/viaggiopervoi\/wp-json\/wp\/v2\/comments?post=7889"}],"version-history":[{"count":4,"href":"https:\/\/blog.ilgiornale.it\/viaggiopervoi\/wp-json\/wp\/v2\/posts\/7889\/revisions"}],"predecessor-version":[{"id":7900,"href":"https:\/\/blog.ilgiornale.it\/viaggiopervoi\/wp-json\/wp\/v2\/posts\/7889\/revisions\/7900"}],"wp:featuredmedia":[{"embeddable":true,"href":"https:\/\/blog.ilgiornale.it\/viaggiopervoi\/wp-json\/wp\/v2\/media\/7897"}],"wp:attachment":[{"href":"https:\/\/blog.ilgiornale.it\/viaggiopervoi\/wp-json\/wp\/v2\/media?parent=7889"}],"wp:term":[{"taxonomy":"category","embeddable":true,"href":"https:\/\/blog.ilgiornale.it\/viaggiopervoi\/wp-json\/wp\/v2\/categories?post=7889"},{"taxonomy":"post_tag","embeddable":true,"href":"https:\/\/blog.ilgiornale.it\/viaggiopervoi\/wp-json\/wp\/v2\/tags?post=7889"}],"curies":[{"name":"wp","href":"https:\/\/api.w.org\/{rel}","templated":true}]}}