{"id":933,"date":"2017-03-02T09:25:00","date_gmt":"2017-03-02T08:25:00","guid":{"rendered":"https:\/\/blog.ilgiornale.it\/viaggiopervoi\/?p=933"},"modified":"2017-03-02T09:25:00","modified_gmt":"2017-03-02T08:25:00","slug":"lhonduras-e-piu-vicino-volando-con-air-europa","status":"publish","type":"post","link":"https:\/\/blog.ilgiornale.it\/viaggiopervoi\/2017\/03\/02\/lhonduras-e-piu-vicino-volando-con-air-europa\/","title":{"rendered":"L\u2019Honduras \u00e8 pi\u00f9 vicino volando con Air Europa"},"content":{"rendered":"<p>&nbsp;<\/p>\n\n\t\t<style type=\"text\/css\">\n\t\t\t#gallery-1 {\n\t\t\t\tmargin: auto;\n\t\t\t}\n\t\t\t#gallery-1 .gallery-item {\n\t\t\t\tfloat: left;\n\t\t\t\tmargin-top: 10px;\n\t\t\t\ttext-align: center;\n\t\t\t\twidth: 33%;\n\t\t\t}\n\t\t\t#gallery-1 img {\n\t\t\t\tborder: 2px solid #cfcfcf;\n\t\t\t}\n\t\t\t#gallery-1 .gallery-caption {\n\t\t\t\tmargin-left: 0;\n\t\t\t}\n\t\t\t\/* see gallery_shortcode() in wp-includes\/media.php *\/\n\t\t<\/style>\n\t\t<div id='gallery-1' class='gallery galleryid-933 gallery-columns-3 gallery-size-thumbnail'><dl class='gallery-item'>\n\t\t\t<dt class='gallery-icon landscape'>\n\t\t\t\t<a href='https:\/\/blog.ilgiornale.it\/viaggiopervoi\/2017\/03\/02\/lhonduras-e-piu-vicino-volando-con-air-europa\/barche-a-cayos-cochinos-2\/'><img width=\"150\" height=\"150\" src=\"https:\/\/blog.ilgiornale.it\/viaggiopervoi\/files\/2017\/03\/Barche-a-Cayos-Cochinos1-150x150.jpg\" class=\"attachment-thumbnail size-thumbnail\" alt=\"\" loading=\"lazy\" \/><\/a>\n\t\t\t<\/dt><\/dl><dl class='gallery-item'>\n\t\t\t<dt class='gallery-icon landscape'>\n\t\t\t\t<a href='https:\/\/blog.ilgiornale.it\/viaggiopervoi\/2017\/03\/02\/lhonduras-e-piu-vicino-volando-con-air-europa\/copan-un-tempio\/'><img width=\"150\" height=\"150\" src=\"https:\/\/blog.ilgiornale.it\/viaggiopervoi\/files\/2017\/03\/Copan-un-tempio-150x150.jpg\" class=\"attachment-thumbnail size-thumbnail\" alt=\"\" loading=\"lazy\" \/><\/a>\n\t\t\t<\/dt><\/dl><dl class='gallery-item'>\n\t\t\t<dt class='gallery-icon landscape'>\n\t\t\t\t<a href='https:\/\/blog.ilgiornale.it\/viaggiopervoi\/2017\/03\/02\/lhonduras-e-piu-vicino-volando-con-air-europa\/donna-garifuna-che-lavora-il-cocco-copia\/'><img width=\"150\" height=\"150\" src=\"https:\/\/blog.ilgiornale.it\/viaggiopervoi\/files\/2017\/03\/Donna-Garifuna-che-lavora-il-cocco-copia-150x150.jpg\" class=\"attachment-thumbnail size-thumbnail\" alt=\"\" loading=\"lazy\" \/><\/a>\n\t\t\t<\/dt><\/dl><br style=\"clear: both\" \/><dl class='gallery-item'>\n\t\t\t<dt class='gallery-icon landscape'>\n\t\t\t\t<a href='https:\/\/blog.ilgiornale.it\/viaggiopervoi\/2017\/03\/02\/lhonduras-e-piu-vicino-volando-con-air-europa\/hondu-347-copia\/'><img width=\"150\" height=\"150\" src=\"https:\/\/blog.ilgiornale.it\/viaggiopervoi\/files\/2017\/03\/Hondu-347-copia-150x150.jpg\" class=\"attachment-thumbnail size-thumbnail\" alt=\"\" loading=\"lazy\" \/><\/a>\n\t\t\t<\/dt><\/dl><dl class='gallery-item'>\n\t\t\t<dt class='gallery-icon landscape'>\n\t\t\t\t<a href='https:\/\/blog.ilgiornale.it\/viaggiopervoi\/2017\/03\/02\/lhonduras-e-piu-vicino-volando-con-air-europa\/hondu-369\/'><img width=\"150\" height=\"150\" src=\"https:\/\/blog.ilgiornale.it\/viaggiopervoi\/files\/2017\/03\/Hondu-369-150x150.jpg\" class=\"attachment-thumbnail size-thumbnail\" alt=\"\" loading=\"lazy\" \/><\/a>\n\t\t\t<\/dt><\/dl><dl class='gallery-item'>\n\t\t\t<dt class='gallery-icon landscape'>\n\t\t\t\t<a href='https:\/\/blog.ilgiornale.it\/viaggiopervoi\/2017\/03\/02\/lhonduras-e-piu-vicino-volando-con-air-europa\/hondu-roatan-2-copia\/'><img width=\"150\" height=\"150\" src=\"https:\/\/blog.ilgiornale.it\/viaggiopervoi\/files\/2017\/03\/Hondu-Roatan-2-copia-150x150.jpg\" class=\"attachment-thumbnail size-thumbnail\" alt=\"\" loading=\"lazy\" \/><\/a>\n\t\t\t<\/dt><\/dl><br style=\"clear: both\" \/><dl class='gallery-item'>\n\t\t\t<dt class='gallery-icon landscape'>\n\t\t\t\t<a href='https:\/\/blog.ilgiornale.it\/viaggiopervoi\/2017\/03\/02\/lhonduras-e-piu-vicino-volando-con-air-europa\/honduras-copan-campo-di-pelota-copia\/'><img width=\"150\" height=\"150\" src=\"https:\/\/blog.ilgiornale.it\/viaggiopervoi\/files\/2017\/03\/Honduras-Copan-campo-di-pelota-copia-150x150.jpg\" class=\"attachment-thumbnail size-thumbnail\" alt=\"\" loading=\"lazy\" \/><\/a>\n\t\t\t<\/dt><\/dl><dl class='gallery-item'>\n\t\t\t<dt class='gallery-icon landscape'>\n\t\t\t\t<a href='https:\/\/blog.ilgiornale.it\/viaggiopervoi\/2017\/03\/02\/lhonduras-e-piu-vicino-volando-con-air-europa\/honduras-parco-naz-punta-sal\/'><img width=\"150\" height=\"150\" src=\"https:\/\/blog.ilgiornale.it\/viaggiopervoi\/files\/2017\/03\/Honduras-Parco-Naz-Punta-Sal-150x150.jpg\" class=\"attachment-thumbnail size-thumbnail\" alt=\"\" loading=\"lazy\" \/><\/a>\n\t\t\t<\/dt><\/dl><dl class='gallery-item'>\n\t\t\t<dt class='gallery-icon portrait'>\n\t\t\t\t<a href='https:\/\/blog.ilgiornale.it\/viaggiopervoi\/2017\/03\/02\/lhonduras-e-piu-vicino-volando-con-air-europa\/stele-a-copan-copia-2\/'><img width=\"150\" height=\"150\" src=\"https:\/\/blog.ilgiornale.it\/viaggiopervoi\/files\/2017\/03\/Stele-a-Copan-copia-2-150x150.jpg\" class=\"attachment-thumbnail size-thumbnail\" alt=\"\" loading=\"lazy\" \/><\/a>\n\t\t\t<\/dt><\/dl><br style=\"clear: both\" \/>\n\t\t<\/div>\n\n<p>Uno dei centri <strong>Maya pi\u00f9 belli e interessanti del Centroamerica: Cop\u00e1n<\/strong>. E i discendenti dei <strong>Maya, i Lenca<\/strong>, famosi per la lavorazione della ceramica. <strong>Isole selvagge<\/strong>, un tempo approdo di pirati, lambite dal mare turchese. Alcune pi\u00f9 conosciute come <strong>Roat\u00e1n<\/strong>, altre meno note, come <strong>Cayos Cochinos<\/strong>: diciotto isolotti dove la natura \u00e8 ancora protagonista assoluta e nell\u2019acqua limpida \u201cluccicano\u201d le stelle marine. Una sola \u00e8 abitata da trecento <strong>Garifuna<\/strong>, popolazione di pelle scura che vive esclusivamente di pesca. Sullo sfondo: una delle barriere coralline pi\u00f9 estese al mondo.<\/p>\n<p>In fatto di spiagge quest\u2019anno <strong>l\u2019<a title=\"Honduras\" href=\"http:\/\/honduras.travel\/en\">Honduras<\/a> ha anche un primato: tra le dieci migliori del<a title=\"Centroamerica\" href=\"http:\/\/www.visitcentroamerica.com\"> Centroamerica<\/a>,<\/strong> gli utenti di <strong>Tripadvisor<\/strong> di tutto il mondo hanno votato al primo posto <strong>West Bay Beach<\/strong> sull\u2019Isola di <strong>Roat\u00e1n<\/strong>, molto frequentata dagli italiani.\u00a0Ma per chi ama un\u2019esperienza alla Robinson Crusoe, c\u2019\u00e8 altro da scoprire: vicina, ma meno nota, si trova <strong>Guanaja<\/strong>, una delle tre isole dell\u2019<strong>arcipelago della Bahia<\/strong> insieme alla pi\u00f9 famosa<strong> Roat\u00e1n e a Utila<\/strong>. Terra e acqua sono per lo pi\u00f9 riserva biologica. <strong>Guanaja<\/strong> \u00e8 divisa in due parti: nella pi\u00f9 piccola, <strong>Bonnacca Cay<\/strong>, vive la maggior parte della popolazione, mentre nell\u2019altra, chiamata <strong>Isla Grande<\/strong>, domina la natura selvaggia in un susseguirsi di foreste, cascate, spiagge incontaminate.<\/p>\n<div id=\"attachment_935\" style=\"width: 400px\" class=\"wp-caption alignnone\"><a href=\"https:\/\/blog.ilgiornale.it\/viaggiopervoi\/files\/2017\/03\/Cayos-Cochino-copia.jpg\"><img aria-describedby=\"caption-attachment-935\" loading=\"lazy\" class=\"wp-image-935\" src=\"https:\/\/blog.ilgiornale.it\/viaggiopervoi\/files\/2017\/03\/Cayos-Cochino-copia-196x300.jpg\" alt=\"\" width=\"390\" height=\"597\" srcset=\"https:\/\/blog.ilgiornale.it\/viaggiopervoi\/files\/2017\/03\/Cayos-Cochino-copia-196x300.jpg 196w, https:\/\/blog.ilgiornale.it\/viaggiopervoi\/files\/2017\/03\/Cayos-Cochino-copia-669x1024.jpg 669w, https:\/\/blog.ilgiornale.it\/viaggiopervoi\/files\/2017\/03\/Cayos-Cochino-copia.jpg 1500w\" sizes=\"(max-width: 390px) 100vw, 390px\" \/><\/a><p id=\"caption-attachment-935\" class=\"wp-caption-text\">La bellezza incontaminata di Cayos Cochinos<\/p><\/div>\n<p>&nbsp;<\/p>\n<p>Ma l\u2019<strong>Honduras \u00e8 anche grandi distese di mangrovie e foreste di verde smeraldo<\/strong>, graziose cittadine coloniali come <strong>Comayagua<\/strong>, con la sua cattedrale che custodisce l\u2019orologio pi\u00f9 antico d\u2019America, parchi nazionali, dove fare ecoturismo come quello di <strong>Punta Sal,<\/strong> raggiungibile soltanto in barca, o di <strong>Pico Bonito<\/strong>, la montagna pi\u00f9 alta del Paese. E meraviglie come il<strong> Giardino Botanico di Lancetilla<\/strong>, tra i pi\u00f9 grandi al mondo: 1.800 ettari e la pi\u00f9 vasta collezione di piante esotiche dei Tropici Latini.\u00a0E che dire dell\u2019archeologia?<strong> Cop\u00e1n, antica capitale del regno Maya tra i secoli V e IX<\/strong>, \u00e8 famosa in tutto il mondo per le sue vestigia: il campo della pelota e la Gran Plaza, dove si trovano stele che sembrano disegnare meridiane in un continuo richiamo tra mondo terreno e celeste, e preziosi altari scolpiti con forme zoomorfe. Famosissima la <strong>Scala dei Geroglifici<\/strong>: 63 scalini sul lato di una struttura a forma di piramide alta 30 metri, con oltre duemiladuecento blocchi di geroglifici che narrano la storia della <strong>dinastia di Cop\u00e1n<\/strong>.<\/p>\n<div id=\"attachment_936\" style=\"width: 813px\" class=\"wp-caption alignnone\"><a href=\"https:\/\/blog.ilgiornale.it\/viaggiopervoi\/files\/2017\/03\/Honduras-Copan-campo-di-pelota-copia.jpg\"><img aria-describedby=\"caption-attachment-936\" loading=\"lazy\" class=\"wp-image-936\" src=\"https:\/\/blog.ilgiornale.it\/viaggiopervoi\/files\/2017\/03\/Honduras-Copan-campo-di-pelota-copia-300x225.jpg\" alt=\"Honduras Copan campo di pelota copia\" width=\"803\" height=\"602\" srcset=\"https:\/\/blog.ilgiornale.it\/viaggiopervoi\/files\/2017\/03\/Honduras-Copan-campo-di-pelota-copia-300x225.jpg 300w, https:\/\/blog.ilgiornale.it\/viaggiopervoi\/files\/2017\/03\/Honduras-Copan-campo-di-pelota-copia-1024x768.jpg 1024w, https:\/\/blog.ilgiornale.it\/viaggiopervoi\/files\/2017\/03\/Honduras-Copan-campo-di-pelota-copia.jpg 2048w\" sizes=\"(max-width: 803px) 100vw, 803px\" \/><\/a><p id=\"caption-attachment-936\" class=\"wp-caption-text\">Il campo della Pelota a Copan<\/p><\/div>\n<p>&nbsp;<\/p>\n<p>A ovest delle rovine principali, il parco <strong>Archeologico Rio Amarillo<\/strong> \u00e8 stato portato alla luce gradualmente negli ultimi anni grazie a un gruppo di archeologici centroamericani ed europei. Basandosi sui reperti e, soprattutto, sulla posizione dei ritrovamenti, gli studiosi hanno anche formulato delle ipotesi sui motivi della caduta dell\u2019impero Maya. I ritrovamenti dimostrano che, a causa di una forte siccit\u00e0 dovuta a un cambio climatico, gli abitanti migrarono e non tornarono pi\u00f9 nella zona come dimostrano gli edifici incompiuti e gli strumenti di costruzione abbandonati. Secondo l\u2019<strong>Istituto Generale per lo Sviluppo dell\u2019Honduras,<\/strong> nell\u2019area esistevano 26 insediamenti distribuiti su circa 35 ettari, ognuno con 6-12 unit\u00e0 abitative.<\/p>\n<p>Come arrivarci? Tra poco l\u2019Honduras sar\u00e0 pi\u00f9 facilmente raggiungibile grazie al nuovo volo, operativo dal <strong>prossimo 26 aprile<\/strong>, di <a title=\"Air Europa\" href=\"http:\/\/www.aireuropa.com\"><strong>Air Europa<\/strong><\/a>\u00a0 che collega due volte la settimana l\u2019<strong>aeroporto madrileno di Barajas a quello di San Pedro Sula<\/strong>. Partenza da Madrid ogni mercoled\u00ec alle 23,55 e ritorno dalla citt\u00e0 honduregna ogni gioved\u00ec alle ore 10,55 locali, con comode coincidenze da e per i maggiori aeroporti italiani, in code share con Alitalia da Milano Malpensa e Roma Fumicino. Si vola a bordo dell\u2019<strong>Airbus A330-200<\/strong>, aeromobile in grado di trasportare fino a 299 passeggeri, 24 dei quali in business class.\u00a0Salgono cos\u00ec a <strong>19 le destinazioni raggiunte dalla compagnia aerea iberica in America<\/strong>. Tra le ultime rotte inserite: <strong>Guayaquil in Ecuador<\/strong> e <strong>C\u00f2rdoba in Argentina<\/strong>, quest\u2019ultima effettuata via <strong>Asunci\u00f2n<\/strong> (Paraguay). Oltre a: Caracas, Lima, Santa Cruz de la Sierra, Salvador de Bahia, San Paolo, Montevideo, Buenos Aires, Asunci\u00f2n e Bogot\u00e0, Santo Domingo, L&#8217;Avana, New York, Miami, Porto Rico, Cancun e Punta Cana.<\/p>\n<div id=\"attachment_937\" style=\"width: 813px\" class=\"wp-caption alignnone\"><a href=\"https:\/\/blog.ilgiornale.it\/viaggiopervoi\/files\/2017\/03\/DREAMLINER.jpg\"><img aria-describedby=\"caption-attachment-937\" loading=\"lazy\" class=\"wp-image-937\" src=\"https:\/\/blog.ilgiornale.it\/viaggiopervoi\/files\/2017\/03\/DREAMLINER-300x200.jpg\" alt=\"DREAMLINER\" width=\"803\" height=\"535\" srcset=\"https:\/\/blog.ilgiornale.it\/viaggiopervoi\/files\/2017\/03\/DREAMLINER-300x200.jpg 300w, https:\/\/blog.ilgiornale.it\/viaggiopervoi\/files\/2017\/03\/DREAMLINER-1024x683.jpg 1024w\" sizes=\"(max-width: 803px) 100vw, 803px\" \/><\/a><p id=\"caption-attachment-937\" class=\"wp-caption-text\">Air Europa vola in 19 citt\u00e0 nel continente americano<\/p><\/div>\n<p>&nbsp;<\/p>\n<p>Buon volo e buone Americhe.<\/p>\n<p>&nbsp;<\/p>\n<p>Elena Pizzetti<\/p>\n<p>@ElenaEpizzet<\/p>\n<p>&nbsp;<\/p>\n<p>&nbsp;<\/p>\n<p>&nbsp;<\/p>\n","protected":false},"excerpt":{"rendered":"<p><p>&nbsp; Uno dei centri Maya pi\u00f9 belli e interessanti del Centroamerica: Cop\u00e1n. E i discendenti dei Maya, i Lenca, famosi per la lavorazione della ceramica. Isole selvagge, un tempo approdo di pirati, lambite dal mare turchese. Alcune pi\u00f9 conosciute come Roat\u00e1n, altre meno note, come Cayos Cochinos: diciotto isolotti dove la natura \u00e8 ancora protagonista assoluta e nell\u2019acqua limpida \u201cluccicano\u201d le stelle marine. Una sola \u00e8 abitata da trecento Garifuna, popolazione di pelle scura che vive esclusivamente di pesca. Sullo sfondo: una delle barriere coralline pi\u00f9 estese al mondo. In fatto di spiagge quest\u2019anno l\u2019Honduras ha anche un primato: tra [&hellip;]<\/p>\n&nbsp;&nbsp;<div class=\"readmore\"><a href=\"https:\/\/blog.ilgiornale.it\/viaggiopervoi\/2017\/03\/02\/lhonduras-e-piu-vicino-volando-con-air-europa\/\">Continua a leggere...<\/a><\/div><\/p>","protected":false},"author":1089,"featured_media":0,"comment_status":"open","ping_status":"closed","sticky":false,"template":"","format":"standard","meta":[],"categories":[499],"tags":[501,500,219935],"_links":{"self":[{"href":"https:\/\/blog.ilgiornale.it\/viaggiopervoi\/wp-json\/wp\/v2\/posts\/933"}],"collection":[{"href":"https:\/\/blog.ilgiornale.it\/viaggiopervoi\/wp-json\/wp\/v2\/posts"}],"about":[{"href":"https:\/\/blog.ilgiornale.it\/viaggiopervoi\/wp-json\/wp\/v2\/types\/post"}],"author":[{"embeddable":true,"href":"https:\/\/blog.ilgiornale.it\/viaggiopervoi\/wp-json\/wp\/v2\/users\/1089"}],"replies":[{"embeddable":true,"href":"https:\/\/blog.ilgiornale.it\/viaggiopervoi\/wp-json\/wp\/v2\/comments?post=933"}],"version-history":[{"count":8,"href":"https:\/\/blog.ilgiornale.it\/viaggiopervoi\/wp-json\/wp\/v2\/posts\/933\/revisions"}],"predecessor-version":[{"id":954,"href":"https:\/\/blog.ilgiornale.it\/viaggiopervoi\/wp-json\/wp\/v2\/posts\/933\/revisions\/954"}],"wp:attachment":[{"href":"https:\/\/blog.ilgiornale.it\/viaggiopervoi\/wp-json\/wp\/v2\/media?parent=933"}],"wp:term":[{"taxonomy":"category","embeddable":true,"href":"https:\/\/blog.ilgiornale.it\/viaggiopervoi\/wp-json\/wp\/v2\/categories?post=933"},{"taxonomy":"post_tag","embeddable":true,"href":"https:\/\/blog.ilgiornale.it\/viaggiopervoi\/wp-json\/wp\/v2\/tags?post=933"}],"curies":[{"name":"wp","href":"https:\/\/api.w.org\/{rel}","templated":true}]}}