{"id":2761,"date":"2013-05-31T19:40:35","date_gmt":"2013-05-31T19:40:35","guid":{"rendered":"https:\/\/blog.ilgiornale.it\/wallandstreet\/?p=2761"},"modified":"2013-06-08T19:47:59","modified_gmt":"2013-06-08T19:47:59","slug":"visco-%c2%abassedia%c2%bb-le-popolari","status":"publish","type":"post","link":"https:\/\/blog.ilgiornale.it\/wallandstreet\/2013\/05\/31\/visco-%c2%abassedia%c2%bb-le-popolari\/","title":{"rendered":"Visco \u00abassedia\u00bb le Popolari"},"content":{"rendered":"<p><a href=\"https:\/\/blog.ilgiornale.it\/wallandstreet\/files\/2013\/05\/VISCO.jpg\"><img loading=\"lazy\" class=\"aligncenter size-large wp-image-2765\" src=\"https:\/\/blog.ilgiornale.it\/wallandstreet\/files\/2013\/05\/VISCO-1024x788.jpg\" alt=\"\" width=\"512\" height=\"394\" srcset=\"https:\/\/blog.ilgiornale.it\/wallandstreet\/files\/2013\/05\/VISCO-1024x788.jpg 1024w, https:\/\/blog.ilgiornale.it\/wallandstreet\/files\/2013\/05\/VISCO-300x230.jpg 300w\" sizes=\"(max-width: 512px) 100vw, 512px\" \/><\/a><\/p>\n<p>&nbsp;<\/p>\n<p>&nbsp;<\/p>\n<p>&nbsp;<\/p>\n<p>&nbsp;<\/p>\n<p>&nbsp;<\/p>\n<p>&nbsp;<\/p>\n<p>&nbsp;<\/p>\n<p>&nbsp;<\/p>\n<p>&nbsp;<\/p>\n<p>&nbsp;<\/p>\n<p>&nbsp;<\/p>\n<p>&nbsp;<\/p>\n<p>Le grandi Popolari si trasformino in spa. L&#8217;auspico arriva direttamente dal governatore di <strong>Bankitalia<\/strong>, <strong>Ignazio Visco<\/strong>, nelle <em>Considerazioni finali<\/em>. L\u2019attuale disciplina sulle banche popolari \u00abpu\u00f2 risultare inadeguata per gli intermediari di grandi dimensioni, operanti a livello nazionale o internazionale e quotati in Borsa\u00bb. Nella relazione annuale Visco ha sottolineato che \u00abandrebbe resa pi\u00f9 agevole, per\u00a0le banche popolari quotate la trasformazione in societ\u00e0 per azioni, quando necessaria e in funzione delle dimensioni delle banche e della natura delle loro operazioni\u00bb.<\/p>\n<p>Un chiaro riferimento al caso della <strong>Banca Popolare di Milano<\/strong> dove il progetto di trasformazione in societ\u00e0 per azioni, caldeggiato dal presidente del consiglio di gestione <strong>Andrea Bonomi<\/strong>, \u00e8 stato bocciato dall&#8217;assemblea nella quale dipendenti e pensionati dell&#8217;istituto milanese hanno confermato la natura mutualistica dell&#8217;istituzione. Insomma, il voto capitario (un voto per ogni socio indipendentemente dal numero delle azioni possedute) e la Borsa, secondo Visco, sono difficilmente compatibili perch\u00e9 il mercato chiede risposte precise in termini di redditivit\u00e0, soprattutto quando gli investimenti effettuati sono ingenti. Dunque, se un fondo vuole puntare su una Popolare, non pu\u00f2 veder bloccate le proprie pretese da una schiera di \u00abconservatori\u00bb. E se si considera che nel <strong>Ftse Mib<\/strong> oltre a Bpm ci sono anche il <strong>Banco<\/strong>, <strong>Popolare Emilia Romagna<\/strong> e <strong>Ubi<\/strong> che hanno forma cooperativa, si comprende bene che a qualcuno saranno fischiate le orecchie.<\/p>\n<p>Il presidente della <strong>Banca Popolare di\u00a0Vicenza<\/strong> (che \u00e8 una grande popolare ma non \u00e8 quotata), <strong>Gianni Zonin<\/strong>, si \u00e8 detto favorevole ad un\u2019evoluzione del\u00a0modello cooperativo ma non \u00abad una sua rottamazione\u00bb. Parlando\u00a0a margine dell\u2019assemblea di Bankitalia, ha ribadito come \u00abil modello\u00a0cooperativo \u00e8 fondamentale per sostenere le pmi e che un\u2019idea\u00a0potrebbe essere quella di prevedere l\u2019elezione di una parte dei\u00a0consiglieri a favore degli azionisti legati ai fondi di\u00a0investimento\u00bb. \u00abCredo che si riferisse alla sola Bpm\u00bb, ha tagliato corto il presidente del <strong>Credito Valtellinese<\/strong> e dell&#8217;Istituto centrale delle banche popolari,<strong> Giovanni De Censi<\/strong>.<\/p>\n<p>\u00c8 chiaro che per il governatore espugnare le roccheforti delle Popolari sar\u00e0 molto difficile. A meno di non intervenire con qualche arma pi\u00f9 incisiva che non sia la solita <em>moral suasion<\/em>.<\/p>\n<p><strong>Wall &amp; Street<\/strong><\/p>\n","protected":false},"excerpt":{"rendered":"<p><p>&nbsp; &nbsp; &nbsp; &nbsp; &nbsp; &nbsp; &nbsp; &nbsp; &nbsp; &nbsp; &nbsp; &nbsp; Le grandi Popolari si trasformino in spa. L&#8217;auspico arriva direttamente dal governatore di Bankitalia, Ignazio Visco, nelle Considerazioni finali. L\u2019attuale disciplina sulle banche popolari \u00abpu\u00f2 risultare inadeguata per gli intermediari di grandi dimensioni, operanti a livello nazionale o internazionale e quotati in Borsa\u00bb. Nella relazione annuale Visco ha sottolineato che \u00abandrebbe resa pi\u00f9 agevole, per\u00a0le banche popolari quotate la trasformazione in societ\u00e0 per azioni, quando necessaria e in funzione delle dimensioni delle banche e della natura delle loro operazioni\u00bb. Un chiaro riferimento al caso della Banca Popolare di [&hellip;]<\/p>\n&nbsp;&nbsp;<div class=\"readmore\"><a href=\"https:\/\/blog.ilgiornale.it\/wallandstreet\/2013\/05\/31\/visco-%c2%abassedia%c2%bb-le-popolari\/\">Continua a leggere...<\/a><\/div><\/p>","protected":false},"author":1006,"featured_media":0,"comment_status":"open","ping_status":"closed","sticky":false,"template":"","format":"standard","meta":[],"categories":[15706],"tags":[31475,15775,778,15777,16914,26171,31476,31474,26277,31478,18821,31477],"_links":{"self":[{"href":"https:\/\/blog.ilgiornale.it\/wallandstreet\/wp-json\/wp\/v2\/posts\/2761"}],"collection":[{"href":"https:\/\/blog.ilgiornale.it\/wallandstreet\/wp-json\/wp\/v2\/posts"}],"about":[{"href":"https:\/\/blog.ilgiornale.it\/wallandstreet\/wp-json\/wp\/v2\/types\/post"}],"author":[{"embeddable":true,"href":"https:\/\/blog.ilgiornale.it\/wallandstreet\/wp-json\/wp\/v2\/users\/1006"}],"replies":[{"embeddable":true,"href":"https:\/\/blog.ilgiornale.it\/wallandstreet\/wp-json\/wp\/v2\/comments?post=2761"}],"version-history":[{"count":7,"href":"https:\/\/blog.ilgiornale.it\/wallandstreet\/wp-json\/wp\/v2\/posts\/2761\/revisions"}],"predecessor-version":[{"id":2768,"href":"https:\/\/blog.ilgiornale.it\/wallandstreet\/wp-json\/wp\/v2\/posts\/2761\/revisions\/2768"}],"wp:attachment":[{"href":"https:\/\/blog.ilgiornale.it\/wallandstreet\/wp-json\/wp\/v2\/media?parent=2761"}],"wp:term":[{"taxonomy":"category","embeddable":true,"href":"https:\/\/blog.ilgiornale.it\/wallandstreet\/wp-json\/wp\/v2\/categories?post=2761"},{"taxonomy":"post_tag","embeddable":true,"href":"https:\/\/blog.ilgiornale.it\/wallandstreet\/wp-json\/wp\/v2\/tags?post=2761"}],"curies":[{"name":"wp","href":"https:\/\/api.w.org\/{rel}","templated":true}]}}