{"id":4544,"date":"2013-11-14T08:29:03","date_gmt":"2013-11-14T08:29:03","guid":{"rendered":"https:\/\/blog.ilgiornale.it\/wallandstreet\/?p=4544"},"modified":"2013-11-14T08:29:03","modified_gmt":"2013-11-14T08:29:03","slug":"birra-amara-al-retrogusto-di-tasse","status":"publish","type":"post","link":"https:\/\/blog.ilgiornale.it\/wallandstreet\/2013\/11\/14\/birra-amara-al-retrogusto-di-tasse\/","title":{"rendered":"Birra amara al retrogusto di tasse"},"content":{"rendered":"<div><a href=\"https:\/\/blog.ilgiornale.it\/wallandstreet\/files\/2013\/11\/birra.jpg\"><img loading=\"lazy\" class=\"aligncenter size-full wp-image-4558\" src=\"https:\/\/blog.ilgiornale.it\/wallandstreet\/files\/2013\/11\/birra.jpg\" alt=\"\" width=\"555\" height=\"200\" srcset=\"https:\/\/blog.ilgiornale.it\/wallandstreet\/files\/2013\/11\/birra.jpg 555w, https:\/\/blog.ilgiornale.it\/wallandstreet\/files\/2013\/11\/birra-300x108.jpg 300w\" sizes=\"(max-width: 555px) 100vw, 555px\" \/><\/a><\/div>\n<div>Su tre sorsi di <strong>birra<\/strong> che mandiamo gi\u00f9, pi\u00f9 di uno se lo beve lo Stato.\u00a0\u00c8 questa l&#8217;amara realt\u00e0: le tasse &#8211; anzi per essere precisi &#8211; le accise gravano su questo prodotto in modo ormai difficilmente sostenibile. L\u2019allarme \u00e8 stato lanciato pi\u00f9 volte da\u00a0<strong>Assobirra<\/strong>, l\u2019Associazione degli Industriali della Birra e del Malto, che per evitare il rincaro del prelievo fiscale aveva addirittura lanciato una <a href=\"www.salvalatuabirra.it\" target=\"_blank\">petizione online<\/a>.\u00a0<strong>Il rincaro di ottobre, infatti, ha determinato un aumento delle tasse\u00a0da 2,33 a 2,66 centesimi per litro, mentre all\u2019inizio del prossimo anno si arriver\u00e0 a 2,70 cents<\/strong>. \u00c8 l&#8217;effetto del combinato disposto di due decreti recentemente approvati (dl cultura e dl istruzione). Lo scopo &#8211; in s\u00e9 -sarebbe anche nobile: salvare gli Uffizi, Pompei e l&#8217;alta formazione tramite il consumo di bevande alcoliche. Peccato che, <a href=\"http:\/\/economia.panorama.it\/tasse\/Tasse-Birra-Governo-Aumenti\" target=\"_blank\">come ha raccontato Panorama<\/a>, la stessa <strong>Ragioneria generale dello Stato<\/strong> si sia opposta a questo ennesimo aumento perch\u00e9 &#8211; come Monti &amp; Letta ci hanno insegnato &#8211; pi\u00f9 aumenta il prelievo fiscale su un bene pi\u00f9 diminuisce il suo consumo.<\/div>\n<div>L\u2019aumento delle tasse dovrebbe portare ad un\u00a0<strong>aumento sul prezzo di circa dieci centesimi a bottiglia (+7-10% in generale)\u00a0<\/strong>, con un calo dei consumi stimato tra il 5% e il 6%.\u00a0\u00a0<strong>L\u2019accisa sulla bionda negli ultimi sette anni \u00e8 aumentata di circa il 30%<\/strong>: Come ha denunciato il presidente di Assobirra, Alberto Frausin, \u00abgli aumenti rischiano di mettere in ginocchio un settore in cui operano oltre 500 aziende che danno lavoro direttamente a 4.700 persone (+4,4% rispetto al 2011), che arrivano a 144.000 se si considera l\u2019indotto\u00bb, mentre l&#8217;aumento dell&#8217;accisa (che si somma al recente incremento dell&#8217;Iva) potrebbe far calare i consumi del 5-6% dopo il -3% gi\u00e0 registrato nei primi sei mesi del 2013 per effetto della crisi che non ha risparmiato nemmenoa \u00abbionda\u00bb<em>.\u00a0<\/em>L&#8217;equazione la risolviamo noi: un minor consumo di birra equivale a una minore richiesta di malto e luppoli per gli agricoltori che lo producono e anche una minore possibilit\u00e0 di vendita per gli esercizi che la servono, oltre che perle fabbriche che la producono. Un altro esempio? Una serata in pizzeria con il classico binomio pizza + birra costa in media sul territorio nazionale \u00a015 euro: 2 o 3 euro vanno allo Stato e di questi destinati all\u2019erario il 75% gravano sulla birra. Ecco, uno mette via da parte qualche soldino per passare una serata in allegria e il Fisco subito se ne approfitta&#8230;<\/div>\n<div><strong>Wall &amp; Street<\/strong><\/div>\n","protected":false},"excerpt":{"rendered":"<p><p>Su tre sorsi di birra che mandiamo gi\u00f9, pi\u00f9 di uno se lo beve lo Stato.\u00a0\u00c8 questa l&#8217;amara realt\u00e0: le tasse &#8211; anzi per essere precisi &#8211; le accise gravano su questo prodotto in modo ormai difficilmente sostenibile. L\u2019allarme \u00e8 stato lanciato pi\u00f9 volte da\u00a0Assobirra, l\u2019Associazione degli Industriali della Birra e del Malto, che per evitare il rincaro del prelievo fiscale aveva addirittura lanciato una petizione online.\u00a0Il rincaro di ottobre, infatti, ha determinato un aumento delle tasse\u00a0da 2,33 a 2,66 centesimi per litro, mentre all\u2019inizio del prossimo anno si arriver\u00e0 a 2,70 cents. \u00c8 l&#8217;effetto del combinato disposto di due [&hellip;]<\/p>\n&nbsp;&nbsp;<div class=\"readmore\"><a href=\"https:\/\/blog.ilgiornale.it\/wallandstreet\/2013\/11\/14\/birra-amara-al-retrogusto-di-tasse\/\">Continua a leggere...<\/a><\/div><\/p>","protected":false},"author":1006,"featured_media":0,"comment_status":"open","ping_status":"closed","sticky":false,"template":"","format":"standard","meta":[],"categories":[60],"tags":[7179,40070,40069,40073,79,3818,40072,22855,102],"_links":{"self":[{"href":"https:\/\/blog.ilgiornale.it\/wallandstreet\/wp-json\/wp\/v2\/posts\/4544"}],"collection":[{"href":"https:\/\/blog.ilgiornale.it\/wallandstreet\/wp-json\/wp\/v2\/posts"}],"about":[{"href":"https:\/\/blog.ilgiornale.it\/wallandstreet\/wp-json\/wp\/v2\/types\/post"}],"author":[{"embeddable":true,"href":"https:\/\/blog.ilgiornale.it\/wallandstreet\/wp-json\/wp\/v2\/users\/1006"}],"replies":[{"embeddable":true,"href":"https:\/\/blog.ilgiornale.it\/wallandstreet\/wp-json\/wp\/v2\/comments?post=4544"}],"version-history":[{"count":13,"href":"https:\/\/blog.ilgiornale.it\/wallandstreet\/wp-json\/wp\/v2\/posts\/4544\/revisions"}],"predecessor-version":[{"id":4575,"href":"https:\/\/blog.ilgiornale.it\/wallandstreet\/wp-json\/wp\/v2\/posts\/4544\/revisions\/4575"}],"wp:attachment":[{"href":"https:\/\/blog.ilgiornale.it\/wallandstreet\/wp-json\/wp\/v2\/media?parent=4544"}],"wp:term":[{"taxonomy":"category","embeddable":true,"href":"https:\/\/blog.ilgiornale.it\/wallandstreet\/wp-json\/wp\/v2\/categories?post=4544"},{"taxonomy":"post_tag","embeddable":true,"href":"https:\/\/blog.ilgiornale.it\/wallandstreet\/wp-json\/wp\/v2\/tags?post=4544"}],"curies":[{"name":"wp","href":"https:\/\/api.w.org\/{rel}","templated":true}]}}