{"id":4674,"date":"2013-12-16T09:30:02","date_gmt":"2013-12-16T09:30:02","guid":{"rendered":"https:\/\/blog.ilgiornale.it\/wallandstreet\/?p=4674"},"modified":"2013-12-16T14:26:16","modified_gmt":"2013-12-16T14:26:16","slug":"i-forconi-di-stefano-%c2%abequitalia-mi-costringe-a-scendere-in-piazza%c2%bb","status":"publish","type":"post","link":"https:\/\/blog.ilgiornale.it\/wallandstreet\/2013\/12\/16\/i-forconi-di-stefano-%c2%abequitalia-mi-costringe-a-scendere-in-piazza%c2%bb\/","title":{"rendered":"I forconi di Stefano: \u00abEquitalia mi costringe a scendere in piazza\u00bb"},"content":{"rendered":"<p><a href=\"https:\/\/blog.ilgiornale.it\/wallandstreet\/files\/2013\/12\/forconi1.jpg\"><img loading=\"lazy\" class=\"aligncenter size-full wp-image-4679\" src=\"https:\/\/blog.ilgiornale.it\/wallandstreet\/files\/2013\/12\/forconi1.jpg\" alt=\"\" width=\"550\" height=\"367\" srcset=\"https:\/\/blog.ilgiornale.it\/wallandstreet\/files\/2013\/12\/forconi1.jpg 600w, https:\/\/blog.ilgiornale.it\/wallandstreet\/files\/2013\/12\/forconi1-300x200.jpg 300w\" sizes=\"(max-width: 550px) 100vw, 550px\" \/><\/a><\/p>\n<p>&nbsp;<\/p>\n<p>Da una settimana stanno bloccando la Statale Postumia a Cittadella, in provincia di <strong>Padova<\/strong>. A loro non piace essere chiamati \u00ab<strong>forconi<\/strong>\u00bb perch\u00e9 hanno istanze diverse da quelle degli agricoltori meridionali. Loro vengono dal \u00abprofondo Nord\u00bb, da quel Veneto un tempo democristiano che era tutto casa, chiesa e lavoro. Quel <strong>Veneto<\/strong> che aveva cercato un&#8217;ancora di salvezza politica prima nella <strong>Lega<\/strong> e poi in <strong>Beppe Grillo<\/strong>. E che ora non ha pi\u00f9 un canale ufficiale attraverso il quale veicolare la propria diversit\u00e0. E cos\u00ec piccoli imprenditori, operai e agricoltori da una settimana bloccano la Postumia e si aspettano una risposta dal governo di <strong>Enrico Letta<\/strong>. Mercoled\u00ec non vorrebbero unirsi alla protesta generale che si svolger\u00e0 a Roma. Ma se il Palazzo rester\u00e0 silente, probabilmente non ci saranno molte alternative. \u00a0\u00a0<em>Wall &amp; Street<\/em> ha parlato con uno di loro, si chiama <strong>Stefano Ceretta<\/strong> e di professione \u00e8 agente immobiliare.<\/p>\n<p><a href=\"https:\/\/blog.ilgiornale.it\/wallandstreet\/files\/2013\/12\/Stefano-Ceretta1.jpg\"><img loading=\"lazy\" class=\"alignleft size-thumbnail wp-image-4676\" src=\"https:\/\/blog.ilgiornale.it\/wallandstreet\/files\/2013\/12\/Stefano-Ceretta1-150x150.jpg\" alt=\"\" width=\"150\" height=\"150\" \/><\/a><\/p>\n<p><strong>Signor Ceretta&#8230;<\/strong><\/p>\n<p>\u00abAlt! Voglio che mi si chiami Stefano, solo con il mio nome perch\u00e9 non vogliamo personalismi nel nostro movimento. Siamo un presidio composto al 70% di piccole partite Iva,operai e agricoltori. Non facciamo e non vogliamo fare politica, siamo persone comuni, per cui chiamarci con il cognome non serve. Anche per questo motivo non vogliamo n\u00e9 partiti n\u00e9 sindacati al nostro interno?\u00bb<\/p>\n<p><strong>Allora Stefano, perch\u00e9 anche nel tranquillo Veneto vi siete \u00abincazzati\u00bb?<\/strong><\/p>\n<p>\u00abNon ci sentiamo pi\u00f9 rappresentati. Ma <span style=\"text-decoration: underline\"><strong>abbiamo un grande problema fiscale<\/strong><\/span>. In tutto il mondo lo Stato aiuta le imprese, qui in Italia si fa di tutto per affossarle. Coloro che dovrebbero difenderci, la sinistra e i sindacati, non capiscono che per proteggere i lavoratori non bisogna destinare risorse alla cassa integrazione, ma alle imprese\u00bb.<\/p>\n<p><strong>Che cosa significa?<\/strong><\/p>\n<p>\u00ab<span style=\"text-decoration: underline\"><strong>Diciamo basta alla persecuzione di Equitalia<\/strong><\/span>! Ma lei lo sa che se un commerciante o un imprenditore ampliano la superficie del loro locale &#8211; ad esempio da 100 a 150 metri quadri &#8211; il fisco pensa che solo in virt\u00f9 di questo investimento i ricavi debbano automaticamente aumentare? E cos\u00ec <span style=\"text-decoration: underline\"><strong>le imprese chiudono per colpa dell&#8217;Agenzia delle Entrate<\/strong><\/span>\u00bb.<\/p>\n<p><strong>E poi?<\/strong><\/p>\n<p>\u00abVorremmo che il governo destinasse eventuali risorse non alla cassa integrazione ma a <span style=\"text-decoration: underline\"><strong>diminuire il carico fiscale<\/strong><\/span>. Altrimenti le aziende continueranno a fuggire in Carinzia o in Slovenia per sopravvivere. Anche perch\u00e9 l\u00ec gli imprenditori sono accolti con uno sconto fiscale non con una marea di tasse. Letta potrebbe fare tutte queste cose immediatamente: fermare Equitalia e, per lo meno, non aumentare le tasse\u00bb.<\/p>\n<p><strong>Perch\u00e9 non lo spiegate ai politici?<\/strong><\/p>\n<p>\u00abSono sempre in ritardo, <strong><span style=\"text-decoration: underline\">pensano alla legge elettorale mentre c\u2019\u00e8 chi fa la fame<\/span><\/strong> perch\u00e9 \u00e8 stato costretto a chiudere la sua piccola impresa perch\u00e9 non ce la faceva a pagare una cartella. Bisogna tenere conto che ci sono tanti artigiani che rinunciano a comprare un furgone o un nuovo macchinario perch\u00e9 sanno che in quel caso il fisco chiederebbe loro \u00a0almeno 20.000 euro di tasse in pi\u00f9. Perch\u00e9 il ragionamento di quelli dell&#8217;Agenzia delle Entrate \u00e8: &#8220;Se investi, sei ricco e allora devi pagare&#8221;\u00bb.<\/p>\n<p><strong>Ma cosa vorreste?<\/strong><\/p>\n<p>\u00abNessuno ha pensato a un sostegno per gli imprenditori che hanno perso tutto. Io ho 45 anni, se chiudo lamia attivit\u00e0, che cosa faccio? Ok allo spesometro perch\u00e9 se uno spende 50.000 euro e ne dichiara 20.000 di reddito, allora \u00e8 giusto che paghi, ma non si pu\u00f2 pensare di penalizzare l&#8217;imprenditorialit\u00e0. Sapeste quante aziende ci sono che vorrebbero assumere, ma che non lo fanno altrimenti si &#8220;sballa&#8221; lo studio di settore e dovrebbero pagare una marea di tasse. Ecco perch\u00e9 c&#8217;\u00e8 ancora tanto lavoro nero e perch\u00e9 molte aziende tendono a restare piccole, ma chi resta piccolo \u00e8 destinato a moriere prima o poi. <span style=\"text-decoration: underline\"><strong>La crisi ormai \u00e8 passata, ma in nome della lotta all&#8217;evasione ci stanno massacrando<\/strong><\/span>\u00bb.<\/p>\n<p><strong>Ma voi non ce l&#8217;avete anche con le banche?<\/strong><\/p>\n<p>\u00abChi \u00e8 restato in piedi fino a oggi ce l&#8217;ha fatta nonostante la crisi, nonostante l&#8217;euro, nonostante la concorrenza sleale della Cina e nonostante le banche che non fanno credito. Il problema \u00e8 che oggi Equitalia ti fa chiudere\u00bb.<\/p>\n<p><strong>Perch\u00e9 le associazioni imprenditoriali vi sono ostili?<\/strong><\/p>\n<p>\u00abI grandi di <strong>Confindustria<\/strong> con lo Stato riescono a mettersi d\u2019accordo, soprattutto sulle tasse. E se un piccolo imprenditore chiude, per loro c&#8217;\u00e8 anche un concorrente in meno. Ci sarebbero anche le associazioni pi\u00f9 piccole, ma commercianti e artigiani hanno deciso di scendere direttamente in piazza perch\u00e9 non ce la fanno pi\u00f9. Non hanno consultato nessuno e quindi si sono attirati le antipatie anche delle altre confederazioni\u00bb.<\/p>\n<p><strong>Andrete a Roma mercoled\u00ec?<\/strong><\/p>\n<p>\u00abNon vorremmo farci strumentalizzare da \u201cinfiltrati\u201c, spero che il governo faccia in fretta e intervenga prima. Letta e il ministro dell&#8217;Economia Saccomanni hanno tutto il tempo per fare qualcosa. Noi veneti \u00a0siamo quelli che ci vendiamo la casa per mandare avanti la fabbrica. Siamo quelli che si suicidano perch\u00e9 sono costretti a chiudere bottega. Noi vogliamo solo tornare in fabbrica. Questo \u00e8 veramente l\u2019urlo dei muti. Vuole sapere come mi sento? Come la moglie del poliziotto ucciso nell&#8217;attentato a Falcone\u00bb.<\/p>\n<p>(Si chiama Rosaria Schifani. Durante le esequie ufficiali disse: \u00abAllo Stato chiedo che venga fatta giustizia. Agli uomini della mafia, io vi perdono ma vi dovete mettere in ginocchio\u00bb)<\/p>\n<p><strong>Wall &amp; Street<\/strong><\/p>\n<p>&nbsp;<\/p>\n<p>&nbsp;<\/p>\n","protected":false},"excerpt":{"rendered":"<p><p>&nbsp; Da una settimana stanno bloccando la Statale Postumia a Cittadella, in provincia di Padova. A loro non piace essere chiamati \u00abforconi\u00bb perch\u00e9 hanno istanze diverse da quelle degli agricoltori meridionali. Loro vengono dal \u00abprofondo Nord\u00bb, da quel Veneto un tempo democristiano che era tutto casa, chiesa e lavoro. Quel Veneto che aveva cercato un&#8217;ancora di salvezza politica prima nella Lega e poi in Beppe Grillo. E che ora non ha pi\u00f9 un canale ufficiale attraverso il quale veicolare la propria diversit\u00e0. E cos\u00ec piccoli imprenditori, operai e agricoltori da una settimana bloccano la Postumia e si aspettano una risposta [&hellip;]<\/p>\n&nbsp;&nbsp;<div class=\"readmore\"><a href=\"https:\/\/blog.ilgiornale.it\/wallandstreet\/2013\/12\/16\/i-forconi-di-stefano-%c2%abequitalia-mi-costringe-a-scendere-in-piazza%c2%bb\/\">Continua a leggere...<\/a><\/div><\/p>","protected":false},"author":1006,"featured_media":0,"comment_status":"open","ping_status":"closed","sticky":false,"template":"","format":"standard","meta":[],"categories":[60],"tags":[17134,7663,5739,12453,11709,6793,771,40095],"_links":{"self":[{"href":"https:\/\/blog.ilgiornale.it\/wallandstreet\/wp-json\/wp\/v2\/posts\/4674"}],"collection":[{"href":"https:\/\/blog.ilgiornale.it\/wallandstreet\/wp-json\/wp\/v2\/posts"}],"about":[{"href":"https:\/\/blog.ilgiornale.it\/wallandstreet\/wp-json\/wp\/v2\/types\/post"}],"author":[{"embeddable":true,"href":"https:\/\/blog.ilgiornale.it\/wallandstreet\/wp-json\/wp\/v2\/users\/1006"}],"replies":[{"embeddable":true,"href":"https:\/\/blog.ilgiornale.it\/wallandstreet\/wp-json\/wp\/v2\/comments?post=4674"}],"version-history":[{"count":7,"href":"https:\/\/blog.ilgiornale.it\/wallandstreet\/wp-json\/wp\/v2\/posts\/4674\/revisions"}],"predecessor-version":[{"id":4685,"href":"https:\/\/blog.ilgiornale.it\/wallandstreet\/wp-json\/wp\/v2\/posts\/4674\/revisions\/4685"}],"wp:attachment":[{"href":"https:\/\/blog.ilgiornale.it\/wallandstreet\/wp-json\/wp\/v2\/media?parent=4674"}],"wp:term":[{"taxonomy":"category","embeddable":true,"href":"https:\/\/blog.ilgiornale.it\/wallandstreet\/wp-json\/wp\/v2\/categories?post=4674"},{"taxonomy":"post_tag","embeddable":true,"href":"https:\/\/blog.ilgiornale.it\/wallandstreet\/wp-json\/wp\/v2\/tags?post=4674"}],"curies":[{"name":"wp","href":"https:\/\/api.w.org\/{rel}","templated":true}]}}