{"id":4855,"date":"2014-01-17T09:44:42","date_gmt":"2014-01-17T09:44:42","guid":{"rendered":"https:\/\/blog.ilgiornale.it\/wallandstreet\/?p=4855"},"modified":"2014-01-17T09:44:42","modified_gmt":"2014-01-17T09:44:42","slug":"landini-giu-le-mani-dalle-pensioni-integrative","status":"publish","type":"post","link":"https:\/\/blog.ilgiornale.it\/wallandstreet\/2014\/01\/17\/landini-giu-le-mani-dalle-pensioni-integrative\/","title":{"rendered":"Landini, gi\u00f9 le mani dalle pensioni integrative!"},"content":{"rendered":"<p><a href=\"https:\/\/blog.ilgiornale.it\/wallandstreet\/files\/2014\/01\/n-RENZI-LANDINI-large570.jpg\"><img loading=\"lazy\" class=\"aligncenter size-full wp-image-4870\" src=\"https:\/\/blog.ilgiornale.it\/wallandstreet\/files\/2014\/01\/n-RENZI-LANDINI-large570.jpg\" alt=\"\" width=\"550\" height=\"230\" srcset=\"https:\/\/blog.ilgiornale.it\/wallandstreet\/files\/2014\/01\/n-RENZI-LANDINI-large570.jpg 570w, https:\/\/blog.ilgiornale.it\/wallandstreet\/files\/2014\/01\/n-RENZI-LANDINI-large570-300x125.jpg 300w\" sizes=\"(max-width: 550px) 100vw, 550px\" \/><\/a><\/p>\n<p>[youtube pCPFoH7Qv4E nolink]<\/p>\n<p>&nbsp;<\/p>\n<p>Questo \u00e8 il video dell&#8217;esposizione del pensiero di <strong>Maurizio Landini<\/strong>, segretario generale della <strong>Fiom-Cgil<\/strong>, sulla <strong>previdenza integrativa<\/strong> esposto durante la puntata di Ballar\u00f2. Analizziamolo parola per parola.<\/p>\n<p>\u00abL&#8217;Italia \u00e8 diventato un Paese con un sistema pensionistico puramente contributivo che in giro per l&#8217;Europa non esiste. Ho parlato col sindacato tedesco (&#8230;) E tra l&#8217;altro vorrei ricordare che nel programma della grande coalizione han ridotto l&#8217;et\u00e0 pensionabile da 67 a 63 anni (&#8230;) Quando tu parli con loro tu hai pezzi della previdenza di altri Paesi che sono a carico anche della fiscalit\u00e0 generale perch\u00e9 c&#8217;\u00e8 un problema, a volte, anche di solidariet\u00e0 che tu devi fare rispetto a un ragionamento per poter dare un rendimento\u00bb.<\/p>\n<p>&nbsp;<br \/>\nL&#8217;Inps nel 2012 ha registrato un disavanzo di 106 miliardi di euro perch\u00e9 i contributi incassati sono di gran lunga inferiori ai trattamenti erogati. La crisi con l&#8217;aumento esponenziale della cassa integrazione e il blocco del turnover ha fatto s\u00ec che il numero dei lavoratori sia inferiore al numero di pensionati. Il patrimonio \u00e8 dimagrito a 15 miliardi. Dipendenti pubblici, artigiani e coltivatori diretti sono le gestioni previdenziali con il maggiore rosso. In totale fanno -20 miliardi. I parasubordinati (i precari) pagano oggi le pensioni degli altri.<\/p>\n<p>Le modifiche immaginate da Landini presuppongono, visto il maggior intervento dello Stato e l&#8217;abbassamento dell&#8217;et\u00e0 pensionabile, un incremento della pressione fiscale per far fronte alla necessit\u00e0 di rivalutare i contributi versati.<br \/>\n&nbsp;<\/p>\n<p>\u00abIl lavoro \u00e8 il problema centrale da cui dovremo partire. Se non ti crei il problema di fare piena occupazione (&#8230;) Difendere il lavoro che hai e crearne nuovo \u00e8 la priorit\u00e0. Io vedo la necessit\u00e0, per creare lavoro e per difenderlo, c&#8217;\u00e8 il problema di far partire gli investimenti sia pubblici che privati\u00bb.<\/p>\n<p>Lasciamo perdere gli anacoluti. In televisione vanno di moda. Anche l&#8217;affermazione \u00e8 generica: chi di noi non desidera un aumento dei posti di lavoro? Il problema \u00e8 il come: servono pi\u00f9 investimenti. Ma in tempo di crisi la propensione al rischio tenta diminuisce e perci\u00f2 occorre un aiutino.<\/p>\n<p>[youtube _DhhvjYrYjY nolink]<\/p>\n<p>\u00abOggi sei in una fase in cui devi fare delle scelte mirate. Qual \u00e8 un piano dei trasporti? Qual \u00e8 un piano delle energie rinnovabili? Qual \u00e8 un piano per l&#8217;agenda digitale? Ci vorrebbe un piano straordinario per le scuole, per l&#8217;efficientamento, per il risanamento. I soldi devi andarli a prendere. Io dico: i fondi pensione integrativi. Dove vengono investiti questi soldi? 100 miliardi di euro che ogni giorno vengono investiti. Il 70% in titoli di Stato esteri e soldi (sic!) di aziende estere. Non \u00e8 possibile. Sono i soldi dei lavoratori usati da imprese estere. Ma non \u00e8 possibile, garantendo il rendimento, trovare i soldi per incentivare investimenti e infrastrutture?\u00bb<\/p>\n<p>Ma le cose stanno veramente cos\u00ec? Ecco quanto valevano nel 2012 i nostri fondi di previdenza complementare:<\/p>\n<p><a href=\"https:\/\/blog.ilgiornale.it\/wallandstreet\/files\/2014\/01\/Previdenza-01.jpg\"><img loading=\"lazy\" class=\"aligncenter size-full wp-image-4864\" src=\"https:\/\/blog.ilgiornale.it\/wallandstreet\/files\/2014\/01\/Previdenza-01.jpg\" alt=\"\" width=\"550\" height=\"379\" srcset=\"https:\/\/blog.ilgiornale.it\/wallandstreet\/files\/2014\/01\/Previdenza-01.jpg 596w, https:\/\/blog.ilgiornale.it\/wallandstreet\/files\/2014\/01\/Previdenza-01-300x206.jpg 300w\" sizes=\"(max-width: 550px) 100vw, 550px\" \/><\/a><\/p>\n<p>Si tratta di 104 miliardi di euro destinati alle prestazioni previdenziali integrative. Gli italiani vi hanno versato 12 miliardi di cui 5,1 miliardi dal Tfr. Sono i risparmi di chi sa gi\u00e0 che la pensione non gli baster\u00e0 e si sta costruendo una rendita integrativa. Un po&#8217; perch\u00e9 costretto dalla riforma partita nel 2007 un po&#8217; perch\u00e9 crede nel sistema dei fondi pensione.<\/p>\n<p><a href=\"https:\/\/blog.ilgiornale.it\/wallandstreet\/files\/2014\/01\/Previdenza-02.jpg\"><img loading=\"lazy\" class=\"aligncenter size-full wp-image-4865\" src=\"https:\/\/blog.ilgiornale.it\/wallandstreet\/files\/2014\/01\/Previdenza-02.jpg\" alt=\"\" width=\"550\" height=\"498\" srcset=\"https:\/\/blog.ilgiornale.it\/wallandstreet\/files\/2014\/01\/Previdenza-02.jpg 630w, https:\/\/blog.ilgiornale.it\/wallandstreet\/files\/2014\/01\/Previdenza-02-300x271.jpg 300w\" sizes=\"(max-width: 550px) 100vw, 550px\" \/><\/a><\/p>\n<p>&nbsp;<\/p>\n<p>Gli investimenti in titoli di Stato sono pari al 60% del patrimonio e non al 70 e soprattutto oltre il 30% \u00e8 rappresentato dai nostri Btp. Gli investimenti in titoli azionari sono contenuti perch\u00e9 l&#8217;obiettivo dei gestori di questi fondi \u00e8 garantire un rendimento, cio\u00e8 la rivalutazione delle quote versate volontariamente. Inoltre lo Stato gi\u00e0 finanzia questo tipo di scelte. Il cittadino gode di deduzioni fino a 5.164 euro per le quote versate annualmente. I fondi di categoria (quelli in cui confluisce il TFR salvo scelte diverse) sono aiutati sgravando le aziende dell&#8217;importo aggiuntivo che versano congiuntamente al lavoratore.<\/p>\n<p>Trasformare i fondi pensione in fondi di private equity che finanziano lo sviluppo industriale vuol dire snaturarli. Essi assolvono gi\u00e0 a una funzione sociale comprando il nostro debito pubblico. Inoltre le startup &#8211; per natura &#8211; iniziano in perdita mentre il fondo pensione ha quasi l&#8217;obbligo di guadagnare. Se lo Stato fosse chiamato a coprirne le perdite, oltre a deresponsabilizzare i gestori, sarebbe costretto ad aumentare la pressione fiscale per fare fronte allo sbilancio. Ma forse questo Landini e il suo nuovo amico Matteo Renzi non lo sanno.<\/p>\n<p><strong>Wall &amp; Street<\/strong><\/p>\n","protected":false},"excerpt":{"rendered":"<p><p>[youtube pCPFoH7Qv4E nolink] &nbsp; Questo \u00e8 il video dell&#8217;esposizione del pensiero di Maurizio Landini, segretario generale della Fiom-Cgil, sulla previdenza integrativa esposto durante la puntata di Ballar\u00f2. Analizziamolo parola per parola. \u00abL&#8217;Italia \u00e8 diventato un Paese con un sistema pensionistico puramente contributivo che in giro per l&#8217;Europa non esiste. Ho parlato col sindacato tedesco (&#8230;) E tra l&#8217;altro vorrei ricordare che nel programma della grande coalizione han ridotto l&#8217;et\u00e0 pensionabile da 67 a 63 anni (&#8230;) Quando tu parli con loro tu hai pezzi della previdenza di altri Paesi che sono a carico anche della fiscalit\u00e0 generale perch\u00e9 c&#8217;\u00e8 un [&hellip;]<\/p>\n&nbsp;&nbsp;<div class=\"readmore\"><a href=\"https:\/\/blog.ilgiornale.it\/wallandstreet\/2014\/01\/17\/landini-giu-le-mani-dalle-pensioni-integrative\/\">Continua a leggere...<\/a><\/div><\/p>","protected":false},"author":1006,"featured_media":0,"comment_status":"open","ping_status":"closed","sticky":false,"template":"","format":"standard","meta":[],"categories":[31506],"tags":[5705,7978,14745,5442,5709,11779,23366,40122,40123],"_links":{"self":[{"href":"https:\/\/blog.ilgiornale.it\/wallandstreet\/wp-json\/wp\/v2\/posts\/4855"}],"collection":[{"href":"https:\/\/blog.ilgiornale.it\/wallandstreet\/wp-json\/wp\/v2\/posts"}],"about":[{"href":"https:\/\/blog.ilgiornale.it\/wallandstreet\/wp-json\/wp\/v2\/types\/post"}],"author":[{"embeddable":true,"href":"https:\/\/blog.ilgiornale.it\/wallandstreet\/wp-json\/wp\/v2\/users\/1006"}],"replies":[{"embeddable":true,"href":"https:\/\/blog.ilgiornale.it\/wallandstreet\/wp-json\/wp\/v2\/comments?post=4855"}],"version-history":[{"count":10,"href":"https:\/\/blog.ilgiornale.it\/wallandstreet\/wp-json\/wp\/v2\/posts\/4855\/revisions"}],"predecessor-version":[{"id":4874,"href":"https:\/\/blog.ilgiornale.it\/wallandstreet\/wp-json\/wp\/v2\/posts\/4855\/revisions\/4874"}],"wp:attachment":[{"href":"https:\/\/blog.ilgiornale.it\/wallandstreet\/wp-json\/wp\/v2\/media?parent=4855"}],"wp:term":[{"taxonomy":"category","embeddable":true,"href":"https:\/\/blog.ilgiornale.it\/wallandstreet\/wp-json\/wp\/v2\/categories?post=4855"},{"taxonomy":"post_tag","embeddable":true,"href":"https:\/\/blog.ilgiornale.it\/wallandstreet\/wp-json\/wp\/v2\/tags?post=4855"}],"curies":[{"name":"wp","href":"https:\/\/api.w.org\/{rel}","templated":true}]}}