{"id":5532,"date":"2014-07-13T12:38:44","date_gmt":"2014-07-13T12:38:44","guid":{"rendered":"https:\/\/blog.ilgiornale.it\/wallandstreet\/?p=5532"},"modified":"2014-07-13T12:38:44","modified_gmt":"2014-07-13T12:38:44","slug":"tutti-in-ticino-si-cercano-apprendisti","status":"publish","type":"post","link":"https:\/\/blog.ilgiornale.it\/wallandstreet\/2014\/07\/13\/tutti-in-ticino-si-cercano-apprendisti\/","title":{"rendered":"Tutti in Ticino! Si cercano apprendisti!"},"content":{"rendered":"<p><a href=\"https:\/\/blog.ilgiornale.it\/wallandstreet\/files\/2014\/07\/Ticino.jpg\"><img loading=\"lazy\" class=\"aligncenter size-full wp-image-5533\" src=\"https:\/\/blog.ilgiornale.it\/wallandstreet\/files\/2014\/07\/Ticino.jpg\" alt=\"\" width=\"550\" height=\"329\" srcset=\"https:\/\/blog.ilgiornale.it\/wallandstreet\/files\/2014\/07\/Ticino.jpg 800w, https:\/\/blog.ilgiornale.it\/wallandstreet\/files\/2014\/07\/Ticino-300x179.jpg 300w\" sizes=\"(max-width: 550px) 100vw, 550px\" \/><\/a><\/p>\n<p>Nel nostro Paese la <strong>disoccupazione giovanile<\/strong> \u00e8 al 43%, \u00e8 un dovere morale fornire una speranza ai ragazzi, anche se ci\u00f2 pu\u00f2 comportare l&#8217;addio all&#8217;Italia. Vi proponiamo, perci\u00f2, una destinazione non troppo lontana e, soprattutto, non del tutto straniera: il <strong>Canton Ticino<\/strong>, la regione svizzera confinante con la Lombardia nella quale <span style=\"text-decoration: underline\"><strong>l&#8217;italiano \u00e8 lingua ufficiale<\/strong><\/span>. Non dovrete, perci\u00f2, sforzarvi di parlare francese e tedesco (a scuola non avete nemmeno studiato l&#8217;inglese, dite la verit\u00e0!).<\/p>\n<p>Ebbene, in Ticino \u00e8 ancora aperta la <strong>campagna 2014 dell&#8217;apprendistato<\/strong> (o <strong>tirocinio<\/strong>, come si dice da quelle parti). Mentre in Italia, nonostante <a href=\"https:\/\/blog.ilgiornale.it\/wallandstreet\/2014\/02\/27\/renzi-restituisci-allitalia-lapprendistato\/\" target=\"_blank\">le buone proposte<\/a>, <a title=\"Decreto Lavoro, la Cgil vince anche al Senato\" href=\"https:\/\/blog.ilgiornale.it\/wallandstreet\/2014\/05\/02\/decreto-lavoro-la-cgil-vince-anche-al-senato\/\" target=\"_blank\">questa forma contrattuale fa acqua da tutte le parti<\/a>, in Svizzera funziona e ci sono delle opportunit\u00e0. Gioved\u00ec scorso a Bellinzona il Dipartimento Educazione del Cantone ha presentato il bilancio a fine giugno delle attivit\u00e0 di promozione del tirocinio. Le aziende nel 2014 hanno offerto 2.400 posti circa e di questi ne risultano ancora vacanti circa 370. <a href=\"http:\/\/www.scribd.com\/doc\/233638950\/Tirocinio-in-Ticino\" target=\"_blank\">Tutti i dati sono stati riassunti in un lungo dossier informativo<\/a>. Tenuto conto che alla fine di ottobre 2013 i frontalieri apprendisti erano 870 di cui 260 al primo anno di formazione se ne deduce che i posti disponibili per i giovani italiani (l&#8217;apprendistato per gli stranieri \u00e8 destinato soprattutto agli under 30) potrebbero essere tra i 50 e i 100, se non di pi\u00f9.<\/p>\n<p style=\"text-align: left\">Le probabilit\u00e0 di assunzione potrebbero essere pi\u00f9 elevate se il Canton Ticino non avesse recentemente emanato, in seguito a un referendum, una legge che privilegia l&#8217;assegnazione dei posti vacanti ai giovani ticinesi. Per cui essi rimangono in sospeso fino a quando non si accerta che vi sia un autoctono disponibile a ricoprire quell&#8217;incarico. Detto questo, le possibilit\u00e0 sono molte e vale la pena tentare. La Confederazione ha creato <a href=\"http:\/\/www.orientamento.ch\/dyn\/1316.aspx\" target=\"_blank\">una banca dati dei posti disponibili<\/a>. Poi, conviene sempre cercare su Internet sia nei siti delle offerte di lavoro che in quelli stessi delle aziende.<\/p>\n<p>Come fare, dunque? Innanzitutto, inviare il <strong>curriculum<\/strong>. Se la domanda viene accettata, sar\u00e0 necessario un <strong>permesso di lavoro<\/strong>. Dopodich\u00e9 si potrebbe entrare nel meraviglioso mondo dei <strong>frontalieri<\/strong>, cio\u00e8 coloro che provengono da un Paese confinante. Se si entra con lo status di frontaliero, si dovr\u00e0 necessariamente tornare almeno una volta alla settimana in Italia. Chiaro che i residenti in provincia di Como, Varese e in Brianza siano un po&#8217; pi\u00f9 avvantaggiati. Ma non \u00e8 detto: anche gli svizzeri stanno diventando un po&#8217; pi\u00f9 &#8220;italiani&#8221;. In ogni caso, fate attenzione: la delazione \u00e8 incoraggiata per cui \u00e8 possibile che alla denuncia di eventuali irregolarit\u00e0 \u00a0segua immediatamente l&#8217;intervento delle autorit\u00e0, con conseguente espulsione. Per questo, informatevi all&#8217;<strong><a href=\"https:\/\/www.bfm.admin.ch\/\/bfm\/it\/home.html\" target=\"_blank\">Ufficio federale della Migrazione<\/a><\/strong> e cercate <a href=\"https:\/\/www.bfm.admin.ch\/content\/bfm\/it\/home\/themen\/aufenthalt\/eu_efta.html\" target=\"_blank\">il permesso pi\u00f9 adatto<\/a> alla vostra <a href=\"https:\/\/www.bfm.admin.ch\/content\/dam\/data\/migration\/schweiz_-_eu\/personenfreizuegigkeit\/factsheets\/fs-grenzgaenger-i.pdf\" target=\"_blank\">situazione<\/a>.<\/p>\n<p>La paga \u00e8 la parte pi\u00f9 motivante. Il salario medio di un lavoratore con regolare permesso in Ticino si aggira attorno ai 4.000 franchi (3.300 euro). Gli apprendisti vengono pagati circa il 20% in meno della media e ai non svizzeri spesso vengono offerti salari un po&#8217; inferiori. Si potrebbe scendere vicino ai 3.000 franchi (2.500 euro) e, cercando di risparmiare sull&#8217;elevato costo della vita elvetico, si pu\u00f2 mettere da parte un gruzzoletto.<\/p>\n<p><strong>Wall &amp; Street<\/strong><\/p>\n","protected":false},"excerpt":{"rendered":"<p><p>Nel nostro Paese la disoccupazione giovanile \u00e8 al 43%, \u00e8 un dovere morale fornire una speranza ai ragazzi, anche se ci\u00f2 pu\u00f2 comportare l&#8217;addio all&#8217;Italia. Vi proponiamo, perci\u00f2, una destinazione non troppo lontana e, soprattutto, non del tutto straniera: il Canton Ticino, la regione svizzera confinante con la Lombardia nella quale l&#8217;italiano \u00e8 lingua ufficiale. Non dovrete, perci\u00f2, sforzarvi di parlare francese e tedesco (a scuola non avete nemmeno studiato l&#8217;inglese, dite la verit\u00e0!). Ebbene, in Ticino \u00e8 ancora aperta la campagna 2014 dell&#8217;apprendistato (o tirocinio, come si dice da quelle parti). Mentre in Italia, nonostante le buone proposte, questa [&hellip;]<\/p>\n&nbsp;&nbsp;<div class=\"readmore\"><a href=\"https:\/\/blog.ilgiornale.it\/wallandstreet\/2014\/07\/13\/tutti-in-ticino-si-cercano-apprendisti\/\">Continua a leggere...<\/a><\/div><\/p>","protected":false},"author":1006,"featured_media":0,"comment_status":"open","ping_status":"closed","sticky":false,"template":"","format":"standard","meta":[],"categories":[99],"tags":[12468,36486,79,52823,395804,52824,52825,37],"_links":{"self":[{"href":"https:\/\/blog.ilgiornale.it\/wallandstreet\/wp-json\/wp\/v2\/posts\/5532"}],"collection":[{"href":"https:\/\/blog.ilgiornale.it\/wallandstreet\/wp-json\/wp\/v2\/posts"}],"about":[{"href":"https:\/\/blog.ilgiornale.it\/wallandstreet\/wp-json\/wp\/v2\/types\/post"}],"author":[{"embeddable":true,"href":"https:\/\/blog.ilgiornale.it\/wallandstreet\/wp-json\/wp\/v2\/users\/1006"}],"replies":[{"embeddable":true,"href":"https:\/\/blog.ilgiornale.it\/wallandstreet\/wp-json\/wp\/v2\/comments?post=5532"}],"version-history":[{"count":3,"href":"https:\/\/blog.ilgiornale.it\/wallandstreet\/wp-json\/wp\/v2\/posts\/5532\/revisions"}],"predecessor-version":[{"id":5536,"href":"https:\/\/blog.ilgiornale.it\/wallandstreet\/wp-json\/wp\/v2\/posts\/5532\/revisions\/5536"}],"wp:attachment":[{"href":"https:\/\/blog.ilgiornale.it\/wallandstreet\/wp-json\/wp\/v2\/media?parent=5532"}],"wp:term":[{"taxonomy":"category","embeddable":true,"href":"https:\/\/blog.ilgiornale.it\/wallandstreet\/wp-json\/wp\/v2\/categories?post=5532"},{"taxonomy":"post_tag","embeddable":true,"href":"https:\/\/blog.ilgiornale.it\/wallandstreet\/wp-json\/wp\/v2\/tags?post=5532"}],"curies":[{"name":"wp","href":"https:\/\/api.w.org\/{rel}","templated":true}]}}