{"id":6013,"date":"2015-01-28T18:32:34","date_gmt":"2015-01-28T18:32:34","guid":{"rendered":"https:\/\/blog.ilgiornale.it\/wallandstreet\/?p=6013"},"modified":"2015-01-28T20:10:24","modified_gmt":"2015-01-28T20:10:24","slug":"confindustria-una-succursale-di-renzi","status":"publish","type":"post","link":"https:\/\/blog.ilgiornale.it\/wallandstreet\/2015\/01\/28\/confindustria-una-succursale-di-renzi\/","title":{"rendered":"Confindustria, una succursale di Renzi"},"content":{"rendered":"<p><a href=\"https:\/\/blog.ilgiornale.it\/wallandstreet\/files\/2015\/01\/RenzieSquinzie.jpg\"><img loading=\"lazy\" class=\"aligncenter size-full wp-image-6014\" src=\"https:\/\/blog.ilgiornale.it\/wallandstreet\/files\/2015\/01\/RenzieSquinzie.jpg\" alt=\"\" width=\"550\" height=\"307\" srcset=\"https:\/\/blog.ilgiornale.it\/wallandstreet\/files\/2015\/01\/RenzieSquinzie.jpg 680w, https:\/\/blog.ilgiornale.it\/wallandstreet\/files\/2015\/01\/RenzieSquinzie-300x167.jpg 300w\" sizes=\"(max-width: 550px) 100vw, 550px\" \/><\/a><\/p>\n<p>\u00abVoglio ringraziarti per gli sforzi fatti fino ad ora affinch\u00e9 l&#8217;Europa superi la dicotomia tra austerit\u00e0 e crescita\u00bb. Era il 21 novembre scorso e il presidente di <strong>Confindustria<\/strong>, <strong>Giorgio Squinzi<\/strong>, dopo aver incassato nei mesi precedenti &#8211; nell&#8217;ordine &#8211; <span style=\"text-decoration: underline\">riforma dell&#8217;articolo 18, minitaglio del cuneo fiscale e minitaglio della bolletta energetica<\/span>, manifest\u00f2 pubblicamente il sostegno alla linea anti-austerity di <strong>Matteo Renzi<\/strong> in ambito europeo.<\/p>\n<p>Ma quando un sodalizio si consolida (gli esordi del governo dell&#8217;ex sindaco di Firenze non furono salutati entusiasticamente da Viale dell&#8217;Astronomia), occorrono anche dei segni tangibili. e negli ultimi giorni Squinzi non ha lesinato appoggi all&#8217;\u00abamico\u00bb Matteo. Prima ha pubblicato <a href=\"https:\/\/www.ilgiornale.it\/news\/politica\/draghi-fa-aumentare-pil-dell18-1085789.html\" target=\"_blank\">stime entusiastiche sugli effetti del <strong>Quantitative Easing<\/strong> di <strong>Mario Draghi<\/strong><\/a>, asserendo che la svalutazione dell&#8217;euro e i tassi bassi possono far crescere la nostra economia dell&#8217;1,8% in due anni. Poi, ha benedetto <a title=\"Il golpe di Renzi sulle Popolari\" href=\"https:\/\/blog.ilgiornale.it\/wallandstreet\/2015\/01\/27\/il-golpe-di-renzi-sulle-popolari\/\" target=\"_blank\">il <strong>golpe<\/strong> sulle <strong>Popolari<\/strong><\/a> (\u00ab\u00c8 una mossa che va nella direzione giusta\u00bb, ha commentato).\u00a0Infine, ha scatenato il Centro Studi di Confindustria (CsC) producendo un report congiunturale, a dir poco, encomiastico.<\/p>\n<p><a href=\"https:\/\/blog.ilgiornale.it\/wallandstreet\/files\/2015\/01\/20150128-CSC.png\"><img loading=\"lazy\" class=\"alignleft size-medium wp-image-6015\" src=\"https:\/\/blog.ilgiornale.it\/wallandstreet\/files\/2015\/01\/20150128-CSC-300x212.png\" alt=\"\" width=\"300\" height=\"212\" srcset=\"https:\/\/blog.ilgiornale.it\/wallandstreet\/files\/2015\/01\/20150128-CSC-300x212.png 300w, https:\/\/blog.ilgiornale.it\/wallandstreet\/files\/2015\/01\/20150128-CSC.png 426w\" sizes=\"(max-width: 300px) 100vw, 300px\" \/><\/a>Ecco qua! Oggi Confindustria ci ha fatto sapere che l&#8217;effetto combinato del calo dei prezzi petroliferi, del mini-euro e del bazooka di Mario Draghi produrr\u00e0 un incremento del 2,1% del Pil quest&#8217;anno e del 2,5% l&#8217;anno prossimo. I parlamentari del Pd si sono subito galvanizzati. Nessuno si sarebbe mai aspettato un simile endorsement. Nemmeno il responsabile economico dei dem, <strong>Filippo Taddei<\/strong>. \u00ab\u00c8 la prova che la combinazione delle riforme italiane e del cambiamento della politica europea, a partire da quella monetaria, pu\u00f2 produrre una ripartenza vera dell\u2019economia\u00bb, ha chiosato l&#8217;economista.<\/p>\n<p><em>Wall &amp; Street<\/em> non fanno politica (\u00e8 sempre bene ricordarlo), per\u00f2 quest&#8217;ondata di ottimismo &#8211; che con patriottismo vorremmo condividere &#8211; ci sembra francamente esagerata oltrech\u00e9 immotivata. Ed \u00e8 per questo motivo che vi proponiamo alcune analisi sullo stesso tema.<\/p>\n<p><a href=\"https:\/\/blog.ilgiornale.it\/wallandstreet\/files\/2015\/01\/Ward-Karen.png\"><img loading=\"lazy\" class=\"alignleft size-thumbnail wp-image-6016\" src=\"https:\/\/blog.ilgiornale.it\/wallandstreet\/files\/2015\/01\/Ward-Karen-150x150.png\" alt=\"\" width=\"150\" height=\"150\" \/><\/a>Secondo il capo economista di <strong>Hsbc<\/strong>, <strong>Karen Ward<\/strong>, <span style=\"text-decoration: underline\"><strong>gli effetti del Quantitative Easing saranno \u00ababbastanza limitati\u00bb non solo perch\u00e9 la Bce \u00e8 stata l&#8217;ultima a lanciare l&#8217;iniziativa (e quindi il mercato \u00e8 gi\u00e0 sovrabbondante di liquidit\u00e0 immessa negli anni scorsi da Fed e Banca del Giappone), ma soprattutto perch\u00e9 i costi non sempre bilanciano i benefici<\/strong><\/span>. La svalutazione del dollaro (antecedente l&#8217;attuale flessione dell&#8217;euro che ne ha determinato una consistente ripresa) ha prodotto un abbassamento generalizzato dei salari (cio\u00e8 una perdita di potere d&#8217;acquisto), aumentando al tempo stesso le pressioni inflazionistiche.<\/p>\n<p><a href=\"https:\/\/blog.ilgiornale.it\/wallandstreet\/files\/2015\/01\/20150128-HSBC.png\"><img loading=\"lazy\" class=\"aligncenter size-full wp-image-6017\" src=\"https:\/\/blog.ilgiornale.it\/wallandstreet\/files\/2015\/01\/20150128-HSBC.png\" alt=\"\" width=\"550\" height=\"255\" srcset=\"https:\/\/blog.ilgiornale.it\/wallandstreet\/files\/2015\/01\/20150128-HSBC.png 540w, https:\/\/blog.ilgiornale.it\/wallandstreet\/files\/2015\/01\/20150128-HSBC-300x139.png 300w\" sizes=\"(max-width: 550px) 100vw, 550px\" \/><\/a><\/p>\n<p>Questo grafico \u00e8 la prova dell&#8217;eccesso di enfasi di Confindustria:<span style=\"text-decoration: underline\"><strong> tra le previsioni della Fed sulla crescita americana durante la politica di espansione monetaria e il reale andamento dell&#8217;economia c&#8217;\u00e8 sempre stata un&#8217;evidente discrasia<\/strong><\/span>, che l&#8217;immissione di liquidit\u00e0 sul mercato non ha compensato.<\/p>\n<pre><a href=\"https:\/\/blog.ilgiornale.it\/wallandstreet\/files\/2015\/01\/20150128-Pressione-fiscale.png\"><img loading=\"lazy\" class=\"aligncenter size-full wp-image-6019\" src=\"https:\/\/blog.ilgiornale.it\/wallandstreet\/files\/2015\/01\/20150128-Pressione-fiscale.png\" alt=\"\" width=\"550\" height=\"255\" srcset=\"https:\/\/blog.ilgiornale.it\/wallandstreet\/files\/2015\/01\/20150128-Pressione-fiscale.png 543w, https:\/\/blog.ilgiornale.it\/wallandstreet\/files\/2015\/01\/20150128-Pressione-fiscale-300x139.png 300w\" sizes=\"(max-width: 550px) 100vw, 550px\" \/><\/a><\/pre>\n<p><span style=\"text-decoration: underline\"><strong>Questa, invece, \u00e8 la dimostrazione di quanto la politica di austerity abbia rovinato l&#8217;Europa (tranne la Germania)<\/strong><\/span>. Nonostante l&#8217;aumento della pressione fiscale (colonne in nero), i debiti (colonna in rosso) in percentuale al Pil sono aumentati perch\u00e9 l&#8217;economia si \u00e8 depressa. La Bce, la Commissione Ue e anche Renzi avrebbero dovuto pensare a questo. Pure Confindustria avrebbe dovuto fare mente locale. <a href=\"https:\/\/www.ilgiornale.it\/news\/politica\/cos-pressione-fiscale-brucer-lossigeno-draghi-1085998.html\" target=\"_blank\">I lettori del <em>Giornale<\/em>, invece, lo sanno gi\u00e0<\/a>.<\/p>\n<p>Volete un&#8217;altra prova del <strong>renzismo<\/strong> di Confindustria? <span style=\"text-decoration: underline\"><strong>Goldman Sachs ha recentemente rialzato le previsioni di crescita dell&#8217;area euro per il 2015 da +1,1 a +1,2% per effetto del calo dei prezzi petroliferi<\/strong><\/span>. A far da contraltare a questo miglioramento ci sar\u00e0 la <strong>deflazione<\/strong> (-0,5% atteso quest&#8217;anno). Se consentite, riteniamo Goldman Sachs ugualmente fededegna rispetto a Confindustria perch\u00e9 \u00e8 in base a queste previsioni che la banca Usa sposta migliaia di miliardi di dollari di investimenti su cui deve necessariamente trarre profitto. Dunque <span style=\"text-decoration: underline\"><strong>l&#8217;effetto della flessione delle quotazioni del petrolio sul Pil \u00e8 di +0,1 punti percentuali e non +0,6 come previsto da Viale dell&#8217;Astronomia<\/strong><\/span> che, dunque, ritiene che l&#8217;Italia possa crescere il doppio di Eurolandia quando negli ultimi anni ha sempre performato peggio. Speriamo di essere smentiti, ovviamente, ma il renzismo di Confindustria ci preoccupa.<\/p>\n<p><strong>Wall &amp; Street\u00a0<\/strong><\/p>\n","protected":false},"excerpt":{"rendered":"<p><p>\u00abVoglio ringraziarti per gli sforzi fatti fino ad ora affinch\u00e9 l&#8217;Europa superi la dicotomia tra austerit\u00e0 e crescita\u00bb. Era il 21 novembre scorso e il presidente di Confindustria, Giorgio Squinzi, dopo aver incassato nei mesi precedenti &#8211; nell&#8217;ordine &#8211; riforma dell&#8217;articolo 18, minitaglio del cuneo fiscale e minitaglio della bolletta energetica, manifest\u00f2 pubblicamente il sostegno alla linea anti-austerity di Matteo Renzi in ambito europeo. Ma quando un sodalizio si consolida (gli esordi del governo dell&#8217;ex sindaco di Firenze non furono salutati entusiasticamente da Viale dell&#8217;Astronomia), occorrono anche dei segni tangibili. e negli ultimi giorni Squinzi non ha lesinato appoggi all&#8217;\u00abamico\u00bb [&hellip;]<\/p>\n&nbsp;&nbsp;<div class=\"readmore\"><a href=\"https:\/\/blog.ilgiornale.it\/wallandstreet\/2015\/01\/28\/confindustria-una-succursale-di-renzi\/\">Continua a leggere...<\/a><\/div><\/p>","protected":false},"author":1006,"featured_media":0,"comment_status":"open","ping_status":"closed","sticky":false,"template":"","format":"standard","meta":[],"categories":[26],"tags":[18736,60235,837,197,31461,752,127,737,35,11789,6748,15821,60234,9154,5709,3718,12994,60236,21474,34096,60233],"_links":{"self":[{"href":"https:\/\/blog.ilgiornale.it\/wallandstreet\/wp-json\/wp\/v2\/posts\/6013"}],"collection":[{"href":"https:\/\/blog.ilgiornale.it\/wallandstreet\/wp-json\/wp\/v2\/posts"}],"about":[{"href":"https:\/\/blog.ilgiornale.it\/wallandstreet\/wp-json\/wp\/v2\/types\/post"}],"author":[{"embeddable":true,"href":"https:\/\/blog.ilgiornale.it\/wallandstreet\/wp-json\/wp\/v2\/users\/1006"}],"replies":[{"embeddable":true,"href":"https:\/\/blog.ilgiornale.it\/wallandstreet\/wp-json\/wp\/v2\/comments?post=6013"}],"version-history":[{"count":3,"href":"https:\/\/blog.ilgiornale.it\/wallandstreet\/wp-json\/wp\/v2\/posts\/6013\/revisions"}],"predecessor-version":[{"id":6022,"href":"https:\/\/blog.ilgiornale.it\/wallandstreet\/wp-json\/wp\/v2\/posts\/6013\/revisions\/6022"}],"wp:attachment":[{"href":"https:\/\/blog.ilgiornale.it\/wallandstreet\/wp-json\/wp\/v2\/media?parent=6013"}],"wp:term":[{"taxonomy":"category","embeddable":true,"href":"https:\/\/blog.ilgiornale.it\/wallandstreet\/wp-json\/wp\/v2\/categories?post=6013"},{"taxonomy":"post_tag","embeddable":true,"href":"https:\/\/blog.ilgiornale.it\/wallandstreet\/wp-json\/wp\/v2\/tags?post=6013"}],"curies":[{"name":"wp","href":"https:\/\/api.w.org\/{rel}","templated":true}]}}