{"id":6759,"date":"2015-11-06T14:58:37","date_gmt":"2015-11-06T14:58:37","guid":{"rendered":"https:\/\/blog.ilgiornale.it\/wallandstreet\/?p=6759"},"modified":"2015-11-06T14:59:17","modified_gmt":"2015-11-06T14:59:17","slug":"renzi-ci-frega-sulle-bollette-della-luce","status":"publish","type":"post","link":"https:\/\/blog.ilgiornale.it\/wallandstreet\/2015\/11\/06\/renzi-ci-frega-sulle-bollette-della-luce\/","title":{"rendered":"Renzi ci frega sulle bollette della luce"},"content":{"rendered":"<p><a href=\"https:\/\/blog.ilgiornale.it\/wallandstreet\/files\/2015\/11\/Bollette-e1446821319118.jpg\"><img loading=\"lazy\" class=\"aligncenter size-full wp-image-6760\" src=\"https:\/\/blog.ilgiornale.it\/wallandstreet\/files\/2015\/11\/Bollette-e1446821319118.jpg\" alt=\"Bollette\" width=\"550\" height=\"647\" \/><\/a><\/p>\n<p>Anche se ve lo abbiamo anticipato in un <a href=\"https:\/\/www.ilgiornale.it\/news\/politica\/regioni-rosse-costrette-cedere-manovra-dellaria-fritta-1191023.html\" target=\"_blank\">articolo pubblicato ieri<\/a>, c&#8217;\u00e8 una notizia che merita un approfondimento perch\u00e9 riguarda la vita quotidiana di tutti noi: se le <strong>bollette della luce<\/strong> nel 2016 saranno pi\u00f9 salate aumenteranno di nuovo, gli italiani possono gi\u00e0 sapere chi \u00abringraziare\u00bb anticipatamente: il presidente del Consiglio, <strong>Matteo Renzi<\/strong>, e il ministro dell\u2019Economia, <strong>Pier Carlo Padoan<\/strong>.<\/p>\n<p>Il ddl Stabilit\u00e0, infatti, contiene nei suoi meandri due innovazioni che potrebbero far aumentare decisamente i costi del servizio. La prima novit\u00e0 riguarda la <strong>Cassa conguaglio per il settore elettrico<\/strong> (<strong>Ccse<\/strong>) e promette un incremento sicuro dei prezzi. La seconda riguarda il canone in bolletta.\u00a0Del prelievo del canone tramite le utenze elettriche <em>il Giornale<\/em> vi ha gi\u00e0 informato preventivamente, ma c\u2019\u00e8 un altro dettaglio che potrebbe trasformarsi in una beffa per i contribuenti se non vi si porr\u00e0 rimedio.<\/p>\n<p>Iniziamo l\u2019analisi dall\u2019aumento certo e universale. Il comma 46 dell\u2019articolo 33 inerente la spending review per ministeri e societ\u00e0 pubbliche dispone la trasformazione della Ccse in ente pubblico economico, ossia in un persona giuridica (cio\u00e8 una societ\u00e0) con proprio patrimonio e proprio personale che si chiamer\u00e0 \u00ab<strong>Cassa per i servizi energetici e ambientali<\/strong> (<strong>Csea<\/strong>)\u00bb. D\u2019altronde, la Cassa conguaglio svolge proprio questa funzione: preleva dalle bollette elettriche le componenti tariffarie, i sovrapprezzi e quote destinate a essere restituite, ad esempio, ai produttori sottoforma di incentivi alle rinnovabili, alla <strong>Sogin<\/strong> per lo smantellamento delle centrali nucleari e agli istituti di ricerca che operano nel settore energia.<\/p>\n<p>La costituzione del patrimonio rappresenta il nocciolo della questione:<span style=\"text-decoration: underline\"><strong> i 100 milioni fissati dal ddl Stabilit\u00e0 saranno prelevati \u00abdalle risorse detenute dalla Ccse presso il sistema bancario\u00bb e poi riassegnati ad \u00abapposito capitolo di spesa\u00bb<\/strong><\/span>. Questa partita di giro tra la Cassa e l\u2019Entrata del bilancio dello Stato comporter\u00e0 l\u2019<span style=\"text-decoration: underline\"><strong>aumento delle bollette<\/strong><\/span> perch\u00e9 il prelievo \u00e8 certo, ma non la successiva redistribuzione di queste risorse che spettano per legge agli operatori del settore. E niente di buono sembra promettere pure la parte finale del comma 46 che stabilisce il trasferimento degli utili della nuova Csea direttamente all\u2019Entrata del bilancio dello Stato. <span style=\"text-decoration: underline\"><strong>Le bollette diventano il nuovo bancomat del Tesoro<\/strong><\/span>.<\/p>\n<p><a href=\"https:\/\/blog.ilgiornale.it\/wallandstreet\/files\/2015\/11\/Sede-Rai.jpg\"><img loading=\"lazy\" class=\"alignleft size-thumbnail wp-image-6761\" src=\"https:\/\/blog.ilgiornale.it\/wallandstreet\/files\/2015\/11\/Sede-Rai-150x150.jpg\" alt=\"Sede Rai\" width=\"150\" height=\"150\" \/><\/a>Questo lo si capiva anche dall\u2019articolo 10 del ddl Stabilit\u00e0, la famigerata \u00ab<span style=\"text-decoration: underline\"><strong>riduzione del canone Rai<\/strong><\/span>\u00bb tramite suo inserimento in bolletta. Il comma 3 stabilisce che entro 45 giorni dall\u2019entrata in vigore della legge un decreto del ministero dello Sviluppo, di concerto con l\u2019Economia, stabiliscano le modalit\u00e0 per riversare all\u2019erario gli introiti relativi alla tassa su tv, pc e altre apparecchiature \u00abnonch\u00e9 le modalit\u00e0 tecniche che si rendano eventualmente necessarie\u00bb.<\/p>\n<p>Manca un piccolo particolare: <span style=\"text-decoration: underline\"><strong>per le utility come Eni, Enel, Edison e A2a il servizio di riscossione comporter\u00e0 un costo sia per l\u2019adeguamento del software di calcolo e di bollettazione che per la separazione degli incassi dei servizi offerti da quelli relativi al canone Rai. Nel ddl Stabilit\u00e0 non \u00e8 previsto nessun riconoscimento delle spese sostenute dalle utility<\/strong><\/span>, nonostante i ripetuti tentativi di moral suasion una volta saputo dell\u2019intenzione del governo. Se il decreto non conterr\u00e0 il riconoscimento degli extracosti di gestione dell\u2019incasso, le societ\u00e0 energetiche non potranno che rivalersi sui loro stessi clienti. I 100 euro di canone annuo potrebbero diventare qualcosa in pi\u00f9 assottigliando sensibilmente il risparmio propagandato rispetto ai 113 euro pagati nel 2015. Ai poveri utenti, ovviamente, non rester\u00e0 che mettere mano al portafogli per sostenere la grandeur renziana.<\/p>\n<p><strong>Wall &amp; Street<\/strong><\/p>\n","protected":false},"excerpt":{"rendered":"<p><p>Anche se ve lo abbiamo anticipato in un articolo pubblicato ieri, c&#8217;\u00e8 una notizia che merita un approfondimento perch\u00e9 riguarda la vita quotidiana di tutti noi: se le bollette della luce nel 2016 saranno pi\u00f9 salate aumenteranno di nuovo, gli italiani possono gi\u00e0 sapere chi \u00abringraziare\u00bb anticipatamente: il presidente del Consiglio, Matteo Renzi, e il ministro dell\u2019Economia, Pier Carlo Padoan. Il ddl Stabilit\u00e0, infatti, contiene nei suoi meandri due innovazioni che potrebbero far aumentare decisamente i costi del servizio. La prima novit\u00e0 riguarda la Cassa conguaglio per il settore elettrico (Ccse) e promette un incremento sicuro dei prezzi. La seconda [&hellip;]<\/p>\n&nbsp;&nbsp;<div class=\"readmore\"><a href=\"https:\/\/blog.ilgiornale.it\/wallandstreet\/2015\/11\/06\/renzi-ci-frega-sulle-bollette-della-luce\/\">Continua a leggere...<\/a><\/div><\/p>","protected":false},"author":1006,"featured_media":0,"comment_status":"open","ping_status":"closed","sticky":false,"template":"","format":"standard","meta":[],"categories":[26],"tags":[16905,40694,31374,16916,31525,74581,16918,15691,12989,3726,12997,5709,53688,20873,74583],"_links":{"self":[{"href":"https:\/\/blog.ilgiornale.it\/wallandstreet\/wp-json\/wp\/v2\/posts\/6759"}],"collection":[{"href":"https:\/\/blog.ilgiornale.it\/wallandstreet\/wp-json\/wp\/v2\/posts"}],"about":[{"href":"https:\/\/blog.ilgiornale.it\/wallandstreet\/wp-json\/wp\/v2\/types\/post"}],"author":[{"embeddable":true,"href":"https:\/\/blog.ilgiornale.it\/wallandstreet\/wp-json\/wp\/v2\/users\/1006"}],"replies":[{"embeddable":true,"href":"https:\/\/blog.ilgiornale.it\/wallandstreet\/wp-json\/wp\/v2\/comments?post=6759"}],"version-history":[{"count":1,"href":"https:\/\/blog.ilgiornale.it\/wallandstreet\/wp-json\/wp\/v2\/posts\/6759\/revisions"}],"predecessor-version":[{"id":6762,"href":"https:\/\/blog.ilgiornale.it\/wallandstreet\/wp-json\/wp\/v2\/posts\/6759\/revisions\/6762"}],"wp:attachment":[{"href":"https:\/\/blog.ilgiornale.it\/wallandstreet\/wp-json\/wp\/v2\/media?parent=6759"}],"wp:term":[{"taxonomy":"category","embeddable":true,"href":"https:\/\/blog.ilgiornale.it\/wallandstreet\/wp-json\/wp\/v2\/categories?post=6759"},{"taxonomy":"post_tag","embeddable":true,"href":"https:\/\/blog.ilgiornale.it\/wallandstreet\/wp-json\/wp\/v2\/tags?post=6759"}],"curies":[{"name":"wp","href":"https:\/\/api.w.org\/{rel}","templated":true}]}}