{"id":7134,"date":"2016-04-16T08:02:01","date_gmt":"2016-04-16T08:02:01","guid":{"rendered":"https:\/\/blog.ilgiornale.it\/wallandstreet\/?p=7134"},"modified":"2016-04-19T19:37:51","modified_gmt":"2016-04-19T19:37:51","slug":"latlante-dei-liberali","status":"publish","type":"post","link":"https:\/\/blog.ilgiornale.it\/wallandstreet\/2016\/04\/16\/latlante-dei-liberali\/","title":{"rendered":"L&#8217;Atlante dei Liberali"},"content":{"rendered":"<p><a href=\"https:\/\/blog.ilgiornale.it\/wallandstreet\/files\/2016\/04\/Atlante-Farnese1.jpg\"><img loading=\"lazy\" class=\"aligncenter size-full wp-image-7136\" src=\"https:\/\/blog.ilgiornale.it\/wallandstreet\/files\/2016\/04\/Atlante-Farnese1.jpg\" alt=\"Atlante Farnese\" width=\"550\" height=\"423\" srcset=\"https:\/\/blog.ilgiornale.it\/wallandstreet\/files\/2016\/04\/Atlante-Farnese1.jpg 550w, https:\/\/blog.ilgiornale.it\/wallandstreet\/files\/2016\/04\/Atlante-Farnese1-300x231.jpg 300w\" sizes=\"(max-width: 550px) 100vw, 550px\" \/><\/a><\/p>\n<p><a title=\"Le sofferenze di Atlante\" href=\"https:\/\/blog.ilgiornale.it\/wallandstreet\/2016\/04\/13\/le-sofferenze-di-atlante\/\" target=\"_blank\">Delle criticit\u00e0 connesse all&#8217;istituzione del <strong>Fondo Atlante<\/strong> vi abbiamo parlato pochi giorni fa<\/a>. Nel frattempo, qualche dettaglio si \u00e8 aggiunto al quadro d&#8217;insieme che avevamo presentato e, soprattutto, si sono levate molte voci critiche contro questa \u00ab<span style=\"text-decoration: underline\"><strong>operazione di sistema\u00bb che vede tra i propri registi il governo e Bankitalia (per una volta unanimi)<\/strong><\/span>, le grandi banche a partire da <strong>Intesa Sanpaolo<\/strong> e <strong>UniCredit<\/strong>\u00a0(che per\u00f2 non supereranno la soglia del 20% per evitare che una partecipazione qualificata comprometta la patrimonializzazione a fronte di un calo di Cet1 stimato in 30 punti base) e le <strong>Fondazioni<\/strong> bancarie guidate dall&#8217;<strong>Acri<\/strong> presieduta da <strong>Giuseppe Guzzetti<\/strong>. <span style=\"text-decoration: underline\"><strong>Politica e finanza si sono compattate in nome dell&#8217;interesse nazionale<\/strong><\/span>. Ci risparmiamo la solita tiritera dei \u00absalotti buoni\u00bb.<\/p>\n<p><a href=\"https:\/\/blog.ilgiornale.it\/wallandstreet\/files\/2016\/04\/Atlante-01-e1460792459958.jpg\"><img loading=\"lazy\" class=\"aligncenter size-full wp-image-7142\" src=\"https:\/\/blog.ilgiornale.it\/wallandstreet\/files\/2016\/04\/Atlante-01-e1460792459958.jpg\" alt=\"Atlante 01\" width=\"550\" height=\"410\" \/><\/a><\/p>\n<p>Dicevamo dei dettagli, che marginali non sono. In primo luogo, \u00e8 emerso che <span style=\"text-decoration: underline\"><strong>il 70% dei fondi sar\u00e0 destinata agli aumenti di capitale e il 30% all&#8217;acquisto di non performing loans<\/strong><\/span> (anche se quanto non impiegato per comprare equity andr\u00e0 a questo capitolo). Questo significa che <span style=\"text-decoration: underline\"><strong>il Fondo Atlante sar\u00e0 soprattutto una holding di partecipazioni bancarie piuttosto che un veicolo di investimento in asset rischiosi come le cartolarizzazioni delle sofferenze<\/strong><\/span>. Con tutto ci\u00f2 che comporta sia in termini di <span style=\"text-decoration: underline\"><strong>conflitti di interesse<\/strong><\/span> (i principali azionisti di Atlante sono banche) sia di coinvolgimento di istituzioni finanziarie sane (le banche pi\u00f9 forti, le assicurazioni che investono in Atlante saranno penalizzate in termini di ratio patrimoniali). Senza contare che la dichiarazione del ministro dell&#8217;Economia, <strong>Pier Carlo Padoan<\/strong>, secondo cui <span style=\"text-decoration: underline\"><strong><a href=\"http:\/\/www.ilsole24ore.com\/art\/notizie\/2016-04-15\/padoan-atlante-effetto-leva-50-miliardi-070754.shtml?uuid=ACvkIG8C\" target=\"_blank\">il Fondo Atlante produrr\u00e0 \u00abun effetto-leva da 50 miliardi\u00bb<\/a><\/strong><\/span>, prelude a una qualche forma di<span style=\"text-decoration: underline\"><strong> forte indebitamento del fondo<\/strong><\/span> stesso o di <span style=\"text-decoration: underline\"><strong>coinvolgimento di altri attori<\/strong><\/span> che di per s\u00e9 rende <span style=\"text-decoration: underline\"><strong>inimmaginabili le conseguenze in caso di ritorno negativo dell&#8217;investimento<\/strong><\/span>, ossia se gli asset acquisiti si svalutassero.<\/p>\n<p>Il secondo dettaglio \u00e8 ancor pi\u00f9 denso di significati: Italia e <strong>Francia<\/strong> hanno\u00a0messo a punto un documento, che verosimilmente dovrebbe essere discusso nell&#8217;<strong>Ecofin<\/strong> della prossima settimana, con il quale <span style=\"text-decoration: underline\"><strong><a href=\"http:\/\/www.ilsole24ore.com\/art\/mondo\/2016-04-15\/fondo-risoluzione-ue-anticipo-esm-071203.shtml?uuid=ACHrIG8C\" target=\"_blank\">si chiede al Fondo salva-Stati (Esm) di anticipare una linea di credito che anticipi l&#8217;entrata in vigore del meccanismo unico di risoluzione (Srm), prevista dal 2024, in modo da creare una rete di sicurezza (backstop) in caso di crisi delle banche pi\u00f9 grandi<\/a><\/strong><\/span>. A differenza di Atlante, questo Fondo interverrebbe in regime di <strong>bail in<\/strong>, ma la sua istituzione dovrebbe fungere da deterrente nonch\u00e9 da <span style=\"text-decoration: underline\"><strong>garante della solidit\u00e0 del sistema bancario di Eurolandia<\/strong><\/span>. Indi per cui <span style=\"text-decoration: underline\"><strong>Atlante \u00e8 solo un modo per tenere a bada su scala nazionale un problema che invece \u00e8 sistemico<\/strong><\/span> e che in Italia potrebbe accentuarsi a causa della tensione finanziaria delle banche pi\u00f9 piccole o di alcune grandi. Presumiamo che la <span style=\"text-decoration: underline\"><strong>Germania<\/strong><\/span> dir\u00e0 no cos\u00ec come <span style=\"text-decoration: underline\"><strong><a href=\"http:\/\/www.ilfoglio.it\/economia\/2016\/04\/15\/banche-sedute-su-una-montagna-di-debito-ci-sono-novita-per-voi___1-v-140765-rubriche_c404.htm\" target=\"_blank\">l&#8217;Italia \u00e8 pronta a dire di no alla discussione Ecofin del nuovo sistema di valutazione dei titoli di Stato attribuendo loro un rischio affinch\u00e9 possano essere progressivamente scaricati dai bilanci bancari<\/a><\/strong><\/span>. Anche questa \u00e8 <a title=\"\u00abMatteo, impiccati!\u00bb\" href=\"https:\/\/blog.ilgiornale.it\/wallandstreet\/2016\/02\/19\/matteo-impiccati\/\" target=\"_blank\">una prospettiva poco piacevole della quale vi avevamo parlato<\/a>.<\/p>\n<p><a href=\"https:\/\/blog.ilgiornale.it\/wallandstreet\/files\/2016\/04\/thiago-silva-ibra.jpg\"><img loading=\"lazy\" class=\"alignleft size-medium wp-image-7137\" src=\"https:\/\/blog.ilgiornale.it\/wallandstreet\/files\/2016\/04\/thiago-silva-ibra-300x167.jpg\" alt=\"thiago-silva-ibra\" width=\"300\" height=\"167\" srcset=\"https:\/\/blog.ilgiornale.it\/wallandstreet\/files\/2016\/04\/thiago-silva-ibra-300x167.jpg 300w, https:\/\/blog.ilgiornale.it\/wallandstreet\/files\/2016\/04\/thiago-silva-ibra.jpg 473w\" sizes=\"(max-width: 300px) 100vw, 300px\" \/><\/a>Facciamo, quindi, un breve riassunto. Grandi banche come Intesa, UniCredit e <strong>Ubi<\/strong> e, in minima parte, assicurazioni, Stato (attraverso la <strong>Cdp<\/strong>) e Fondazioni bancarie hanno dato vita a un fondo di investimento che ha lo scopo di togliere le castagne dal fuoco a due banche venete che fallirebbero in regime di bail in (con gran dolore di azionisti, obbligazionisti e correntisti) se i loro aumenti di capitale non fossero sottoscritti. <span style=\"text-decoration: underline\"><strong>E che Atlante sia utile ce lo dice la forchetta di prezzo dell&#8217;aumento di Popolare Vicenza, fissata tra 0,1 e 3 euro<\/strong><\/span>. Che comunque \u00e8 un fallimento rispetto a titoli che un anno fa valevano 62 euro. Secondariamente, questo fondo deve intervenire sul mercato per comprare a un prezzo superiore a quello riconosciuto dagli altri partecipanti le sofferenze bancarie meno pregiate (i titoli junior delle cartolarizzazioni) per liberare i bilanci (di Mps, Carige e degli altri istituti con questo problema) da queste zavorre senza che la cessione comporti una minusvalenza altrettanto dannosa. Non c&#8217;\u00e8 bisogno di essere laureati in economia per capire che questo si chiama <span style=\"text-decoration: underline\"><strong>\u00abturbativa del mercato\u00bb<\/strong><\/span>, ossia la messa in campo di <strong><span style=\"text-decoration: underline\"><em>una condotta che altera la naturale formazione dei prezzi in base alla legge della domanda \u00a0e dell&#8217;offerta<\/em><\/span><\/strong>. Un po&#8217; come hanno fatto (pi\u00f9 o meno legalmente) <span style=\"text-decoration: underline\"><strong>i petrodollari degli sceicchi<\/strong><\/span> proprietari di <strong>Manchester City<\/strong> e <strong>Paris Saint-Germain<\/strong> con quest&#8217;ultima squadra che ha potuto spendere una cifra folle per aggiudicarsi i due ultimi grandi talenti del <strong>Milan<\/strong> (<strong>Thiago Silva<\/strong> e <strong>Ibrahimovic<\/strong>). <span style=\"text-decoration: underline\">Anche nel calcio esisterebbe una normativa che obbliga le societ\u00e0 a non spendere pi\u00f9 di quanto ricavano, ma le squadre pi\u00f9 forti economicamente riescono ad aggirarla facendo lievitare indebitamente i costi delle prestazioni dei calciatori<\/span>.<\/p>\n<p>Non \u00e8 un mistero, perci\u00f2, che autorevoli economisti di area liberale (politicamente impegnati e non). Abbia legittimamente levato la propria voce contro questa indebita ingerenza nei confronti del mercato. Lo ha fatto molto dettagliatamente <a href=\"http:\/\/www.francodebenedetti.it\/l%E2%80%99obiettivo-del-fondo-atlante-e-salvare-le-banche-italiane-si-ma-dal-mercato\/#more-11059\" target=\"_blank\"><strong>Franco Debenedetti<\/strong> in un editoriale sul <strong>Foglio<\/strong> stigmatizzando il ruolo di Atlante come\u00a0<span style=\"text-decoration: underline\"><strong>paravento per un sistema bancario italiano molto immaturo, caratterizzato da troppe connivenze (la solita vecchia storia del credito agli amici degli amici) e incapace di riformarsi<\/strong><\/span><\/a>.<\/p>\n<p>Lo ha detto in maniera pi\u00f9 sintetica <strong>Renato Brunetta<\/strong>, economista e capogruppo di Forza Italia alla Camera<\/p>\n<blockquote class=\"twitter-tweet\">\n<p dir=\"ltr\" lang=\"it\">Con <a href=\"https:\/\/twitter.com\/hashtag\/Atlante?src=hash\">#Atlante<\/a> si abbandona il mercato per approdare a un modello di economia socialista di mutua assistenza.Renzi e Padoan vogliono questo?<\/p>\n<p>\u2014 Renato Brunetta (@renatobrunetta) <a href=\"https:\/\/twitter.com\/renatobrunetta\/status\/720967151516000256\">15 aprile 2016<\/a><\/p><\/blockquote>\n<p>Non fa una grinza: <span style=\"text-decoration: underline\"><strong>\u00e8 socialismo la condivisione dei rischi dinanzi a una fase di mercato incerta<\/strong><\/span>. <strong>In un&#8217;ottica liberale si salva il pi\u00f9 forte, mentre il pi\u00f9 debole che non ha la forza di stare in piedi deve necessariamente fallire pena lo spreco di risorse dell&#8217;intero sistema<\/strong>. Altrettanto chiaro \u00e8 stato il professor Riccardo Puglisi dell&#8217;Universit\u00e0 di Pavia.<\/p>\n<blockquote class=\"twitter-tweet\"><p>Con il Fondo Atlante governo e banchieri -alcuni obtorto collo- cercano di contrastare il meccanismo responsabilizzante del bail-in. Bravi!<\/p>\n<p>\u2014 Riccardo Puglisi (@ricpuglisi) <a href=\"https:\/\/twitter.com\/ricpuglisi\/status\/720881004949274625\">15 aprile 2016<\/a><\/p><\/blockquote>\n<p>Anche qui non c&#8217;\u00e8 nessuna obiezione teorica che si possa muovere.<span style=\"text-decoration: underline\"><strong> Il bail in nasce da un principio liberale che pi\u00f9 liberale non si pu\u00f2: evitare che i soldi dei contribuenti finiscano a finanziare banche che non hanno saputo fare il proprio mestiere<\/strong><\/span>. Ed \u00e8 proprio qui che un liberale dovrebbe operare un distinguo.<\/p>\n<p><a href=\"https:\/\/blog.ilgiornale.it\/wallandstreet\/files\/2016\/04\/aiuti-di-Stato-e1460744779660.jpg\"><img loading=\"lazy\" class=\"aligncenter size-full wp-image-7138\" src=\"https:\/\/blog.ilgiornale.it\/wallandstreet\/files\/2016\/04\/aiuti-di-Stato-e1460744779660.jpg\" alt=\"aiuti di Stato\" width=\"550\" height=\"389\" \/><\/a><\/p>\n<p>Come vedete <span style=\"text-decoration: underline\"><strong>molti Stati europei hanno aiutato le loro banche (la Germania in primis) mentre gli istituti\u00a0greci e spagnoli sono stati messi in sicurezza anche con il contributo dell&#8217;Unione Europea<\/strong><\/span>.\u00a0Questa procedura, conclusa nel 2013, ha visto l&#8217;Italia partecipare con i <strong>Monti-bond<\/strong> concessi al solo <strong>Monte dei Paschi<\/strong>. Lo sappiamo perch\u00e9: l&#8217;Italia ha troppo debito pubblico e non se lo sarebbe potuto permettere. Ma il debito pubblico in rapporto al Pil \u00e8 esploso in virt\u00f9 della crisi e delle politiche di <strong>austerity<\/strong> che sono state imposte come cura (sbagliata) alla recessione. <span style=\"text-decoration: underline\"><strong>Politiche a base di tasse che hanno depresso consumi e investimenti, azzerando la produttivit\u00e0 e rendendo difficile per imprese e cittadini restituire i prestiti bancari che cos\u00ec sono diventate sofferenze<\/strong><\/span>. E <span style=\"text-decoration: underline\"><strong>un vero liberale non inasprirebbe mai il carico fiscale in tempi di recessione<\/strong><\/span>. \u00c8 anche vero che Atlante \u00e8 una gestione \u00absocialista\u00bb dei rischi, ma l&#8217;Europa che ha inventato il bail in non ha inventato la <strong>garanzia unica sui depositi<\/strong>, che avrebbe tranquillizzato investitori e risparmiatori, rimandandola a tempi migliori.<\/p>\n<p>E poi, diciamoci la verit\u00e0, <span style=\"text-decoration: underline\"><strong>un liberale rispetta i patti ma questa Europa che, da un giorno all&#8217;altro, trasforma le obbligazioni ordinarie e quelle subordinate in carta straccia ( o tutt&#8217;al pi\u00f9 le converte in azioni) prima che sia dichiarato il fallimento della stessa azienda bancaria quanto \u00e8 liberale?<\/strong><\/span><\/p>\n<p><a href=\"https:\/\/blog.ilgiornale.it\/wallandstreet\/files\/2013\/05\/VISCO.jpg\"><img loading=\"lazy\" class=\"alignleft size-medium wp-image-2765\" src=\"https:\/\/blog.ilgiornale.it\/wallandstreet\/files\/2013\/05\/VISCO-300x230.jpg\" alt=\"VISCO, DIMOSTRIAMO SAPER USCIRE DA CRISI, NO A CALI TENSIONE\" width=\"300\" height=\"230\" srcset=\"https:\/\/blog.ilgiornale.it\/wallandstreet\/files\/2013\/05\/VISCO-300x230.jpg 300w, https:\/\/blog.ilgiornale.it\/wallandstreet\/files\/2013\/05\/VISCO-1024x788.jpg 1024w\" sizes=\"(max-width: 300px) 100vw, 300px\" \/><\/a>E se non credete a noi, leggete quanto ha affermato il governatore di <strong>Bankitalia<\/strong>, <strong>Ignazio Visco<\/strong>, in audizione presso\u00a0la Commissione Finanze del Senato. \u00ab<span style=\"text-decoration: underline\"><strong>Il nostro approccio negoziale,\u00a0ripetutamente espresso nelle sedi ufficiali, era diverso: il bail-in\u00a0avrebbe dovuto avere natura contrattuale, non avere effetti retroattivi\u00a0sui titoli di credito gi\u00e0 emessi ed entrare in vigore con adeguata\u00a0gradualit\u00e0<\/strong><\/span>\u00bb, ha dichiarato. Visco non \u00e8 certo meno liberale o pi\u00f9 socialista degli economisti sopra citati, soprattutto quando sostiene che\u00a0\u00ab<span style=\"text-decoration: underline\"><strong>uno strumento concepito per ridurre l&#8217;impatto di una crisi, non\u00a0pu\u00f2 creare le premesse per renderla pi\u00f9 probabile: se \u00e8 cos\u00ec deve\u00a0essere rivisto<\/strong><\/span>\u00bb. Occorre, perci\u00f2, trovare un giusto bilanciamento: \u00abl&#8217;investitore colpito, infatti, non trova alcun conforto dal fatto di\u00a0essere stato tutelato come contribuente\u00bb, ha concluso.\u00a0E noi non possiamo che essere d&#8217;accordo.<\/p>\n<p><strong>Wall &amp; Street<\/strong><\/p>\n","protected":false},"excerpt":{"rendered":"<p><p>Delle criticit\u00e0 connesse all&#8217;istituzione del Fondo Atlante vi abbiamo parlato pochi giorni fa. Nel frattempo, qualche dettaglio si \u00e8 aggiunto al quadro d&#8217;insieme che avevamo presentato e, soprattutto, si sono levate molte voci critiche contro questa \u00aboperazione di sistema\u00bb che vede tra i propri registi il governo e Bankitalia (per una volta unanimi), le grandi banche a partire da Intesa Sanpaolo e UniCredit\u00a0(che per\u00f2 non supereranno la soglia del 20% per evitare che una partecipazione qualificata comprometta la patrimonializzazione a fronte di un calo di Cet1 stimato in 30 punti base) e le Fondazioni bancarie guidate dall&#8217;Acri presieduta da Giuseppe [&hellip;]<\/p>\n&nbsp;&nbsp;<div class=\"readmore\"><a href=\"https:\/\/blog.ilgiornale.it\/wallandstreet\/2016\/04\/16\/latlante-dei-liberali\/\">Continua a leggere...<\/a><\/div><\/p>","protected":false},"author":1006,"featured_media":0,"comment_status":"open","ping_status":"closed","sticky":false,"template":"","format":"standard","meta":[],"categories":[60],"tags":[26286,50141,18736,121824,15857,31475,7663,177,31490,121566,60190,752,24504,22867,127,121817,121789,23470,14,121821,35,26288,121819,26277,11985,15646,121820,121807,121815,5709,121810,10833,23373,18710,121564,121816,121808,22684,53688,64,21492,16903,6916,23546,31534,121822,68252,121812,31535,16935,121809,102,121814,15658,121818,15648,167,4698,50133,49720],"_links":{"self":[{"href":"https:\/\/blog.ilgiornale.it\/wallandstreet\/wp-json\/wp\/v2\/posts\/7134"}],"collection":[{"href":"https:\/\/blog.ilgiornale.it\/wallandstreet\/wp-json\/wp\/v2\/posts"}],"about":[{"href":"https:\/\/blog.ilgiornale.it\/wallandstreet\/wp-json\/wp\/v2\/types\/post"}],"author":[{"embeddable":true,"href":"https:\/\/blog.ilgiornale.it\/wallandstreet\/wp-json\/wp\/v2\/users\/1006"}],"replies":[{"embeddable":true,"href":"https:\/\/blog.ilgiornale.it\/wallandstreet\/wp-json\/wp\/v2\/comments?post=7134"}],"version-history":[{"count":5,"href":"https:\/\/blog.ilgiornale.it\/wallandstreet\/wp-json\/wp\/v2\/posts\/7134\/revisions"}],"predecessor-version":[{"id":7159,"href":"https:\/\/blog.ilgiornale.it\/wallandstreet\/wp-json\/wp\/v2\/posts\/7134\/revisions\/7159"}],"wp:attachment":[{"href":"https:\/\/blog.ilgiornale.it\/wallandstreet\/wp-json\/wp\/v2\/media?parent=7134"}],"wp:term":[{"taxonomy":"category","embeddable":true,"href":"https:\/\/blog.ilgiornale.it\/wallandstreet\/wp-json\/wp\/v2\/categories?post=7134"},{"taxonomy":"post_tag","embeddable":true,"href":"https:\/\/blog.ilgiornale.it\/wallandstreet\/wp-json\/wp\/v2\/tags?post=7134"}],"curies":[{"name":"wp","href":"https:\/\/api.w.org\/{rel}","templated":true}]}}