{"id":7356,"date":"2016-08-07T16:10:40","date_gmt":"2016-08-07T16:10:40","guid":{"rendered":"https:\/\/blog.ilgiornale.it\/wallandstreet\/?p=7356"},"modified":"2016-08-10T17:01:07","modified_gmt":"2016-08-10T17:01:07","slug":"siamo-tutti-venture-capitalist","status":"publish","type":"post","link":"https:\/\/blog.ilgiornale.it\/wallandstreet\/2016\/08\/07\/siamo-tutti-venture-capitalist\/","title":{"rendered":"Siamo tutti venture capitalist!"},"content":{"rendered":"<p><a href=\"https:\/\/blog.ilgiornale.it\/wallandstreet\/files\/2016\/08\/Padoan-e1470581713899.jpg\"><img loading=\"lazy\" class=\"aligncenter size-full wp-image-7359\" src=\"https:\/\/blog.ilgiornale.it\/wallandstreet\/files\/2016\/08\/Padoan-e1470581713899.jpg\" alt=\"\" width=\"550\" height=\"393\" \/><\/a><\/p>\n<p>La <strong>legge di Bilancio<\/strong> (nuovo nome della Stabilit\u00e0; ndr) dell&#8217;anno prossimo potrebbe essere meno espansiva del previsto. <a href=\"https:\/\/www.ilgiornale.it\/news\/politica\/e-adesso-padoan-ammette-non-abbiamo-pi-euro-1294647.html\" target=\"_blank\">Come vi abbiamo spiegato oggi sul <strong>Giornale<\/strong>, il deterioramento del quadro macroeconomico drener\u00e0 le risorse disponibili se la <strong>Commissione Ue<\/strong> non conceder\u00e0 nuova <strong>flessibilit\u00e0<\/strong><\/a>. Ecco perch\u00e9 il governo, nella persona del ministro dell&#8217;Economia <strong>Pier Carlo Padoan<\/strong>, sta pensando di anticipare al Consiglio dei ministri del prossimo 25 agosto il <strong>decreto Competitivit\u00e0<\/strong>, annunciato dal governo, e inserito nel <strong>Def<\/strong>, per fine maggio e finora mai varato. Tra le novit\u00e0, la principale dovrebbe essere <span style=\"text-decoration: underline\"><strong>lo sconto sulla tassazione del\u00a0capital gain<\/strong><\/span> (attualmente al 26%) <span style=\"text-decoration: underline\"><strong>per i piani di investimento a medio termine (l&#8217;ipotesi \u00e8 di almeno un triennio) che contemplino anche i\u00a0bond emessi da piccole e medie imprese (con ricavi compresi tra i 50 e i 250-300 milioni annui), con l&#8217;obiettivo di invogliare le famiglie a partecipare agli strumenti di finanziamento\u00a0delle pmi<\/strong><\/span>.<\/p>\n<p><a href=\"https:\/\/blog.ilgiornale.it\/wallandstreet\/files\/2016\/08\/20160630-Minibond-e1470583766252.jpg\"><img loading=\"lazy\" class=\"aligncenter size-full wp-image-7360\" src=\"https:\/\/blog.ilgiornale.it\/wallandstreet\/files\/2016\/08\/20160630-Minibond-e1470583766252.jpg\" alt=\"20160630 - Minibond\" width=\"550\" height=\"349\" \/><\/a><\/p>\n<p>Come si pu\u00f2 vedere dal grafico sopra, alla fine del primo semestre le emissioni obbligazionarie di taglio inferiore a 50 milioni (i classici minibond), pur numerose (151), hanno determinato una raccolta inferiore agli 1,4 miliardi di euro. <span style=\"text-decoration: underline\"><strong>Il 72% degli emittenti ha un fatturato inferiore ai 50 milioni di euro, mentre il complesso di queste emissioni \u00e8 caratterizzato da un taglio medio di 9,1 milioni, scadenza a 5,7 anni e un&#8217;interessante del 5,4% in media, segno che il rischio no \u00e8 bassissimo (solo il 19% presenta garanzie ed \u00e8 dotato di rating)<\/strong><\/span>.<\/p>\n<p><a href=\"https:\/\/blog.ilgiornale.it\/wallandstreet\/files\/2016\/08\/Parmigiano.jpg\"><img loading=\"lazy\" class=\"alignleft size-medium wp-image-7361\" src=\"https:\/\/blog.ilgiornale.it\/wallandstreet\/files\/2016\/08\/Parmigiano-300x187.jpg\" alt=\"Parmigiano\" width=\"300\" height=\"187\" srcset=\"https:\/\/blog.ilgiornale.it\/wallandstreet\/files\/2016\/08\/Parmigiano-300x187.jpg 300w, https:\/\/blog.ilgiornale.it\/wallandstreet\/files\/2016\/08\/Parmigiano.jpg 600w\" sizes=\"(max-width: 300px) 100vw, 300px\" \/><\/a>\u00c8 un mercato, comunque, in espansione anche se il 2016 ha un po&#8217; risentito del rallentamento della crescita economica.\u00a0Il canale bancario sta infatti\u00a0stringendo i cordoni della borsa nei confronti delle aziende che cercano pertanto di accedere al mercato dei capitali con questa metodologia alternativa. Dunque non \u00e8 poi peregrino ipotizzare un futuro nel quale la signora Maria possa investire sui <strong>minibond<\/strong> del <strong>Parmigiano Reggiano<\/strong> o del <strong>pomodoro di Pachino<\/strong>. \u00abStando alle dichiarazioni di Padoan,\u00a0che ha citato\u00a0un\u2019analisi condotta dal ministero dell&#8217;Economia,\u00a0<span style=\"text-decoration: underline\"><strong>ammonterebbe a circa 10 miliardi per ogni anno il risparmio privato che le imprese potranno\u00a0intercettare proprio grazie a questo provvedimento<\/strong><\/span>\u00bb, spiega <strong>Davide Capra<\/strong> di <strong>Fondazione 2015<\/strong>\u00a0aggiungendo che \u00abil contenuto pi\u00f9 rilevante del decreto legge \u00e8 proprio l\u2019esenzione fiscale sull\u2019investimento che\u00a0il privato sostiene attraverso strumenti di risparmio a lungo termine aventi come finalit\u00e0 il\u00a0finanziamento all\u2019economia reale\u00bb.\u00a0Insomma, conclude Capra, \u00abincentivare gli investimenti a lungo termine nelle\u00a0pmi\u00a0che hanno notevole bisogno di nuovo capitale per poter investire in ricerca e sviluppo\u00bb \u00e8 <span style=\"text-decoration: underline\"><strong>una strategia \u00abin linea con\u00a0le agevolazioni riservate\u00a0a startup e pmi innovative<\/strong><\/span>, rinnovate a febbraio anche per il 2016\u00bb.\u00a0Gli imprenditori ora devono culturalmente prepararsi al mondo che cambia e che sar\u00e0 fatto sempre meno di rapporti interpersonali con il direttore della propria banca.<\/p>\n<p><strong>Wall &amp; Street<\/strong><\/p>\n","protected":false},"excerpt":{"rendered":"<p><p>La legge di Bilancio (nuovo nome della Stabilit\u00e0; ndr) dell&#8217;anno prossimo potrebbe essere meno espansiva del previsto. Come vi abbiamo spiegato oggi sul Giornale, il deterioramento del quadro macroeconomico drener\u00e0 le risorse disponibili se la Commissione Ue non conceder\u00e0 nuova flessibilit\u00e0. Ecco perch\u00e9 il governo, nella persona del ministro dell&#8217;Economia Pier Carlo Padoan, sta pensando di anticipare al Consiglio dei ministri del prossimo 25 agosto il decreto Competitivit\u00e0, annunciato dal governo, e inserito nel Def, per fine maggio e finora mai varato. Tra le novit\u00e0, la principale dovrebbe essere lo sconto sulla tassazione del\u00a0capital gain (attualmente al 26%) per i [&hellip;]<\/p>\n&nbsp;&nbsp;<div class=\"readmore\"><a href=\"https:\/\/blog.ilgiornale.it\/wallandstreet\/2016\/08\/07\/siamo-tutti-venture-capitalist\/\">Continua a leggere...<\/a><\/div><\/p>","protected":false},"author":1006,"featured_media":0,"comment_status":"open","ping_status":"closed","sticky":false,"template":"","format":"standard","meta":[],"categories":[31506],"tags":[7663,18818,31457,22920,193224,43502,204,31398,193225,7181,27111,193223,193222,22823,53688,736,16903,22785,27106,102],"_links":{"self":[{"href":"https:\/\/blog.ilgiornale.it\/wallandstreet\/wp-json\/wp\/v2\/posts\/7356"}],"collection":[{"href":"https:\/\/blog.ilgiornale.it\/wallandstreet\/wp-json\/wp\/v2\/posts"}],"about":[{"href":"https:\/\/blog.ilgiornale.it\/wallandstreet\/wp-json\/wp\/v2\/types\/post"}],"author":[{"embeddable":true,"href":"https:\/\/blog.ilgiornale.it\/wallandstreet\/wp-json\/wp\/v2\/users\/1006"}],"replies":[{"embeddable":true,"href":"https:\/\/blog.ilgiornale.it\/wallandstreet\/wp-json\/wp\/v2\/comments?post=7356"}],"version-history":[{"count":3,"href":"https:\/\/blog.ilgiornale.it\/wallandstreet\/wp-json\/wp\/v2\/posts\/7356\/revisions"}],"predecessor-version":[{"id":7420,"href":"https:\/\/blog.ilgiornale.it\/wallandstreet\/wp-json\/wp\/v2\/posts\/7356\/revisions\/7420"}],"wp:attachment":[{"href":"https:\/\/blog.ilgiornale.it\/wallandstreet\/wp-json\/wp\/v2\/media?parent=7356"}],"wp:term":[{"taxonomy":"category","embeddable":true,"href":"https:\/\/blog.ilgiornale.it\/wallandstreet\/wp-json\/wp\/v2\/categories?post=7356"},{"taxonomy":"post_tag","embeddable":true,"href":"https:\/\/blog.ilgiornale.it\/wallandstreet\/wp-json\/wp\/v2\/tags?post=7356"}],"curies":[{"name":"wp","href":"https:\/\/api.w.org\/{rel}","templated":true}]}}