{"id":7611,"date":"2016-12-26T23:27:33","date_gmt":"2016-12-26T23:27:33","guid":{"rendered":"https:\/\/blog.ilgiornale.it\/wallandstreet\/?p=7611"},"modified":"2017-02-16T16:19:22","modified_gmt":"2017-02-16T16:19:22","slug":"in-guerra-per-siena","status":"publish","type":"post","link":"https:\/\/blog.ilgiornale.it\/wallandstreet\/2016\/12\/26\/in-guerra-per-siena\/","title":{"rendered":"In guerra per Siena"},"content":{"rendered":"<p><a href=\"https:\/\/blog.ilgiornale.it\/wallandstreet\/files\/2014\/08\/Rocca-Salimbeni-01-e1482794819412.jpg\"><img loading=\"lazy\" class=\"aligncenter size-medium wp-image-5649\" src=\"https:\/\/blog.ilgiornale.it\/wallandstreet\/files\/2014\/08\/Rocca-Salimbeni-01-280x300.jpg\" alt=\"++ MPS: BANKITALIA, TAR NON SOSPENDE PROCEDURA MONTI BOND ++\" width=\"280\" height=\"300\" \/><\/a><\/p>\n<p>La richiesta formulata dalla Vigilanza europea, il <b>Single Stability Mechanism<\/b>, al <b>Tesoro<\/b> (innalzare la ricapitalizzazione di <b>Mps<\/b> da 5 a 8,8 miliardi di euro dei quali 2,5 dalla conversione di <b>obbligazioni subordinate<\/b>) porta con s\u00e9 un non detto: se vuole salvare le proprie banche, l&#8217;Italia farebbe meglio a rivolgersi al Fondo salva-Stati <b>Esm<\/b>.<\/p>\n<p>I 20 miliardi stanziati dal decreto varato di recente dal <b>governo Gentiloni<\/b> potrebbero risultare insufficienti se la procedura penalizzante seguita per Siena (e adottata in passato per le banche greche) con l&#8217;innalzamento all&#8217;8% del Cet1 minimo richiesto fosse seguita anche per altre banche. Dotare il Fondo salvabanche di nuove risorse potrebbe comportare l&#8217;imposizione di condizioni capestro da parte di Bruxelles. Da l\u00ec alla <b>Troika<\/b>, in genere, il passo \u00e8 breve. Ecco perch\u00e9 la battaglia per Siena \u00e8 anche una battaglia per la sopravvivenza della nazione.<\/p>\n<p><b>Wall &amp; Street<\/b><\/p>\n","protected":false},"excerpt":{"rendered":"<p><p>La richiesta formulata dalla Vigilanza europea, il Single Stability Mechanism, al Tesoro (innalzare la ricapitalizzazione di Mps da 5 a 8,8 miliardi di euro dei quali 2,5 dalla conversione di obbligazioni subordinate) porta con s\u00e9 un non detto: se vuole salvare le proprie banche, l&#8217;Italia farebbe meglio a rivolgersi al Fondo salva-Stati Esm. I 20 miliardi stanziati dal decreto varato di recente dal governo Gentiloni potrebbero risultare insufficienti se la procedura penalizzante seguita per Siena (e adottata in passato per le banche greche) con l&#8217;innalzamento all&#8217;8% del Cet1 minimo richiesto fosse seguita anche per altre banche. Dotare il Fondo salvabanche [&hellip;]<\/p>\n&nbsp;&nbsp;<div class=\"readmore\"><a href=\"https:\/\/blog.ilgiornale.it\/wallandstreet\/2016\/12\/26\/in-guerra-per-siena\/\">Continua a leggere...<\/a><\/div><\/p>","protected":false},"author":1006,"featured_media":0,"comment_status":"open","ping_status":"closed","sticky":false,"template":"","format":"standard","meta":[],"categories":[60],"tags":[],"_links":{"self":[{"href":"https:\/\/blog.ilgiornale.it\/wallandstreet\/wp-json\/wp\/v2\/posts\/7611"}],"collection":[{"href":"https:\/\/blog.ilgiornale.it\/wallandstreet\/wp-json\/wp\/v2\/posts"}],"about":[{"href":"https:\/\/blog.ilgiornale.it\/wallandstreet\/wp-json\/wp\/v2\/types\/post"}],"author":[{"embeddable":true,"href":"https:\/\/blog.ilgiornale.it\/wallandstreet\/wp-json\/wp\/v2\/users\/1006"}],"replies":[{"embeddable":true,"href":"https:\/\/blog.ilgiornale.it\/wallandstreet\/wp-json\/wp\/v2\/comments?post=7611"}],"version-history":[{"count":1,"href":"https:\/\/blog.ilgiornale.it\/wallandstreet\/wp-json\/wp\/v2\/posts\/7611\/revisions"}],"predecessor-version":[{"id":7613,"href":"https:\/\/blog.ilgiornale.it\/wallandstreet\/wp-json\/wp\/v2\/posts\/7611\/revisions\/7613"}],"wp:attachment":[{"href":"https:\/\/blog.ilgiornale.it\/wallandstreet\/wp-json\/wp\/v2\/media?parent=7611"}],"wp:term":[{"taxonomy":"category","embeddable":true,"href":"https:\/\/blog.ilgiornale.it\/wallandstreet\/wp-json\/wp\/v2\/categories?post=7611"},{"taxonomy":"post_tag","embeddable":true,"href":"https:\/\/blog.ilgiornale.it\/wallandstreet\/wp-json\/wp\/v2\/tags?post=7611"}],"curies":[{"name":"wp","href":"https:\/\/api.w.org\/{rel}","templated":true}]}}