{"id":7675,"date":"2017-02-21T20:31:43","date_gmt":"2017-02-21T20:31:43","guid":{"rendered":"https:\/\/blog.ilgiornale.it\/wallandstreet\/?p=7675"},"modified":"2017-02-21T20:31:43","modified_gmt":"2017-02-21T20:31:43","slug":"tito-manager-intristito","status":"publish","type":"post","link":"https:\/\/blog.ilgiornale.it\/wallandstreet\/2017\/02\/21\/tito-manager-intristito\/","title":{"rendered":"Tito, manager intristito"},"content":{"rendered":"<p><a href=\"https:\/\/blog.ilgiornale.it\/wallandstreet\/files\/2017\/02\/Tito-Boeri-03-La-Presse-e1487706380230.jpg\"><img loading=\"lazy\" class=\"aligncenter size-full wp-image-7676\" src=\"https:\/\/blog.ilgiornale.it\/wallandstreet\/files\/2017\/02\/Tito-Boeri-03-La-Presse-e1487706380230.jpg\" alt=\"Tito Boeri 03 (La Presse)\" width=\"550\" height=\"282\" \/><\/a><\/p>\n<p><span style=\"text-decoration: underline\"><strong>Il Consiglio di Indirizzo e Vigilanza (Civ) dell\u2019Inps non ha approvato per la prima volta dalla sua istituzione il Bilancio preventivo per il 2017<\/strong><\/span>. La motivazione ufficiale \u00e8 \u00abla mancata attuazione degli indirizzi a suo tempo dati\u00bb per via di \u00abcarenze di risposte da parte dell\u2019Istituto su punti rilevanti (ad esempio <strong>crediti contributivi<\/strong>, <strong>patrimonio immobiliare<\/strong>) oggetto di osservazioni anche da parte del Collegio dei sindaci e del <strong>ministero del Lavoro<\/strong>\u00bb. E\u00a0proprio al dicastero guidato da <strong>Giuliano Poletti<\/strong>\u00a0ritorner\u00e0 la palla in quanto dovr\u00e0 farsi carico di concludere un iter che si \u00e8 bloccato. <span style=\"text-decoration: underline\"><strong>\u00abLa decisione del Civ non ha conseguenze sui cittadini che percepiscono la pensione\u00bb, ha subito rassicurato il ministro aggiungendo che \u00abnon c&#8217;\u00e8 alcun problema neanche sulla stabilit\u00e0 e sostenibilit\u00e0 del sistema previdenziale italiano\u00bb\u00a0per il quale dunque non sono necessari interventi<\/strong><\/span>.\u00a0<span style=\"text-decoration: underline\"><strong>Il ministero cercher\u00e0 di raccogliere tutte le informazioni necessarie, in collaborazione con il Tesoro\u00a0per approvare il rendiconto finanziario e patrimoniale<\/strong><\/span>.<\/p>\n<p>Non si tratta solo di numeri che, comunque, in breve affronteremo. \u00c8<span style=\"text-decoration: underline\"><strong> un vero e proprio attacco del sindacato che rappresenta la maggioranza nel Civ contro il presidente dell&#8217;Inps Tito Boeri accusato da quasi tutti i leader (in particolare Susanna Camusso della Cgil e Carmelo Barbagallo della Uil) di essere \u00abun uomo solo al comando\u00bb<\/strong><\/span>.\u00a0Il punto dirimente \u00e8 la riforma della governance dell&#8217;istituto: l&#8217;impostazione manageriale del bocconiano Boeri non piace a un sindacato conservatore che punta a condividerne (e a condizionarne le scelte). va anche detto che l&#8217;economista prestato alla gestione dell&#8217;istituto nazionale di previdenza \u00e8 stato spesso autore di fughe in avanti che pi\u00f9 di una volta hanno fatto imbufalire l&#8217;ex premier <strong>Matteo Renzi<\/strong> (soprattutto in materia di <strong>taglio delle pensioni<\/strong> pi\u00f9 elevate non coperte da contributi sufficienti per finanziare l&#8217;assicurazione contro la <strong>disoccupazione<\/strong>).<\/p>\n<p>E ora veniamo ai numeri.\u00a0 Secondo le cifre contenute nel bilancio preventivo, <span style=\"text-decoration: underline\"><strong>il risultato economico di esercizio dell&#8217;Inps per il 2017 \u00e8\u00a0atteso negativo per 6,1 miliardi e il disavanzo patrimoniale in rosso per 7,8 miliardi<\/strong><\/span>. In buona sostanza, <a href=\"https:\/\/www.ilgiornale.it\/news\/politica\/patrimonio-inps-rosso-lesecutivo-chiude-occhi-1364759.html\" target=\"_blank\"><span style=\"text-decoration: underline\"><strong>le contestazioni del Civ sono le stesse formulate dalla Corte dei Conti e ben spiegate da Itinerari previdenziali<\/strong><\/span><\/a>. L&#8217;Inps, per volont\u00e0 del suo presidente Boeri, ha subito replicato a quello che, dal suo punto di vista, pu\u00f2 considerarsi un attacco tanto politico quanto personale, ribadendo che <span style=\"text-decoration: underline\"><strong>le cause del disavanzo sono imputabili a tre differenti problematiche<\/strong><\/span>:<\/p>\n<ul>\n<li><span style=\"text-decoration: underline\"><strong>Lo squilibrio strutturale e il peso relativo di alcune gestioni previdenziali (in primis dipendenti pubblici, artigiani, agricoli autonomi)<\/strong><\/span> non sufficientemente controbilanciato dalle gestioni in attivo (parasubordinati e gestioni prestazioni temporanee lavoratori dipendenti). <span style=\"text-decoration: underline\"><strong>Uno sbilancio amplificato dalla natura a ripartizione del nostro sistema previdenziale<\/strong><\/span> e allo squilibrio crescente in alcune gestioni del rapporto tra lavoratori attivi e pensionati.<\/li>\n<li><span style=\"text-decoration: underline\"><strong>Costi non monetari per svalutazione dei crediti derivanti da una fisiologica asimmetria tra pagamenti e riscossioni<\/strong><\/span>: mentre le spese impegnate sono quasi integralmente pagate, le entrate accertate sono sistematicamente riscosse in parte, per effetto dell\u2019insolvenza dei contribuenti; ci\u00f2 genera oneri di svalutazione che incidono negativamente sul risultato economico e sul patrimonio dell\u2019istituto.<\/li>\n<li><span style=\"text-decoration: underline\"><strong>Lo storno a favore del Tesoro delle economie di spesa conseguite dell&#8217;Inps<\/strong><\/span> che negli ultimi anni ha comportato la restituzione a Via XX Settembre di oltre 4 miliardi.<\/li>\n<\/ul>\n<p><span style=\"text-decoration: underline\"><strong>Boeri ha sempre detto che della copertura di questo squilibrio si deve occupare lo Stato, che gi\u00e0 trasferisce pi\u00f9 di 100 miliardi all&#8217;anno alle casse dell&#8217;istituto, perch\u00e9 \u00ab<span style=\"color: #000000;text-decoration: underline\">le prestazioni sono garantite dallo Stato: di conseguenza, ci\u00f2 che conta non \u00e8\u00a0il bilancio dell&#8217;Inps, ma dello Stato<\/span>\u00bb<\/strong><\/span>. Prossimamente entreremo ancor pi\u00f9 nel dettaglio.<\/p>\n<p><strong>Wall &amp; Street<\/strong><\/p>\n","protected":false},"excerpt":{"rendered":"<p><p>Il Consiglio di Indirizzo e Vigilanza (Civ) dell\u2019Inps non ha approvato per la prima volta dalla sua istituzione il Bilancio preventivo per il 2017. La motivazione ufficiale \u00e8 \u00abla mancata attuazione degli indirizzi a suo tempo dati\u00bb per via di \u00abcarenze di risposte da parte dell\u2019Istituto su punti rilevanti (ad esempio crediti contributivi, patrimonio immobiliare) oggetto di osservazioni anche da parte del Collegio dei sindaci e del ministero del Lavoro\u00bb. E\u00a0proprio al dicastero guidato da Giuliano Poletti\u00a0ritorner\u00e0 la palla in quanto dovr\u00e0 farsi carico di concludere un iter che si \u00e8 bloccato. \u00abLa decisione del Civ non ha conseguenze sui [&hellip;]<\/p>\n&nbsp;&nbsp;<div class=\"readmore\"><a href=\"https:\/\/blog.ilgiornale.it\/wallandstreet\/2017\/02\/21\/tito-manager-intristito\/\">Continua a leggere...<\/a><\/div><\/p>","protected":false},"author":1006,"featured_media":0,"comment_status":"open","ping_status":"closed","sticky":false,"template":"","format":"standard","meta":[],"categories":[26],"tags":[37773,231646,60349,5705,8180,231647,7198,231649,13277,79,7190,5442,5709,345,231650,23366,5451,156,40123,6768,49748],"_links":{"self":[{"href":"https:\/\/blog.ilgiornale.it\/wallandstreet\/wp-json\/wp\/v2\/posts\/7675"}],"collection":[{"href":"https:\/\/blog.ilgiornale.it\/wallandstreet\/wp-json\/wp\/v2\/posts"}],"about":[{"href":"https:\/\/blog.ilgiornale.it\/wallandstreet\/wp-json\/wp\/v2\/types\/post"}],"author":[{"embeddable":true,"href":"https:\/\/blog.ilgiornale.it\/wallandstreet\/wp-json\/wp\/v2\/users\/1006"}],"replies":[{"embeddable":true,"href":"https:\/\/blog.ilgiornale.it\/wallandstreet\/wp-json\/wp\/v2\/comments?post=7675"}],"version-history":[{"count":1,"href":"https:\/\/blog.ilgiornale.it\/wallandstreet\/wp-json\/wp\/v2\/posts\/7675\/revisions"}],"predecessor-version":[{"id":7677,"href":"https:\/\/blog.ilgiornale.it\/wallandstreet\/wp-json\/wp\/v2\/posts\/7675\/revisions\/7677"}],"wp:attachment":[{"href":"https:\/\/blog.ilgiornale.it\/wallandstreet\/wp-json\/wp\/v2\/media?parent=7675"}],"wp:term":[{"taxonomy":"category","embeddable":true,"href":"https:\/\/blog.ilgiornale.it\/wallandstreet\/wp-json\/wp\/v2\/categories?post=7675"},{"taxonomy":"post_tag","embeddable":true,"href":"https:\/\/blog.ilgiornale.it\/wallandstreet\/wp-json\/wp\/v2\/tags?post=7675"}],"curies":[{"name":"wp","href":"https:\/\/api.w.org\/{rel}","templated":true}]}}