{"id":7868,"date":"2017-07-22T09:42:06","date_gmt":"2017-07-22T09:42:06","guid":{"rendered":"https:\/\/blog.ilgiornale.it\/wallandstreet\/?p=7868"},"modified":"2017-07-22T09:42:06","modified_gmt":"2017-07-22T09:42:06","slug":"intesa-e-basta","status":"publish","type":"post","link":"https:\/\/blog.ilgiornale.it\/wallandstreet\/2017\/07\/22\/intesa-e-basta\/","title":{"rendered":"Intesa. E basta!"},"content":{"rendered":"<p><a href=\"https:\/\/blog.ilgiornale.it\/wallandstreet\/files\/2017\/07\/Messina-e1500216243759.jpg\"><img loading=\"lazy\" class=\"aligncenter size-full wp-image-7873\" src=\"https:\/\/blog.ilgiornale.it\/wallandstreet\/files\/2017\/07\/Messina-e1500216243759.jpg\" alt=\"Messina\" width=\"550\" height=\"310\" \/><\/a><\/p>\n<p>Dopo l&#8217;ok della Camera della scorsa settimana, <a href=\"http:\/\/mattinopadova.gelocal.it\/focus\/2017\/07\/20\/news\/decreto-banche-venete-ok-del-senato-a-presupposti-costituzionalita-1.15636222\" target=\"_blank\"><span style=\"text-decoration: underline\"><strong>la commissione Finanze del Senato ha respinto le pregiudiziali di costituzionalit\u00e0 del decreto per il salvataggio di Popolare Vicenza e Veneto Banca<\/strong><\/span><\/a>, che dal 26 giugno scorso sono diventate una costola di <strong>Intesa Sanpaolo<\/strong> guidata dal Ceo <strong>Carlo Messina<\/strong> (<em>nella foto sopra<\/em>). Nonostante sia passato quasi un mese molti si interrogano sull&#8217;opportunit\u00e0 dell&#8217;intervento pubblico. A questo proposito marted\u00ec scorso il ministro dell&#8217;Economia, <strong>Pier Carlo Padoan<\/strong>, ha ribadito quale sarebbe stato <span style=\"text-decoration: underline\"><strong>l&#8217;effetto della liquidazione atomistica delle banche venete: \u00abuna stretta creditizia da 22 miliardi con impatto su 55mila imprese e conseguenti ricadute occupazionali\u00bb, inoltre \u00abentro 7 giorni il sistema bancario avrebbe dovuto mettere a disposizione 13 miliardi per i depositi da rimborsare\u00bb<\/strong><\/span>.<\/p>\n<p>Ne\u00a0\u00e8 convinto anche l&#8217;esperto di diritto dei mercati finanziari, <strong>Fabio Accinelli<\/strong>. \u00ab<span style=\"text-decoration: underline\"><strong>Intesa Sanpaolo\u00a0&#8211; spiega &#8211; \u00e8 stata la migliore soluzione possibile soprattutto perch\u00e9 mette in sicurezza posti di lavoro salvaguardando, altres\u00ec, i risparmi di famiglie ed imprese<\/strong><\/span>\u00bb. A\u00a0livello sia giuridico che economico, sottolinea, \u00ab\u00e8 un tipo di operazione completamente nuova per il nostro Paese, tanto che una volta posto in essere un iter giuridico definitivo, potr\u00e0 fare da linea guida operativa anche per gruppi bancari in altri contesti europei\u00a0poich\u00e9 non siamo di fronte n\u00e9 ad una cessione di ramo di azienda n\u00e9 ad una fusione n\u00e9 ad una acquisizione strettamente tecnica, bens\u00ec <span style=\"text-decoration: underline\"><strong>il decreto legge ha consentito a due banche in default di poter essere rilevate da un grande gruppo industriale<\/strong><\/span>\u00bb.<\/p>\n<p><a href=\"http:\/\/www.camera.it\/_dati\/leg17\/lavori\/stampati\/pdf\/17PDL0053070.pdf\" target=\"_blank\"><span style=\"text-decoration: underline\"><strong>La relazione tecnica del decreto ha stimato in 11,6 miliardi di euro gli incassi attivi posti dalla gestione dei crediti in sofferenza<\/strong><\/span><\/a>. Tale evidenza economica permetterebbe, di fatto, di chiudere la liquidazione con un saldo positivo di un miliardo, rimborsando cos\u00ec sia il prestito da 5,3 miliardi di Intesa alla bad bank sia i 5,2 miliardi assegnati dallo Stato ad Intesa per la good bank. In buona sostanza, questo significa che <span style=\"text-decoration: underline\"><strong>lo Stato diventa &#8211; tramite decreto &#8211; creditore privilegiato della procedura di liquidazione coatta amministrativa<\/strong><\/span>. Occorre inoltre ricordare che <span style=\"text-decoration: underline\"><strong>le due banche venete sono state sottoposte a burden sharing<\/strong><\/span> con l&#8217;azzeramento di azionisti (<strong>Fondo Atlante<\/strong>, ma anche i vecchi soci delle Popolari per i quali era stata\u00a0avviata una procedura di conciliazione per consentire loro di recuperare parte del valore delle vecchie azioni di fatto azzerate) e obbligazionisti subordinati. Questi ultimi saranno rimborsati secondo le stesse modalit\u00e0 che si seguirono per le quattro banche risolte a fine 2015 (scadenza per le domande 30 settembre), mentre <a href=\"https:\/\/www.altroconsumo.it\/soldi\/conti-correnti\/news\/banca-popolare-vicenza-veneto-banca\" target=\"_blank\"><strong>agli azionisti non rester\u00e0 che insinuarsi al passivo inviando apposita istanza ai commissari liquidatori a mezzo raccomandata con ricevuta di ritorno entro il 24 agosto<\/strong><\/a>.<\/p>\n<p><a href=\"https:\/\/blog.ilgiornale.it\/wallandstreet\/files\/2017\/07\/Zonin-02-e1500676691294.jpg\"><img loading=\"lazy\" class=\"aligncenter size-full wp-image-7877\" src=\"https:\/\/blog.ilgiornale.it\/wallandstreet\/files\/2017\/07\/Zonin-02-e1500676691294.jpg\" alt=\"Zonin 02\" width=\"550\" height=\"224\" \/><\/a><\/p>\n<p>Come sottolineato dalla Banca d&#8217;Italia, \u00ab<span style=\"text-decoration: underline\"><strong>le liquidazioni non disporranno con tutta probabilit\u00e0 di risorse sufficienti a soddisfare le pretese di azionisti e creditori subordinati<\/strong><\/span>\u00bb. Ecco perch\u00e9 l&#8217;avvocato padovano <strong>Paolo Emilio Quaggetto<\/strong> ha invitato \u00abgli azionisti anche a guardare altrove dato che <span style=\"text-decoration: underline\"><strong>la strategia\u00a0difensiva non pu\u00f2 prescindere dalla garanzia patrimoniale dei soggetti responsabili, che\u00a0ci sono e vanno individuati<\/strong><\/span>: tutto ci\u00f2 a prescindere da eventuali future soluzioni\u00a0concordatarie la cui opzione riguarda per\u00f2 la politica dato l\u2019ineluttabile, anche in tale\u00a0ipotesi, ulteriore intervento statale\u00bb. Insomma, a prescindere dal fatto che il governo possa decidere di soddisfare in qualche misura anche i vecchi soci, <span style=\"text-decoration: underline\"><strong>la speranza \u00e8 che i commissari liquidatori si rivalgano sulle disastrose gestioni di Gianni Zonin (<em>nella foto sopra<\/em>) e Vincenzo Consoli<\/strong><\/span>. Chi invece non rivedr\u00e0 un euro \u00e8 <span style=\"text-decoration: underline\"><strong>il Fondo Atlante<\/strong><\/span> che <span style=\"text-decoration: underline\"><strong>ha bruciato i 3,5 miliardi investiti nella ricapitalizzazione delle due banche e <a href=\"http:\/\/www.repubblica.it\/economia\/2017\/07\/20\/news\/quaestio_svaluta_atlante_dell_80_e_propone_la_liquidazione_del_fondo_i_socio_di_vicenza_e_veneto_banca-171254881\/\" target=\"_blank\">si avvia alla liquidazione da parte del gestore Quaestio<\/a><\/strong><\/span>, confermando <a title=\"Sbancato il Fondo per le banche\" href=\"https:\/\/blog.ilgiornale.it\/wallandstreet\/2017\/02\/17\/sbancato-il-fondo-per-le-banche\/\">i dubbi che avevamo espresso sin dalla sua nascita<\/a>.<\/p>\n<p>Ricordiamo, infine, quali sono <span style=\"text-decoration: underline\"><strong>gli asset rilevati da Intesa<\/strong><\/span>:<\/p>\n<ul>\n<li>Crediti in bonis per circa 26,1 miliardi di euro<\/li>\n<li>Attivit\u00e0 finanziarie per circa 8,9 miliardi di euro<\/li>\n<li>Attivit\u00e0 fiscali per circa 1,9 miliardi di euro<\/li>\n<li>Debiti verso clientela per circa 25,8 miliardi euro<\/li>\n<li>Obbligazioni senior per circa 11,8 miliardi di euro,<\/li>\n<li>Raccolta indiretta per circa 23 miliardi di euro<\/li>\n<li>Circa 9.960 dipendenti\u00a0in Italia e circa 880 all\u2019estero.<\/li>\n<\/ul>\n<p><a href=\"https:\/\/blog.ilgiornale.it\/wallandstreet\/files\/2016\/08\/lodesani-593x443.jpg\"><img loading=\"lazy\" class=\"alignleft size-medium wp-image-7487\" src=\"https:\/\/blog.ilgiornale.it\/wallandstreet\/files\/2016\/08\/lodesani-593x443-300x224.jpg\" alt=\"lodesani-593x443\" width=\"300\" height=\"224\" srcset=\"https:\/\/blog.ilgiornale.it\/wallandstreet\/files\/2016\/08\/lodesani-593x443-300x224.jpg 300w, https:\/\/blog.ilgiornale.it\/wallandstreet\/files\/2016\/08\/lodesani-593x443.jpg 593w\" sizes=\"(max-width: 300px) 100vw, 300px\" \/><\/a>Contestualmente al passaggio a Ca&#8217; de Sass \u00e8 partita anche la trattativa tra il Chief Operation Officer di Intesa, <strong>Eliano Omar Lodesani<\/strong>\u00a0(<em>nella foto a sinistra<\/em>), e i sindacati (dove \u00e8 sempre in posizione preminente la <strong>Fabi<\/strong> guidata da <strong>Lando Maria Sileoni<\/strong>). L&#8217;accordo \u00e8 stato raggiunto alla fine della scorsa settimana e prevede \u00ab<span style=\"text-decoration: underline\"><strong>la riduzione degli organici di circa 4mila unit\u00e0 su base volontaria<\/strong><\/span>\u00bb tramite\u00a0il ricorso alle prestazioni straordinarie del <strong>Fondo esuberi<\/strong>. Le prime mille\u00a0uscite inizieranno a\u00a0ottobre e\u00a0si concluderanno a dicembre.\u00a0Dopo la verifica sulle adesioni prevista a fine settembre e la definizione delle modalit\u00e0 per le uscite delle\u00a0ulteriori 3mila persone, ha reso noto Intesa Sanpaolo, \u00abil percorso proseguir\u00e0 per individuare le altre misure quali il ricorso alla\u00a0mobilit\u00e0 territoriale e iniziative di formazione per la riconversione\/riqualificazione delle professionalit\u00e0\u00bb. <span style=\"text-decoration: underline\"><strong>Saranno ridotte a 300\u00a0le circa 900 filiali facenti parti del perimetro delle due banche e saranno integrati\u00a0i sistemi informativi\u00a0e di gestione dei rischi<\/strong><\/span>. Secondo Accinelli, per raggiungere le economie di scala previste \u00e8\u00a0possibile considerare nel processo anche i dipendenti di Intesa\u00a0\u00above la platea di lavoratori prepensionabili \u00e8 molto pi\u00f9 ampia e coloro che hanno i requisiti giuridici, attraverso il fondo di solidariet\u00e0 a 7 anni, sono oltre 8mila stante un percorso condiviso che permetter\u00e0 di gestire anche il riposizionamento strutturale e competitivo dell\u2019intera rete commerciale\u00bb.<\/p>\n<p><strong>Wall &amp; Street<\/strong><\/p>\n","protected":false},"excerpt":{"rendered":"<p><p>Dopo l&#8217;ok della Camera della scorsa settimana, la commissione Finanze del Senato ha respinto le pregiudiziali di costituzionalit\u00e0 del decreto per il salvataggio di Popolare Vicenza e Veneto Banca, che dal 26 giugno scorso sono diventate una costola di Intesa Sanpaolo guidata dal Ceo Carlo Messina (nella foto sopra). Nonostante sia passato quasi un mese molti si interrogano sull&#8217;opportunit\u00e0 dell&#8217;intervento pubblico. A questo proposito marted\u00ec scorso il ministro dell&#8217;Economia, Pier Carlo Padoan, ha ribadito quale sarebbe stato l&#8217;effetto della liquidazione atomistica delle banche venete: \u00abuna stretta creditizia da 22 miliardi con impatto su 55mila imprese e conseguenti ricadute occupazionali\u00bb, inoltre [&hellip;]<\/p>\n&nbsp;&nbsp;<div class=\"readmore\"><a href=\"https:\/\/blog.ilgiornale.it\/wallandstreet\/2017\/07\/22\/intesa-e-basta\/\">Continua a leggere...<\/a><\/div><\/p>","protected":false},"author":1006,"featured_media":0,"comment_status":"open","ping_status":"closed","sticky":false,"template":"","format":"standard","meta":[],"categories":[60],"tags":[22822,22868,31475,7663,778,231631,49732,6931,254686,22984,22703,231663,121789,31476,254691,15646,254690,22705,168,254688,254687,108295,254692,53688,254689,27441,50133],"_links":{"self":[{"href":"https:\/\/blog.ilgiornale.it\/wallandstreet\/wp-json\/wp\/v2\/posts\/7868"}],"collection":[{"href":"https:\/\/blog.ilgiornale.it\/wallandstreet\/wp-json\/wp\/v2\/posts"}],"about":[{"href":"https:\/\/blog.ilgiornale.it\/wallandstreet\/wp-json\/wp\/v2\/types\/post"}],"author":[{"embeddable":true,"href":"https:\/\/blog.ilgiornale.it\/wallandstreet\/wp-json\/wp\/v2\/users\/1006"}],"replies":[{"embeddable":true,"href":"https:\/\/blog.ilgiornale.it\/wallandstreet\/wp-json\/wp\/v2\/comments?post=7868"}],"version-history":[{"count":5,"href":"https:\/\/blog.ilgiornale.it\/wallandstreet\/wp-json\/wp\/v2\/posts\/7868\/revisions"}],"predecessor-version":[{"id":7879,"href":"https:\/\/blog.ilgiornale.it\/wallandstreet\/wp-json\/wp\/v2\/posts\/7868\/revisions\/7879"}],"wp:attachment":[{"href":"https:\/\/blog.ilgiornale.it\/wallandstreet\/wp-json\/wp\/v2\/media?parent=7868"}],"wp:term":[{"taxonomy":"category","embeddable":true,"href":"https:\/\/blog.ilgiornale.it\/wallandstreet\/wp-json\/wp\/v2\/categories?post=7868"},{"taxonomy":"post_tag","embeddable":true,"href":"https:\/\/blog.ilgiornale.it\/wallandstreet\/wp-json\/wp\/v2\/tags?post=7868"}],"curies":[{"name":"wp","href":"https:\/\/api.w.org\/{rel}","templated":true}]}}