{"id":7972,"date":"2017-11-15T16:28:39","date_gmt":"2017-11-15T16:28:39","guid":{"rendered":"https:\/\/blog.ilgiornale.it\/wallandstreet\/?p=7972"},"modified":"2017-11-15T16:52:45","modified_gmt":"2017-11-15T16:52:45","slug":"il-calcio-nella-terra-dei-cachi","status":"publish","type":"post","link":"https:\/\/blog.ilgiornale.it\/wallandstreet\/2017\/11\/15\/il-calcio-nella-terra-dei-cachi\/","title":{"rendered":"Il calcio nella Terra dei Cachi"},"content":{"rendered":"<p><a href=\"https:\/\/blog.ilgiornale.it\/wallandstreet\/files\/2017\/11\/Buffon-01-e1510759928217.jpg\"><img loading=\"lazy\" class=\"aligncenter size-full wp-image-7981\" src=\"https:\/\/blog.ilgiornale.it\/wallandstreet\/files\/2017\/11\/Buffon-01-e1510759928217.jpg\" alt=\"Buffon 01\" width=\"550\" height=\"310\" \/><\/a><\/p>\n<p>L&#8217;Italia \u00e8 preda dello psicodramma, quasi non si parla (e non ci si infuria) per altro, se non per l&#8217;avvenuta (e meritata per ammissione dei giocatori stessi) esclusione dai prossimi <strong>Mondiali<\/strong>. Sembra che il Paese orbo del pallone e spogliato della maglia azzurra non abbia occhi per trovare la strada n\u00e9 vestiti per evitare i geloni dell&#8217;inverno.<\/p>\n<p>Lo sport nazionale di improvvisarsi commissari tecnici \u00e8 tornato di gran moda nei bar (e non solo), la priorit\u00e0 \u00e8 ora vedere detronizzare questo o quello della Federazione e innalzare quest&#8217;altro come fosse una sorta di oracolo, di <strong>Warren Buffett<\/strong> o meglio di Cincinnato cui affidare le sorti (e l&#8217;orgoglio) non (come sarebbe logico) della Nazionale dello sport prevalente della nostro Paese ma dell&#8217;intera nazione (termine qui da intendersi nella sua accezione Ottocentesco di un Paese \u00ab<em>uno di lingue, di cuore e di altar<\/em> (sportivo ndr)\u00bb.<\/p>\n<p>Si obietter\u00e0 che il <strong>calcio<\/strong> \u00e8 verace passione, che il tifo \u00e8 l&#8217;oppio che il popolo &#8220;aspira&#8221; per consolarsi dei propri malanni, delle proprie difficolt\u00e0, economiche, sociali, familiari, professionali. Questo \u00e8 certamente vero ma forse basterebbe dire che malgrado la nostra civilt\u00e0 abbia sulle spalle due millenni in pi\u00f9 poco \u00e8 cambiato dalla politica del <em>panem et circenses<\/em> di Vespasiano a Tito nella Roma del Colosseo (era il primo secolo dopo Cristo). Perch\u00e9 gli italiani pi\u00f9 si dolgono (e si indignano) degli errori di <strong>Gian Piero Ventura<\/strong>, pi\u00f9 condividono le lacrime di <strong>Gigi Buffon<\/strong> a fine carriera, rispetto a quanto si siano interrogati e hanno protestato per crac della portata di <strong>Cirio<\/strong> e <strong>Parmalat<\/strong>, per i miliardi sborsati direttamente o indirettamente dallo Stato per evitare il <strong>bail-in<\/strong> prima di <strong>Banca Etruria<\/strong> &amp; C. poi di <strong>Monte Paschi<\/strong>, <strong>Veneto Banca<\/strong>, <strong>Popolare Vicenza<\/strong>. Denaro, giova ricordarlo, sborsato dagli stessi contribuenti che ora piangono per la cosiddetta catastrofe, l&#8217;apocalisse degli undici Azzurri al Meazza.<\/p>\n<p><a href=\"https:\/\/blog.ilgiornale.it\/wallandstreet\/files\/2017\/11\/Lavoro-04-e1510761820141.jpg\"><img loading=\"lazy\" class=\"aligncenter size-full wp-image-7982\" src=\"https:\/\/blog.ilgiornale.it\/wallandstreet\/files\/2017\/11\/Lavoro-04-e1510761820141.jpg\" alt=\"Lavoro 04\" width=\"550\" height=\"397\" \/><\/a><\/p>\n<p>E&#8217; il denaro degli stessi italiani alle prese con una <strong>disoccupazione giovanile al 35%<\/strong> e che vedono la loro pensione ormai proiettata allo soglia dei 70 anni, a causa di un Paese dove la ripresina economica \u00e8 solo una fioca fiammella e dove gli investimenti delle multinazionali cadono con il contagocce. <a href=\"https:\/\/www.ilgiornale.it\/news\/politica\/conti-i-richiami-ue-spengono-leffetto-ripresa-1463399.html\" target=\"_blank\">Dopo la letteraccia minacciata dalla Unione Europea sulla legge di Bilancio del governo Gentiloni<\/a>, l&#8217;ultima a ribadire che c&#8217;\u00e8 poco da stare allegri, \u00e8 stata <strong>Standard &amp; Poor&#8217;s<\/strong>: l\u2019economia dell\u2019Italia \u00ab\u00e8 in ripresa dopo sei anni di stagnazione ma la strada per il recupero potrebbe essere ancora lunga\u00bb.<\/p>\n<p>Si dir\u00e0 che proprio perch\u00e8 questa \u00e8 la situazione del nostro Paese e il governo non \u00e8 in grado di proporre alcuna soluzione credibile, meglio chiudere gli occhi e vestirsi tutti con la tuta da commissario tecnico della Nazionale. Tanto peggio che con Ventura, l&#8217;Italia del calcio non pu\u00f2 fare.<\/p>\n<p><span style=\"text-decoration: underline\"><strong>Resta per\u00f2 il fatto quando finir\u00e0 il potere di Mario Draghi alla Bce, e finir\u00e0 il programma di aiuti del Qe, l&#8217;Italia e gli italiani dovranno pagare i conti (quelli veri) dei mancati investimenti pubblici nelle infrastrutture, di un mercato immobiliare che resta imbalsamato malgrado i tassi dei mutui siano appunto tenuti rasoterra dalla pressa dell&#8217;Eurotower, di una produzione industriale che non convince, di un debito pubblico indomabile tanto da risalire a settembre a 2.283 miliardi<\/strong><\/span>: 4,4 miliardi di rosso in pi\u00f9 rispetto ad agosto, malgrado le nuove emissioni di debito pubblico diano cedole all&#8217;osso. La stretta sulle nuove sofferenze bancarie decisa dalla Vigilanza Unica che ha rimandato a picco le quotazioni di alcune banche italiane insieme ai risparmi dei loro azionisti, \u00e8 solo un assaggio. E a quel punto il rischio di non avere pi\u00f9 neppure la tuta e di ritrovarsi in boxer (quelle che la nonna chiamava le braghette di tela) e calzini.<\/p>\n<p>[dailymotion x69c673 nolink]<\/p>\n<p>Ma il popolo del calcio avr\u00e0 riavuto (forse) la sua Nazionale. E (forse) se ne sar\u00e0 andato lo stesso Ventura che, un po&#8217; come quella politica che \u00e8 abituata a dichiararsi sempre (e comunque) vincitrice dopo una tornata elettorale indipendentemente dal reale risultato delle urne, si \u00e8 autoproclamato al \u00abtribunale\u00bb de \u00ab<em><strong>Le Iene<\/strong><\/em>\u00bb il miglior allenatore degli ultimi 40 anni. Certo, a molti (anche a chi non ama il calcio) dispiacer\u00e0 di non avere occasioni per stare insieme l&#8217;estate prossima guardando i mondiali la tv, a molti (anche a chi non ama il calcio) dispiacer\u00e0 non avere occasione per dimenticare per due ore i problemi quotidiani improvvisandosi commissari tecnici. Ci toccher\u00e0 solo ricordare che viviamo nella \u00ab<em><strong>Terra dei Cachi<\/strong><\/em>\u00bb.<\/p>\n<p>[youtube 9TOLnKchmaU]<\/p>\n<p><strong>Wall &amp; Street<\/strong><\/p>\n<p>&nbsp;<\/p>\n","protected":false},"excerpt":{"rendered":"<p><p>L&#8217;Italia \u00e8 preda dello psicodramma, quasi non si parla (e non ci si infuria) per altro, se non per l&#8217;avvenuta (e meritata per ammissione dei giocatori stessi) esclusione dai prossimi Mondiali. Sembra che il Paese orbo del pallone e spogliato della maglia azzurra non abbia occhi per trovare la strada n\u00e9 vestiti per evitare i geloni dell&#8217;inverno. Lo sport nazionale di improvvisarsi commissari tecnici \u00e8 tornato di gran moda nei bar (e non solo), la priorit\u00e0 \u00e8 ora vedere detronizzare questo o quello della Federazione e innalzare quest&#8217;altro come fosse una sorta di oracolo, di Warren Buffett o meglio di [&hellip;]<\/p>\n&nbsp;&nbsp;<div class=\"readmore\"><a href=\"https:\/\/blog.ilgiornale.it\/wallandstreet\/2017\/11\/15\/il-calcio-nella-terra-dei-cachi\/\">Continua a leggere...<\/a><\/div><\/p>","protected":false},"author":1005,"featured_media":0,"comment_status":"open","ping_status":"closed","sticky":false,"template":"","format":"standard","meta":[],"categories":[26],"tags":[26229,27435,31475,7663,837,97,49730,22920,79,2691,282668,46338,395804,282670,104,193223,9154,17916,23373,121564,946,23366,12994,17089,50133],"_links":{"self":[{"href":"https:\/\/blog.ilgiornale.it\/wallandstreet\/wp-json\/wp\/v2\/posts\/7972"}],"collection":[{"href":"https:\/\/blog.ilgiornale.it\/wallandstreet\/wp-json\/wp\/v2\/posts"}],"about":[{"href":"https:\/\/blog.ilgiornale.it\/wallandstreet\/wp-json\/wp\/v2\/types\/post"}],"author":[{"embeddable":true,"href":"https:\/\/blog.ilgiornale.it\/wallandstreet\/wp-json\/wp\/v2\/users\/1005"}],"replies":[{"embeddable":true,"href":"https:\/\/blog.ilgiornale.it\/wallandstreet\/wp-json\/wp\/v2\/comments?post=7972"}],"version-history":[{"count":11,"href":"https:\/\/blog.ilgiornale.it\/wallandstreet\/wp-json\/wp\/v2\/posts\/7972\/revisions"}],"predecessor-version":[{"id":7985,"href":"https:\/\/blog.ilgiornale.it\/wallandstreet\/wp-json\/wp\/v2\/posts\/7972\/revisions\/7985"}],"wp:attachment":[{"href":"https:\/\/blog.ilgiornale.it\/wallandstreet\/wp-json\/wp\/v2\/media?parent=7972"}],"wp:term":[{"taxonomy":"category","embeddable":true,"href":"https:\/\/blog.ilgiornale.it\/wallandstreet\/wp-json\/wp\/v2\/categories?post=7972"},{"taxonomy":"post_tag","embeddable":true,"href":"https:\/\/blog.ilgiornale.it\/wallandstreet\/wp-json\/wp\/v2\/tags?post=7972"}],"curies":[{"name":"wp","href":"https:\/\/api.w.org\/{rel}","templated":true}]}}