{"id":8104,"date":"2018-02-09T17:13:28","date_gmt":"2018-02-09T17:13:28","guid":{"rendered":"https:\/\/blog.ilgiornale.it\/wallandstreet\/?p=8104"},"modified":"2018-02-09T17:13:28","modified_gmt":"2018-02-09T17:13:28","slug":"flat-tax-perche-si","status":"publish","type":"post","link":"https:\/\/blog.ilgiornale.it\/wallandstreet\/2018\/02\/09\/flat-tax-perche-si\/","title":{"rendered":"Flat tax, perch\u00e9 s\u00ec"},"content":{"rendered":"<p><a href=\"https:\/\/blog.ilgiornale.it\/wallandstreet\/files\/2018\/02\/Money-00.jpg\"><img loading=\"lazy\" class=\"aligncenter wp-image-8105 size-full\" src=\"https:\/\/blog.ilgiornale.it\/wallandstreet\/files\/2018\/02\/Money-00-e1518194767853.jpg\" alt=\"Europe 'best for low cost holiday'\" width=\"550\" height=\"332\" \/><\/a><\/p>\n<p>In Italia ogni possibile cambiamento crei ilarit\u00e0 anche in persone che potrebbero di fatto evitarla.\u00a0\u00c8 il caso del ministro <strong>Padoan<\/strong> il quale, ha\u00a0liquidato sbrigativamente la <strong>flat tax<\/strong> come \u00ab<em>bacchetta magica o la fatina blu<\/em>\u00bb.\u00a0Eppure si\u00a0\u00a0tratta di <span style=\"text-decoration: underline\"><strong>un sistema fiscale proporzionale\u00a0che punta a diminuire le aliquote Irpef indirizzandole\u00a0verso un&#8217;unica aliquota e\u00a0nel quale il carattere di progressivit\u00e0 \u00e8 garantito dalle detrazioni fiscali concesse per i redditi pi\u00f9 bassi e non applicabile per quelli pi\u00f9 elevati<\/strong><\/span>.<\/p>\n<p>Secondo l&#8217;esperto di diritto fiscale, <strong>Fabio Accinelli<\/strong>, \u00ab<span style=\"text-decoration: underline\"><strong>questo sarebbe il mezzo giuridico-economico pi\u00f9 auspicabile per contrastare l\u2019evasione fiscale ed aumentare cos\u00ec il gettito economico per lo Stato<\/strong><\/span>\u00bb. Creata dell\u2019economista statunitense <strong>Milton Friedman<\/strong> nel 1956, la flat tax contiene in s\u00e9 il principio di progressivit\u00e0 recepito, fin dall\u2019inizio, nelle costituzioni di tutti i paesi democratici occidentali, principio poi sottoposto a successive modifiche e revisione.\u00a0\u00c8 storia che durante la presidenza di <strong>George W. Bush<\/strong> alcuni economisti proposero dopo l\u2019approvazione del taglio delle tasse voluto dal presidente di sostituire il sistema fiscale vigente in quell\u2019epoca con una flat tax al 17,5 %. Successivamente nella seconda met\u00e0 degli anni 2000 la flat tax\u00a0\u00e8 stata applicata in vari Paesi del mondo soprattutto negli stati dell\u2019Est Europa.<\/p>\n<p>\u00ab<span style=\"text-decoration: underline\"><strong>Ritengo che una flat tax al 15\/17,5% sia il passaggio virtuale per definire una tassazione unica sui redditi, capace di fornire finalmente benefici concreti sia nei confronti dei privati cittadini che per le imprese<\/strong><\/span>\u00bb, aggiunge Accinelli spiegando che sarebbe un&#8217;ottima soluzione per un Paese come\u00a0\u00a0l&#8217;Italia caratterizzato da un altissimo tasso di evasione. \u00abCon un&#8217;aliquota alla portata di tutti <span style=\"text-decoration: underline\"><strong>si\u00a0incentiverebbe\u00a0un approccio diverso con il fisco<\/strong><\/span>: la\u00a0<strong><em>tax compliance<\/em><\/strong>\u00a0sarebbe quasi spontanea perch\u00e9 i<span style=\"text-decoration: underline\"><strong>l contribuente non dovrebbe\u00a0combattere\u00a0contro un sistema fiscale incomprensibile\u00a0ma dovrebbe corrispondere un&#8217;aliquota giusta in proporzione ai propri redditi indirizzandosi cos\u00ec verso la\u00a0fedelt\u00e0 fiscale<\/strong><\/span>\u00bb.<\/p>\n<p><strong>Wall &amp; Street<\/strong><\/p>\n","protected":false},"excerpt":{"rendered":"<p><p>In Italia ogni possibile cambiamento crei ilarit\u00e0 anche in persone che potrebbero di fatto evitarla.\u00a0\u00c8 il caso del ministro Padoan il quale, ha\u00a0liquidato sbrigativamente la flat tax come \u00abbacchetta magica o la fatina blu\u00bb.\u00a0Eppure si\u00a0\u00a0tratta di un sistema fiscale proporzionale\u00a0che punta a diminuire le aliquote Irpef indirizzandole\u00a0verso un&#8217;unica aliquota e\u00a0nel quale il carattere di progressivit\u00e0 \u00e8 garantito dalle detrazioni fiscali concesse per i redditi pi\u00f9 bassi e non applicabile per quelli pi\u00f9 elevati. Secondo l&#8217;esperto di diritto fiscale, Fabio Accinelli, \u00abquesto sarebbe il mezzo giuridico-economico pi\u00f9 auspicabile per contrastare l\u2019evasione fiscale ed aumentare cos\u00ec il gettito economico per lo Stato\u00bb. [&hellip;]<\/p>\n&nbsp;&nbsp;<div class=\"readmore\"><a href=\"https:\/\/blog.ilgiornale.it\/wallandstreet\/2018\/02\/09\/flat-tax-perche-si\/\">Continua a leggere...<\/a><\/div><\/p>","protected":false},"author":1006,"featured_media":0,"comment_status":"open","ping_status":"closed","sticky":false,"template":"","format":"standard","meta":[],"categories":[36416],"tags":[11993,29081,231663,282766,11709,52841,18624,12998,52840,53688,282765],"_links":{"self":[{"href":"https:\/\/blog.ilgiornale.it\/wallandstreet\/wp-json\/wp\/v2\/posts\/8104"}],"collection":[{"href":"https:\/\/blog.ilgiornale.it\/wallandstreet\/wp-json\/wp\/v2\/posts"}],"about":[{"href":"https:\/\/blog.ilgiornale.it\/wallandstreet\/wp-json\/wp\/v2\/types\/post"}],"author":[{"embeddable":true,"href":"https:\/\/blog.ilgiornale.it\/wallandstreet\/wp-json\/wp\/v2\/users\/1006"}],"replies":[{"embeddable":true,"href":"https:\/\/blog.ilgiornale.it\/wallandstreet\/wp-json\/wp\/v2\/comments?post=8104"}],"version-history":[{"count":1,"href":"https:\/\/blog.ilgiornale.it\/wallandstreet\/wp-json\/wp\/v2\/posts\/8104\/revisions"}],"predecessor-version":[{"id":8106,"href":"https:\/\/blog.ilgiornale.it\/wallandstreet\/wp-json\/wp\/v2\/posts\/8104\/revisions\/8106"}],"wp:attachment":[{"href":"https:\/\/blog.ilgiornale.it\/wallandstreet\/wp-json\/wp\/v2\/media?parent=8104"}],"wp:term":[{"taxonomy":"category","embeddable":true,"href":"https:\/\/blog.ilgiornale.it\/wallandstreet\/wp-json\/wp\/v2\/categories?post=8104"},{"taxonomy":"post_tag","embeddable":true,"href":"https:\/\/blog.ilgiornale.it\/wallandstreet\/wp-json\/wp\/v2\/tags?post=8104"}],"curies":[{"name":"wp","href":"https:\/\/api.w.org\/{rel}","templated":true}]}}