{"id":8130,"date":"2018-08-13T10:57:54","date_gmt":"2018-08-13T10:57:54","guid":{"rendered":"https:\/\/blog.ilgiornale.it\/wallandstreet\/?p=8130"},"modified":"2018-08-13T10:57:54","modified_gmt":"2018-08-13T10:57:54","slug":"occupazione-femminile-un-booster-del-pil","status":"publish","type":"post","link":"https:\/\/blog.ilgiornale.it\/wallandstreet\/2018\/08\/13\/occupazione-femminile-un-booster-del-pil\/","title":{"rendered":"Occupazione femminile, un booster del Pil"},"content":{"rendered":"<p><a href=\"https:\/\/blog.ilgiornale.it\/wallandstreet\/files\/2018\/08\/business-woman-e1534154162427.jpg\"><img loading=\"lazy\" class=\"aligncenter size-full wp-image-8149\" src=\"https:\/\/blog.ilgiornale.it\/wallandstreet\/files\/2018\/08\/business-woman-e1534154162427.jpg\" alt=\"business-woman\" width=\"550\" height=\"550\" \/><\/a><\/p>\n<p>Quest&#8217;anno la XII edizione del <strong>Forum\u00a0Economico Italo-Tedesco<\/strong> si \u00e8 concentrato sulla <strong>questione femminile<\/strong> e il mondo del lavoro. Il titolo della manifestazione \u00e8 stato \u00ab<em><strong>Womenomics:\u00a0equit\u00e0 di genere e crescita economica<\/strong><\/em>\u00bb e nel corso delle sessioni di dibattito si \u00e8 ricordato che il tasso di <strong>occupazione<\/strong> femminile nel nostro Paese \u00e8 ancora molto basso e, soprattutto,\u00a0 che <span style=\"text-decoration: underline\"><strong>se\u00a0i 4 milioni di casalinghe\u00a0in et\u00e0 da lavoro fossero impiegate, il Pil crescerebbe del 18% (268 miliardi di euro)<\/strong><\/span>. Partner della manifestazione \u00e8 stata Grenke, societ\u00e0 che si occupa di locazione operativa. Ne abbiamo parlato con Francesco Vittadini, direttore amministrativo della filiale italiana.<\/p>\n<p><a href=\"https:\/\/blog.ilgiornale.it\/wallandstreet\/files\/2018\/08\/Vittadini-Grenke.jpg\"><img loading=\"lazy\" class=\"alignleft size-full wp-image-8150\" src=\"https:\/\/blog.ilgiornale.it\/wallandstreet\/files\/2018\/08\/Vittadini-Grenke.jpg\" alt=\"Vittadini (Grenke)\" width=\"157\" height=\"157\" srcset=\"https:\/\/blog.ilgiornale.it\/wallandstreet\/files\/2018\/08\/Vittadini-Grenke.jpg 157w, https:\/\/blog.ilgiornale.it\/wallandstreet\/files\/2018\/08\/Vittadini-Grenke-150x150.jpg 150w\" sizes=\"(max-width: 157px) 100vw, 157px\" \/><\/a><strong>Dottor Vittadini, quali sono stati gli aspetti pi\u00f9 interessanti di questo evento?<\/strong><br \/>\n\u00abCredo che il Forum Italo-Tedesco sia stata un\u2019occasione per mettere a confronto alcune tra le esperienze pi\u00f9 interessanti del mondo imprenditoriale.\u00a0Realt\u00e0 molto diverse tra di loro si sono sedute insieme per evidenziare opportunit\u00e0 e nuovi scenari\u00bb.<\/p>\n<p><strong>Le novit\u00e0 dell\u2019edizione 2018 del Forum?<\/strong><br \/>\n\u00abSono tutte\u00a0nel tema del Forum: parit\u00e0 di genere e vantaggi per le organizzazioni aziendali\u00bb.<\/p>\n<p><strong>Perch\u00e9 il tema delle pari opportunit\u00e0 pesa sull\u2019economia e sulle imprese?<\/strong><br \/>\n\u00abSecondo diverse ricerche indipendenti, un miglior posizionamento delle aziende, ma direi del sistema\u2014paese, riguardo questa tematica, porterebbe ad un aumento sensibile del Pil. Una delle cose difficili a mio avviso \u00e8 allineare il quadro normativo e istituzionale con le esigenze e le condizioni del mondo delle imprese, delle lavoratrici e dei lavoratori. Ma siamo fiduciosi che iniziative come la certificazione del Winning Women Institute possano portare un contributo di novit\u00e0 in questo senso\u00bb.<\/p>\n<p><strong>Perch\u00e9 il Forum ha pensato proprio a Grenke?<\/strong><br \/>\n\u00abGrenke ha avviato dall\u2019autunno 2017 un percorso che ci dovrebbe portare ad essere certificati, dal Winning Women Institute, come azienda in cui si pratica nei fatti la parit\u00e0 di genere e la tutela della diversit\u00e0. Per questo gli organizzatori del Forum hanno riscontrato un\u2019aderenza marcata con il tema dell\u2019evento\u00bb.<\/p>\n<p><strong>Wall &amp;\u00a0Street<\/strong><\/p>\n","protected":false},"excerpt":{"rendered":"<p><p>Quest&#8217;anno la XII edizione del Forum\u00a0Economico Italo-Tedesco si \u00e8 concentrato sulla questione femminile e il mondo del lavoro. Il titolo della manifestazione \u00e8 stato \u00abWomenomics:\u00a0equit\u00e0 di genere e crescita economica\u00bb e nel corso delle sessioni di dibattito si \u00e8 ricordato che il tasso di occupazione femminile nel nostro Paese \u00e8 ancora molto basso e, soprattutto,\u00a0 che se\u00a0i 4 milioni di casalinghe\u00a0in et\u00e0 da lavoro fossero impiegate, il Pil crescerebbe del 18% (268 miliardi di euro). Partner della manifestazione \u00e8 stata Grenke, societ\u00e0 che si occupa di locazione operativa. Ne abbiamo parlato con Francesco Vittadini, direttore amministrativo della filiale italiana. Dottor [&hellip;]<\/p>\n&nbsp;&nbsp;<div class=\"readmore\"><a href=\"https:\/\/blog.ilgiornale.it\/wallandstreet\/2018\/08\/13\/occupazione-femminile-un-booster-del-pil\/\">Continua a leggere...<\/a><\/div><\/p>","protected":false},"author":1006,"featured_media":0,"comment_status":"open","ping_status":"closed","sticky":false,"template":"","format":"standard","meta":[],"categories":[26],"tags":[15920,296920,296902,14,35,282713,296921],"_links":{"self":[{"href":"https:\/\/blog.ilgiornale.it\/wallandstreet\/wp-json\/wp\/v2\/posts\/8130"}],"collection":[{"href":"https:\/\/blog.ilgiornale.it\/wallandstreet\/wp-json\/wp\/v2\/posts"}],"about":[{"href":"https:\/\/blog.ilgiornale.it\/wallandstreet\/wp-json\/wp\/v2\/types\/post"}],"author":[{"embeddable":true,"href":"https:\/\/blog.ilgiornale.it\/wallandstreet\/wp-json\/wp\/v2\/users\/1006"}],"replies":[{"embeddable":true,"href":"https:\/\/blog.ilgiornale.it\/wallandstreet\/wp-json\/wp\/v2\/comments?post=8130"}],"version-history":[{"count":2,"href":"https:\/\/blog.ilgiornale.it\/wallandstreet\/wp-json\/wp\/v2\/posts\/8130\/revisions"}],"predecessor-version":[{"id":8151,"href":"https:\/\/blog.ilgiornale.it\/wallandstreet\/wp-json\/wp\/v2\/posts\/8130\/revisions\/8151"}],"wp:attachment":[{"href":"https:\/\/blog.ilgiornale.it\/wallandstreet\/wp-json\/wp\/v2\/media?parent=8130"}],"wp:term":[{"taxonomy":"category","embeddable":true,"href":"https:\/\/blog.ilgiornale.it\/wallandstreet\/wp-json\/wp\/v2\/categories?post=8130"},{"taxonomy":"post_tag","embeddable":true,"href":"https:\/\/blog.ilgiornale.it\/wallandstreet\/wp-json\/wp\/v2\/tags?post=8130"}],"curies":[{"name":"wp","href":"https:\/\/api.w.org\/{rel}","templated":true}]}}