{"id":8235,"date":"2019-08-29T16:08:16","date_gmt":"2019-08-29T16:08:16","guid":{"rendered":"https:\/\/blog.ilgiornale.it\/wallandstreet\/?p=8235"},"modified":"2019-08-29T16:08:16","modified_gmt":"2019-08-29T16:08:16","slug":"il-governo-dellabisso","status":"publish","type":"post","link":"https:\/\/blog.ilgiornale.it\/wallandstreet\/2019\/08\/29\/il-governo-dellabisso\/","title":{"rendered":"Il governo dell&#8217;abisso"},"content":{"rendered":"<p><a href=\"https:\/\/blog.ilgiornale.it\/wallandstreet\/files\/2019\/08\/zingaretti_dimaio-e1567094565945.jpg\"><img loading=\"lazy\" class=\"aligncenter size-full wp-image-8236\" src=\"https:\/\/blog.ilgiornale.it\/wallandstreet\/files\/2019\/08\/zingaretti_dimaio-e1567094565945.jpg\" alt=\"zingaretti_dimaio\" width=\"550\" height=\"258\" \/><\/a><\/p>\n<p><span style=\"text-decoration: underline\"><strong>Sta per nascere un governo di ultrasinistra, maggioritario in Parlamento e minoritario nelle urne<\/strong><\/span>. Questo permetter\u00e0 a molte latenti contraddizioni di palesarsi in maniera chiara ed evidente.<\/p>\n<p>In primo luogo, <span style=\"text-decoration: underline\"><strong>si metter\u00e0 alla prova quella ristretta oligarchia che ritiene unicamente se stessa non solo dotata delle credenziali necessarie per governare, ma anche unica <\/strong><\/span><span class=\"text_exposed_show\"><span style=\"text-decoration: underline\"><strong>titolare del reale diritto di cittadinanza<\/strong><\/span> e, in virt\u00f9 della sua natura, sola titolata a dispensare premi e punizioni. Questa congerie di miserabili \u00e8 la responsabile unica del declino della nostra Patria, parola che aborrisce perch\u00e9 pregna di un internazionalismo senza radici, tradizioni e cultura. <span style=\"text-decoration: underline\"><strong>Questo manipolo di masnadieri ha trascorso il recente passato a raccontarci una Storia che non \u00e8 mai esistita, a demolire i valori sui quali si fonda la nostra civilt\u00e0 e a sostituirli con gli idoli dell&#8217;irrazionalismo e del relativismo<\/strong><\/span>. Questa congrega di mediocri ha solo il proprio utile come unica vera bussola (e, a dirla tutta, la loro colleganza non \u00e8 fatta di pasta migliore) ma con l&#8217;artifizio di una retorica banale ha spento ogni anelito alla libert\u00e0 individuale, pretendendo di farsi avanguardia di masse troppo ignobili per ambire a decidere del proprio destino, addomesticandole, anzi, alla dipendenza e alla servit\u00f9.<\/span><\/p>\n<p><span class=\"text_exposed_show\">T<span style=\"text-decoration: underline\"><strong>utto questo ci porta su un altro piano: quello dell&#8217;insufficienza della Costituzione in se stessa a evitare che tale combriccola di imbroglioni si arroghi il diritto di stabilire di volta in volta i limiti dell&#8217;esercizio del potere<\/strong><\/span>, la sua titolarit\u00e0, la sua stessa personalit\u00e0. <span style=\"text-decoration: underline;color: #ff0000\"><strong>Questa banalizzazione del ruolo del Parlamento, la costante apertura alla ricerca di maggioranze alternative, la separazione dei poteri, invocata solo per fermare il nemico\/avversario, mai praticata nella realt\u00e0, la volont\u00e0 popolare rispettata se e solo se casualmente fotografa l&#8217;inclinazione delle \u00e9lite, lo ius sanguinis subordinato a uno stolido universalismo, l&#8217;esaltazione dell&#8217;irresponsabilit\u00e0 come momento massimo della democrazia e l&#8217;esecrazione della decisione (Entscheidung) come sinossi del fascismo sono tutte forme del dis-prezzo dell&#8217;individualit\u00e0 in quanto tale.<\/strong><\/span><\/span><\/p>\n<p><span class=\"text_exposed_show\">Ecco, da un governo di ultrasinistra c&#8217;\u00e8 da attendersi un&#8217;emersione della contraddizione (Widerspruch) che ogni Costituzione (Grundgesetz) cerca di cristallizzare e sulla quale, in particolar modo, quella italiana si fonda (o si s-fonda, a seconda dei punti di vista). La speranza di una Umwertung \u00e8, ritengo, destinata ad essere delusa in partenza perch\u00e9 questo abisso (Abgrund) della Costituzione (Grundgesetz) produce coscienze irrimediabilmente difettose, abituate a muoversi nell&#8217;oscurit\u00e0 e a rifuggire la luce.<\/span><\/p>\n<p><strong>Gian Maria De Francesco<\/strong><\/p>\n","protected":false},"excerpt":{"rendered":"<p><p>Sta per nascere un governo di ultrasinistra, maggioritario in Parlamento e minoritario nelle urne. Questo permetter\u00e0 a molte latenti contraddizioni di palesarsi in maniera chiara ed evidente. In primo luogo, si metter\u00e0 alla prova quella ristretta oligarchia che ritiene unicamente se stessa non solo dotata delle credenziali necessarie per governare, ma anche unica titolare del reale diritto di cittadinanza e, in virt\u00f9 della sua natura, sola titolata a dispensare premi e punizioni. Questa congerie di miserabili \u00e8 la responsabile unica del declino della nostra Patria, parola che aborrisce perch\u00e9 pregna di un internazionalismo senza radici, tradizioni e cultura. Questo manipolo [&hellip;]<\/p>\n&nbsp;&nbsp;<div class=\"readmore\"><a href=\"https:\/\/blog.ilgiornale.it\/wallandstreet\/2019\/08\/29\/il-governo-dellabisso\/\">Continua a leggere...<\/a><\/div><\/p>","protected":false},"author":1006,"featured_media":0,"comment_status":"open","ping_status":"closed","sticky":false,"template":"","format":"standard","meta":[],"categories":[26],"tags":[381238,16102,23420,8112,33268,73715,11993,820,303908,381239,256460,14505,17143,372141,344235,22812,110,88,13179,4625,381240],"_links":{"self":[{"href":"https:\/\/blog.ilgiornale.it\/wallandstreet\/wp-json\/wp\/v2\/posts\/8235"}],"collection":[{"href":"https:\/\/blog.ilgiornale.it\/wallandstreet\/wp-json\/wp\/v2\/posts"}],"about":[{"href":"https:\/\/blog.ilgiornale.it\/wallandstreet\/wp-json\/wp\/v2\/types\/post"}],"author":[{"embeddable":true,"href":"https:\/\/blog.ilgiornale.it\/wallandstreet\/wp-json\/wp\/v2\/users\/1006"}],"replies":[{"embeddable":true,"href":"https:\/\/blog.ilgiornale.it\/wallandstreet\/wp-json\/wp\/v2\/comments?post=8235"}],"version-history":[{"count":1,"href":"https:\/\/blog.ilgiornale.it\/wallandstreet\/wp-json\/wp\/v2\/posts\/8235\/revisions"}],"predecessor-version":[{"id":8237,"href":"https:\/\/blog.ilgiornale.it\/wallandstreet\/wp-json\/wp\/v2\/posts\/8235\/revisions\/8237"}],"wp:attachment":[{"href":"https:\/\/blog.ilgiornale.it\/wallandstreet\/wp-json\/wp\/v2\/media?parent=8235"}],"wp:term":[{"taxonomy":"category","embeddable":true,"href":"https:\/\/blog.ilgiornale.it\/wallandstreet\/wp-json\/wp\/v2\/categories?post=8235"},{"taxonomy":"post_tag","embeddable":true,"href":"https:\/\/blog.ilgiornale.it\/wallandstreet\/wp-json\/wp\/v2\/tags?post=8235"}],"curies":[{"name":"wp","href":"https:\/\/api.w.org\/{rel}","templated":true}]}}