{"id":8290,"date":"2020-04-07T21:11:57","date_gmt":"2020-04-07T21:11:57","guid":{"rendered":"https:\/\/blog.ilgiornale.it\/wallandstreet\/?p=8290"},"modified":"2020-04-07T21:11:57","modified_gmt":"2020-04-07T21:11:57","slug":"non-andra-tutto-bene","status":"publish","type":"post","link":"https:\/\/blog.ilgiornale.it\/wallandstreet\/2020\/04\/07\/non-andra-tutto-bene\/","title":{"rendered":"Non andr\u00e0 tutto bene"},"content":{"rendered":"<p><a href=\"https:\/\/blog.ilgiornale.it\/wallandstreet\/files\/2020\/04\/Coronavirus-Roma-e1586292799182.jpg\"><img loading=\"lazy\" class=\"aligncenter size-full wp-image-8291\" src=\"https:\/\/blog.ilgiornale.it\/wallandstreet\/files\/2020\/04\/Coronavirus-Roma-e1586292799182.jpg\" alt=\"Coronavirus-Roma\" width=\"550\" height=\"366\" \/><\/a><\/p>\n<p>Il solito titolo ottimistico? No, \u00e8 che tra i soliti bollettini di guerra e una politica narcolettica, \u00e8 meglio parlare di economia. E, in questo campo, la certezza \u00e8 una sola, proprio quella: non andr\u00e0 tutto bene. L&#8217;<strong>Istat<\/strong> si \u00e8 persino ben guardata dal fornire proiezioni nell&#8217;ultimo bollettino mensile perch\u00e9 siamo di fronte a un crollo per il quale non esistono strumenti di misura appropriati.\u00a0 Perch\u00e9 la guerra, le tragedie hanno un loro specchio nella microeconomia, negli indici di Borsa, ma nella macroeconomia come la rappresenti l&#8217;<strong>Austria<\/strong> del 1919 o la <strong>Germania<\/strong> del 1945? E l&#8217;<strong>Argentina<\/strong> del 2001 e del 2020? S\u00ec, c&#8217;\u00e8 il <strong>Pil<\/strong> che misura la recessione, il crollo dei consumi, i cortigiani di\u00a0<strong>Franz Joseph<\/strong> che si mettono in fila per ricevere una razione di rancio, le cariole di marchi per comprare il pane. Ma poi tutto questo scompare come i suicidi del luned\u00ec nero, c&#8217;\u00e8 una sorta di rimozione collettiva e anche le statistiche tendono a seguire questa suggestione psicologica riparametrandosi alla nuova realt\u00e0, ch\u00e9 se uno tenesse la vera serie storica, magari scoprirebbe che nel 1871 il prodotto interno lordo non era poi molto diverso da quello di oggi (fatte le dovute proporzioni).<\/p>\n<p>&nbsp;<\/p>\n<p>Ma anche questo \u00e8 economia. Per questo, val la pena di inviarvi qualche cartolina dall&#8217;abisso, giusto per abituarvi al clima che troveremo quando potremo finalmente mettere il naso fuori di casa. Cominciamo dal rapporto <strong>Censis<\/strong>\u00a0&#8211; <strong>Confcooperative<\/strong>. La dimensione economica del <strong>lockdown<\/strong>\u00a0\u00e8 pari a 1.321 miliardi di euro, che corrisponde al 42,4% del totale del fatturato dell\u2019industria e dei servizi che complessivamente supera i 3.115 miliardi di euro.\u00a0Il quadro generale della lockdown economy porta ad assumere come riferimento un motore produttivo che lavora a circa il 60% del proprio potenziale e che innesca una catena degli effetti dirompente in termini di reddito, di domanda interna, di sostenibilit\u00e0 economica, in cui il fattore tempo \u2013 la durata dello stato di sospensione \u2013 diventa la variabile fondamentale per capire le conseguenze su un sistema economico e sociale sottoposto a uno \u201cstress test\u201d che nessuna recessione nel passato aveva mai fatto sperimentare. <span style=\"text-decoration: underline\"><strong>I<\/strong><strong>l \u201ccongelamento\u201d delle attivit\u00e0 ha, di conseguenza, prodotto un impatto che, in termini di fatturato, ha riguardato 660 miliardi di euro nell\u2019ambito dei servizi e 91 miliardi nelle costruzioni, mentre per le imprese dell\u2019industria in senso stretto la restrizione ha avuto effetto su 570 miliardi di euro<\/strong><\/span>.\u00a0Partendo da una base di fatturato delle imprese nel 2019 pari a 2.411 miliardi di euro e riferito a 200 sotto-settori economici, il valore atteso al netto dello shock prodotto dal <strong>Covid19<\/strong> sarebbe stato nel 2020 pari a 2.502 miliardi di euro, ma in realt\u00e0, proprio a causa dello shock, il volume di fatturato si fermerebbe a 2.233 miliardi, con una differenza negativa pari a 219 miliardi di euro.<\/p>\n<p>&nbsp;<\/p>\n<p><a href=\"https:\/\/blog.ilgiornale.it\/wallandstreet\/files\/2016\/02\/Gardini-Maurizio-03.jpg\"><img loading=\"lazy\" class=\"alignleft size-medium wp-image-6869\" src=\"https:\/\/blog.ilgiornale.it\/wallandstreet\/files\/2016\/02\/Gardini-Maurizio-03-300x212.jpg\" alt=\"Gardini Maurizio 03\" width=\"300\" height=\"212\" srcset=\"https:\/\/blog.ilgiornale.it\/wallandstreet\/files\/2016\/02\/Gardini-Maurizio-03-300x212.jpg 300w, https:\/\/blog.ilgiornale.it\/wallandstreet\/files\/2016\/02\/Gardini-Maurizio-03.jpg 620w\" sizes=\"(max-width: 300px) 100vw, 300px\" \/><\/a>\u00abL\u2019economia italiana inchioda e occorreranno 2 anni prima di poter ritornare ai livelli di Pil e di crescita stimata fino allo scorso gennaio. In condizioni di urgenza straordinaria il sistema necessita di misure straordinarie, coraggiose e soprattutto veloci che consentano di non spegnere i motori, altrimenti rischiamo, quando sar\u00e0 passata l\u2019emergenza, di lasciare sul tappeto 1 milione di imprese\u00bb, ha commentato <strong>Maurizio Gardini<\/strong>, presidente di Confcooperative.<\/p>\n<p>&nbsp;<\/p>\n<p>L\u2019Osservatorio mensile <strong>Findomestic<\/strong> di aprile, realizzato dalla societ\u00e0 di credito al consumo del gruppo <strong>Bnp Paribas<\/strong> in collaborazione con Eumetra, evidenzia come a marzo le intenzioni d\u2019acquisto degli italiani abbiano risentito della rapida esplosione dell\u2019emergenza Coronavirus in Italia con una flessione trasversale a tutti i settori. <span style=\"text-decoration: underline\"><strong>Se si prendono a riferimento le propensioni espresse come intenzione effettiva d\u2019acquisto (il \u00abcertamente acquister\u00f2 nei prossimi 3 mesi\u00bb), il calo medio \u00e8 del 30% e i segmenti pi\u00f9 colpiti nell\u2019ultimo mese risultano viaggi, veicoli e mobili<\/strong><\/span>. Coloro che si dicono a marzo certamente intenzionati ad acquistare un viaggio nel prossimo trimestre risultano il 56% in meno rispetto al mese scorso. <span style=\"text-decoration: underline\"><strong>Per l\u2019auto la flessione \u00e8, invece, del 42%, in linea con quella che caratterizza la propensione all\u2019acquisto di mobili (-40%)<\/strong><\/span>. Le intenzioni certe d\u2019acquisto di case o appartamenti calano, infine, del 34% rispetto a febbraio.<\/p>\n<p><a href=\"https:\/\/blog.ilgiornale.it\/wallandstreet\/files\/2020\/04\/Bambini-di-Vienna-e1586293784641.jpg\"><img loading=\"lazy\" class=\"aligncenter size-full wp-image-8292\" src=\"https:\/\/blog.ilgiornale.it\/wallandstreet\/files\/2020\/04\/Bambini-di-Vienna-e1586293784641.jpg\" alt=\"Bambini di Vienna\" width=\"550\" height=\"225\" \/><\/a><\/p>\n<p>Non c&#8217;\u00e8 bisogno di essere superdotati per comprendere che avremo produzione in calo, consumi in calo, pi\u00f9 disoccupazione e, forse per un breve periodo, anche un po&#8217; d&#8217;inflazione dovuta alle scorte che stiamo effettuando nei supermercati per limitare al massimo le uscite di casa. Insomma, gli effetti di una guerra. Ecco perch\u00e9 ho voluto pubblicare la foto dei bambini di Vienna del 1919. Disgregatosi l&#8217;Impero, l&#8217;Austria era uno staterello spiantato e socialisteggiante, dunque poverissimo. Fu lanciato un appello per accogliere i piccoli austriaci per l&#8217;inverno in modo da non farli morire di fame e di freddo. <span style=\"text-decoration: underline\"><strong>Erano i \u00abbambini nemici\u00bb ma Milano, Cremona e Bologna li accolsero come li accolsero tante altre citt\u00e0 europee perch\u00e9 la solidariet\u00e0 va oltre le divisioni.\u00a0E pensare che l&#8217;Europa come la conosciamo noi neanche esisteva&#8230;<\/strong><\/span><\/p>\n<p><strong>Gian Maria De Francesco<\/strong><\/p>\n<p>&nbsp;<\/p>\n","protected":false},"excerpt":{"rendered":"<p><p>Il solito titolo ottimistico? No, \u00e8 che tra i soliti bollettini di guerra e una politica narcolettica, \u00e8 meglio parlare di economia. E, in questo campo, la certezza \u00e8 una sola, proprio quella: non andr\u00e0 tutto bene. L&#8217;Istat si \u00e8 persino ben guardata dal fornire proiezioni nell&#8217;ultimo bollettino mensile perch\u00e9 siamo di fronte a un crollo per il quale non esistono strumenti di misura appropriati.\u00a0 Perch\u00e9 la guerra, le tragedie hanno un loro specchio nella microeconomia, negli indici di Borsa, ma nella macroeconomia come la rappresenti l&#8217;Austria del 1919 o la Germania del 1945? E l&#8217;Argentina del 2001 e del [&hellip;]<\/p>\n&nbsp;&nbsp;<div class=\"readmore\"><a href=\"https:\/\/blog.ilgiornale.it\/wallandstreet\/2020\/04\/07\/non-andra-tutto-bene\/\">Continua a leggere...<\/a><\/div><\/p>","protected":false},"author":1006,"featured_media":0,"comment_status":"open","ping_status":"closed","sticky":false,"template":"","format":"standard","meta":[],"categories":[60],"tags":[40128,31411,6466,15649,11703,68194,387511,15692,387565,79,18746,395724,35,222,15699,855,15703,395725,395726,12994,6916,23504,35932,2783],"_links":{"self":[{"href":"https:\/\/blog.ilgiornale.it\/wallandstreet\/wp-json\/wp\/v2\/posts\/8290"}],"collection":[{"href":"https:\/\/blog.ilgiornale.it\/wallandstreet\/wp-json\/wp\/v2\/posts"}],"about":[{"href":"https:\/\/blog.ilgiornale.it\/wallandstreet\/wp-json\/wp\/v2\/types\/post"}],"author":[{"embeddable":true,"href":"https:\/\/blog.ilgiornale.it\/wallandstreet\/wp-json\/wp\/v2\/users\/1006"}],"replies":[{"embeddable":true,"href":"https:\/\/blog.ilgiornale.it\/wallandstreet\/wp-json\/wp\/v2\/comments?post=8290"}],"version-history":[{"count":2,"href":"https:\/\/blog.ilgiornale.it\/wallandstreet\/wp-json\/wp\/v2\/posts\/8290\/revisions"}],"predecessor-version":[{"id":8294,"href":"https:\/\/blog.ilgiornale.it\/wallandstreet\/wp-json\/wp\/v2\/posts\/8290\/revisions\/8294"}],"wp:attachment":[{"href":"https:\/\/blog.ilgiornale.it\/wallandstreet\/wp-json\/wp\/v2\/media?parent=8290"}],"wp:term":[{"taxonomy":"category","embeddable":true,"href":"https:\/\/blog.ilgiornale.it\/wallandstreet\/wp-json\/wp\/v2\/categories?post=8290"},{"taxonomy":"post_tag","embeddable":true,"href":"https:\/\/blog.ilgiornale.it\/wallandstreet\/wp-json\/wp\/v2\/tags?post=8290"}],"curies":[{"name":"wp","href":"https:\/\/api.w.org\/{rel}","templated":true}]}}