{"id":8350,"date":"2020-08-05T22:44:16","date_gmt":"2020-08-05T22:44:16","guid":{"rendered":"https:\/\/blog.ilgiornale.it\/wallandstreet\/?p=8350"},"modified":"2020-08-06T10:35:03","modified_gmt":"2020-08-06T10:35:03","slug":"messina-dixit","status":"publish","type":"post","link":"https:\/\/blog.ilgiornale.it\/wallandstreet\/2020\/08\/05\/messina-dixit\/","title":{"rendered":"Messina dixit"},"content":{"rendered":"<p>&nbsp;<\/p>\n<p><img loading=\"lazy\" class=\"aligncenter size-full wp-image-8351\" src=\"https:\/\/blog.ilgiornale.it\/wallandstreet\/files\/2020\/08\/Carlo-Messina-01-scaled-e1596584632109.jpg\" alt=\"\" width=\"550\" height=\"380\" \/><\/p>\n<p>I siti Internet che si occupano di calcio sono ormai adusi a trascrivere pedissequamente le dichiarazioni degli allenatori nelle conferenze stampa post-partita per fornire una visuale a 360\u00b0 del commento del tecnico. Abbiamo pensato a una soluzione simile per la conferenza stampa post-semestrale del Ceo di <strong>Intesa Sanpaolo<\/strong>, <strong>Carlo Messina<\/strong>, visto che si \u00e8 conclusa un&#8217;altra grande partita: la conquista di <strong>Ubi Banca<\/strong> tramite <strong>Opas<\/strong>.<\/p>\n<h5>\u00a0Sul risultato dell&#8217;Opas<\/h5>\n<p>\u00abSiamo il secondo gruppo dell&#8217;<strong>Eurozona<\/strong> per capitalizzazione di Borsa, scavalcando <strong>Santander<\/strong> e avvicinandoci al valore <strong>Bnp Paribas<\/strong>, a dimostrazione del valore strategico di un&#8217;operazione che rafforza l&#8217;Italia e che dimostra che una banca italiana \u00e8 in grado di fare un&#8217;operazione che la <strong>Bce<\/strong> auspicava. Mai nella storia una banca italiana \u00e8 stata seconda per valore di Borsa\u00bb.<\/p>\n<h5>Su eventuali operazioni crossborder<\/h5>\n<p>\u00abNoi non abbiamo nessun interesse nell\u2019Europa dell\u2019Est. nei prossimi 6-9 mesi saremo impegnati nell\u2019integrazione di Ubi in Intesa e poich\u00e9 devo essere sicuro che le cose funzionino prima di immaginare che ne possano essere fatte altre, la mia priorit\u00e0 \u00e8 che l&#8217;integrazione con Ubi abbia successo. Tra febbraio e aprile il percorso sar\u00e0 completato. Gi\u00e0 essere secondi per market cap \u00e8 una trasformazione. <strong>Non ritengo che ci sar\u00e0 un&#8217;operazione crossborder europea nei prossimi 6-9 mesi per l&#8217;impatto del Covid<\/strong> e, in ogni caso, per poter realizzare un&#8217;integrazione \u00e8 necessario dimostrare di creare sinergie e valore e la prima sinergia \u00e8 quella di costo. Nel crossborder esistono grosse difficolt\u00e0 legate alla volont\u00e0 dei diversi Stati di cercare di mantenere le aziende leader nel proprio Paese. Il fattore negative goodwill \u00e8 da tenere presente e se c\u2019\u00e8 eccesso di capitale, agevola. Nel breve periodo non vedo accelerazione. Essere nel ranking delle prime tre \u00e8 un fattore di forza. Qualunque cosa accada nel futuro\u00bb.<\/p>\n<h5>Su operazioni simili a Intesa-Ubi in Italia<\/h5>\n<p>\u00ab\u00c8 probabile che in Italia ci possa essere un <strong>consolidamento<\/strong> ma non credo che le condizioni siano cambiate rispetto a prima che annunciassimo l&#8217;operazione. In ogni caso, bisogner\u00e0 vedere l&#8217;attitudine del Ministero dell&#8217;Economia che \u00e8 proprietario di <strong>Mps<\/strong> e delle altre banche che hanno amministratori delegati in carica, visto che in queste operazioni \u00e8 importante chi comanda e come si organizza la governance. <strong><span style=\"color: #ff0000\">Con questa mossa abbiamo creato un significativo distacco da un altro player italiano che non \u00e8 pi\u00f9 la prima grande banca europea in Italia. In Italia non era comparabile prima e non lo sar\u00e0 nemmeno oggi<\/span><\/strong>\u00bb.<\/p>\n<h5>Su eventuali esuberi<\/h5>\n<p>\u00abNon ho interesse a fare uscire nessuno dalla realt\u00e0 che si crea; ringrazio le 20mila persone di Ubi e le nostre 100mila\u00bb.<\/p>\n<h5>Su una proroga della moratoria dei prestiti<\/h5>\n<p>\u00abAlla fine della <strong>moratoria<\/strong> ci sar\u00e0 un aumento degli <strong>npl<\/strong> e credo che sia importante che il governo lavori su un&#8217;estensione di un anno che possa portare il sistema bancario italiano e noi siamo tra quelli che ne trarrebbero minor beneficio noi siamo quelli che <strong>past due<\/strong> aumenteranno se aumentano non \u00e8 drammatico ma \u00e8 meglio\u00bb.<\/p>\n<h5>Sul portafoglio Btp<\/h5>\n<p>\u00abNoi abbiamo aumentato il nostro portafoglio <strong>Btp<\/strong> e siamo stati in grado di realizzare un incremento nell&#8217;ambito di una corretta diversificazione. Questo \u00e8 uno dei momenti in cui si agisce in ottica di sistema-Paese\u00bb.<\/p>\n<h5>Su Gaetano Miccich\u00e9 come nuovo ad di Ubi<\/h5>\n<p>\u00abIn termini di scelta della persona che prender\u00e0 le redini \u00e8 importante individuare una figura di prestigio fino all&#8217;incorporazione, una persona che abbia dimostrato di saper guidare con successo organizzazioni complesse e squadre che hanno nel loro dna la necessit\u00e0 di essere motivate e credo che questo identikit corrisponda a <strong>Gaetano Miccich\u00e9<\/strong>. \u00c8 una persona di cui mi fido ciecamente. \u00c8 un percorso che deve essere formalizzato e dovr\u00e0 essere il cda di Ubi a designarlo e ritengo che possa aiutarmi in una fase in cui ho bisogno che le persone di Ubi possano sentirsi tranquillizzate. Il 6 agosto ci sar\u00e0 il consiglio di Ubi e vedremo, ma \u00e8 una persona che ritengo capace di interloquire con gli stakeholder\u00bb.<\/p>\n<h5>Sulle polemiche dell&#8217;ex ad di Ubi, Victor Massiah<\/h5>\n<p>\u00abL\u2019operazione non si poteva che svolgere in questo modo. Non ho mai fatto commenti negativi sul management di Ubi e ho mantenuto la serenit\u00e0. I risultati mi hanno dato ragione: \u00e8 stata una delle migliori operazioni m&amp;a in Italia, totalmente di mercato e il fatto che non sia stata legata ad un accordo di carattere relazionale tra gruppi di soci ne \u00e8 la dimostrazione\u00bb.<\/p>\n<h5>Sul numero di impiegati che sar\u00e0 assorbito da Bper<\/h5>\n<p>\u00abUna stima dei lavoratori interessati dalla cessione delle filiali \u00e8 prematura perch\u00e9 non abbiamo avuto accesso alle informazioni. Bisogna ricondurre il discorso alle logiche antitrust e alla dimensione di Ubi Banca, intesa non solo come risultante dalla fusione di <strong>Bpu<\/strong> e <strong>Banca Lombarda<\/strong> ma anche delle altre banche aggregate\u00bb.<\/p>\n<h5>Sulle relazioni sindacali<\/h5>\n<p>\u00abHo sempre avuto un ottimo rapporto con i sindacati perch\u00e9 nasco come una persona che in banca ha fatto tutti i passaggi e sono uno di loro. Non sar\u00e0 difficile trovare punti d\u2019incontro. Ribadisco la mia stima nei loro confronti\u00bb.<\/p>\n<h5>Sull&#8217;utilizzo delle risorse del Mes<\/h5>\n<p>\u00abCredo che sia importante che l\u2019Italia acceda alle risorse del <strong>Mes<\/strong>. \u00c8 importante che il governo acceleri la crescita. Abbiamo tra i nostri azionisti principali le <strong>fondazioni<\/strong> e <strong><span style=\"color: #ff0000\">un ad che parla l&#8217;italiano<\/span><\/strong> e questo \u00e8 importante per collegarsi alle istituzioni\u00bb.<\/p>\n<h5>Sulla presunta ostilit\u00e0 di alcuni soci bergamaschi di Ubi<\/h5>\n<p>\u00abNel momento decisivo della <strong>pandemia<\/strong> a <strong>Bergamo<\/strong> c\u2019eravamo solo noi a fianco della diocesi e con i nostri prestiti d\u2019impatto. Con il sindaco <strong>Gori<\/strong> siamo stati i primi a sostenere la diocesi, le parrocchie, l&#8217;ospedale. La base che mi ha contattato per ringraziarmi non mi \u00e8 sembrata contraria. La direzione che istituiremo sar\u00e0 una piccola Bpu nel territorio con molte deleghe. Anche <strong>Antonio Percassi<\/strong>, che \u00e8 una bandiera di Bergamo con l&#8217;<strong>Atalanta<\/strong>, non ha avuto antipatia. Il capo della direzione sar\u00e0 una persona proveniente dal territorio. nel consiglio del territorio saranno rappresentate le migliori eccellenze. Tutti avranno beneficio nel territorio e in Italia: non ci saranno revoche di fidi e sul credito. E Miccich\u00e9 \u00e8 allineato con me e, se sar\u00e0 nominato ad, vedrete che tutto questo si tradurr\u00e0 in realt\u00e0\u00bb.<\/p>\n<h5>Sui driver del nuovo piano industriale<\/h5>\n<p>\u00abSiamo la seconda compagnia assicurativa italiana e la prima banca. Le analisi effettuate dopo l&#8217;accordo con <strong>SisalPay<\/strong> sui servizi bancari di prossimit\u00e0 evidenziano che il numero massimo di filiali che si possono chiudere \u00e8 1.000. Ma da qui a dire che le chiuderemo ce ne passa. Bisogna vedere quali sono i clienti e se c\u2019\u00e8 un cliente <em>personal<\/em>, non chiudo la filiale ma su quella va innestata un&#8217;analisi di comprensione dei bisogni dei clienti. Si ragioner\u00e0, invece, sul <strong>mass market<\/strong> con strumenti alternativi come SisalPay.\u00a0<strong>IwBank<\/strong> la vogliamo valorizzare e sar\u00e0 un punto di forza nell\u2019ambito del <strong>wealth management<\/strong>. Sono settori per noi strategici\u00bb.<\/p>\n<h5>Sull&#8217;organizzazione a Cuneo<\/h5>\n<p>\u00ab<strong>Cuneo<\/strong> \u00e8 un territorio su cui vogliamo investire, tanto nelle startup come nelle filiere. Ad esempio, <strong>Pavia<\/strong> sar\u00e0 l&#8217;hub per la <strong>filiera dell&#8217;agricoltura<\/strong>\u00bb.<\/p>\n<h5>Sulla dividend policy<\/h5>\n<p>\u00ab\u00c8 prevista la distribuzione di <strong>dividendi<\/strong> ordinari e, se la <strong>Bce<\/strong> ci autorizzer\u00e0, saremo pronti a distribuire riserve ai nostri azionisti che riguardano il dividendo 2019 non erogato\u00bb.<\/p>\n<h5>Su Intesa Sanpaolo come banca di sistema<\/h5>\n<p>\u00abSiamo una proxy dell\u2019Italia, un Paese con 11 trilioni di risparmi, imprese eccellenti nell\u2019export e 2,5 trilioni di debito pubblico. Affermare che questo Paese sia in difficolt\u00e0 \u00e8 esagerato, non \u00e8 un Paese che fa schifo. Siamo leader nel wealth management e l\u2019Italia \u00e8 il Paese pi\u00f9 ricco d\u2019Europa, siamo la banca delle aziende migliori del Paese. E questo \u00e8 dimostrato dal fatto che siamo la miglior banca d\u2019Europa come price to book value. Tra i nostri principali azionisti non ci sono hedge fund speculativi o investitori di second&#8217;ordine ma grandi fondi internazionali come <strong>BlackRock<\/strong>, <strong>Harris<\/strong>, <strong>Vanguard<\/strong>. E questo \u00e8 un particolare non trascurabile\u00bb.<\/p>\n<p><strong>Gian Maria De Francesco<\/strong><\/p>\n<p>(N.B.: in rosso i riferimenti alla storica rivale <strong>UniCredit<\/strong>)<\/p>\n","protected":false},"excerpt":{"rendered":"<p><p>&nbsp; I siti Internet che si occupano di calcio sono ormai adusi a trascrivere pedissequamente le dichiarazioni degli allenatori nelle conferenze stampa post-partita per fornire una visuale a 360\u00b0 del commento del tecnico. Abbiamo pensato a una soluzione simile per la conferenza stampa post-semestrale del Ceo di Intesa Sanpaolo, Carlo Messina, visto che si \u00e8 conclusa un&#8217;altra grande partita: la conquista di Ubi Banca tramite Opas. \u00a0Sul risultato dell&#8217;Opas \u00abSiamo il secondo gruppo dell&#8217;Eurozona per capitalizzazione di Borsa, scavalcando Santander e avvicinandoci al valore Bnp Paribas, a dimostrazione del valore strategico di un&#8217;operazione che rafforza l&#8217;Italia e che dimostra che [&hellip;]<\/p>\n&nbsp;&nbsp;<div class=\"readmore\"><a href=\"https:\/\/blog.ilgiornale.it\/wallandstreet\/2020\/08\/05\/messina-dixit\/\">Continua a leggere...<\/a><\/div><\/p>","protected":false},"author":1006,"featured_media":0,"comment_status":"open","ping_status":"open","sticky":false,"template":"","format":"standard","meta":[],"categories":[15706],"tags":[26334,395816,31382,395815,74413,837,11479,16968,15649,15777,395817,3824,97,49732,50098,121565,387565,407325,752,15755,22984,21480,48531,395811,193397,14745,395813,14467,820,407330,15646,395804,407324,395818,395812,26787,395698,15774,121564,395809,40330,395814,2594,407323,15771,407331,16858,407328,27580,395821,27441,395820,27106,15648,167,407329,16912,26179],"_links":{"self":[{"href":"https:\/\/blog.ilgiornale.it\/wallandstreet\/wp-json\/wp\/v2\/posts\/8350"}],"collection":[{"href":"https:\/\/blog.ilgiornale.it\/wallandstreet\/wp-json\/wp\/v2\/posts"}],"about":[{"href":"https:\/\/blog.ilgiornale.it\/wallandstreet\/wp-json\/wp\/v2\/types\/post"}],"author":[{"embeddable":true,"href":"https:\/\/blog.ilgiornale.it\/wallandstreet\/wp-json\/wp\/v2\/users\/1006"}],"replies":[{"embeddable":true,"href":"https:\/\/blog.ilgiornale.it\/wallandstreet\/wp-json\/wp\/v2\/comments?post=8350"}],"version-history":[{"count":8,"href":"https:\/\/blog.ilgiornale.it\/wallandstreet\/wp-json\/wp\/v2\/posts\/8350\/revisions"}],"predecessor-version":[{"id":8359,"href":"https:\/\/blog.ilgiornale.it\/wallandstreet\/wp-json\/wp\/v2\/posts\/8350\/revisions\/8359"}],"wp:attachment":[{"href":"https:\/\/blog.ilgiornale.it\/wallandstreet\/wp-json\/wp\/v2\/media?parent=8350"}],"wp:term":[{"taxonomy":"category","embeddable":true,"href":"https:\/\/blog.ilgiornale.it\/wallandstreet\/wp-json\/wp\/v2\/categories?post=8350"},{"taxonomy":"post_tag","embeddable":true,"href":"https:\/\/blog.ilgiornale.it\/wallandstreet\/wp-json\/wp\/v2\/tags?post=8350"}],"curies":[{"name":"wp","href":"https:\/\/api.w.org\/{rel}","templated":true}]}}