{"id":8415,"date":"2021-02-05T11:58:40","date_gmt":"2021-02-05T11:58:40","guid":{"rendered":"https:\/\/blog.ilgiornale.it\/wallandstreet\/?p=8415"},"modified":"2021-02-16T16:05:07","modified_gmt":"2021-02-16T16:05:07","slug":"lenergia-di-domani-wall-street-live","status":"publish","type":"post","link":"https:\/\/blog.ilgiornale.it\/wallandstreet\/2021\/02\/05\/lenergia-di-domani-wall-street-live\/","title":{"rendered":"L&#8217;energia di domani &#8211; Wall &amp; Street Live"},"content":{"rendered":"<p><img loading=\"lazy\" class=\"aligncenter size-full wp-image-8416\" src=\"https:\/\/blog.ilgiornale.it\/wallandstreet\/files\/2021\/02\/light-bulb-3104355_640-e1612524665112.jpg\" alt=\"\" width=\"550\" height=\"309\" \/><\/p>\n<p>In questa nuova puntata di <strong>Wall &amp; Street Live<\/strong> parliamo di <strong>energia<\/strong> e di <strong>bollette<\/strong>. Affrontiamo l&#8217;argomento con <strong>Matteo Ballarin<\/strong>, presidente di <strong>Europe Energy<\/strong> che in Italia opera con il marchio <a href=\"https:\/\/blog.ilgiornale.it\/wallandstreet\/2020\/11\/08\/withu-punta-alla-serie-a-con-il-monza\/\"><strong>Withu<\/strong><\/a>, offrendo oltre a <strong>luce<\/strong> e <strong>gas<\/strong> anche connettivit\u00e0 <strong>Internet<\/strong>.<\/p>\n<p><iframe title=\"Wall &amp; Street Live - Energia\" width=\"500\" height=\"281\" src=\"https:\/\/www.youtube.com\/embed\/gNiNyqLTLKg?feature=oembed\" frameborder=\"0\" allow=\"accelerometer; autoplay; clipboard-write; encrypted-media; gyroscope; picture-in-picture\" allowfullscreen><\/iframe><\/p>\n<p><img loading=\"lazy\" class=\"alignleft size-medium wp-image-8417\" src=\"https:\/\/blog.ilgiornale.it\/wallandstreet\/files\/2021\/02\/Matteo-Ballarin-300x290.jpg\" alt=\"\" width=\"300\" height=\"290\" srcset=\"https:\/\/blog.ilgiornale.it\/wallandstreet\/files\/2021\/02\/Matteo-Ballarin-300x290.jpg 300w, https:\/\/blog.ilgiornale.it\/wallandstreet\/files\/2021\/02\/Matteo-Ballarin.jpg 541w\" sizes=\"(max-width: 300px) 100vw, 300px\" \/>Il primo punto affrontato \u00e8 la smitizzazione della <strong>greenmania<\/strong> che attraversa il Paese. \u00abSiamo sostenitori del consumo di energia prodotta da <strong>fonti rinnovabili<\/strong> ma <span style=\"text-decoration: underline\"><strong>sarebbe corretto realizzare un piano energetico pluriennale<\/strong><\/span> mentre puntare tutto tout court sarebbe errato perch\u00e9 ha dei costi industriali che l\u2019Italia non si pu\u00f2 permettere\u00bb, afferma Ballarin aggiungendo che \u00absi rischia di fare come con il <strong>fotovoltaico<\/strong> dello scorso decennio: si sono riempiti di pannelli solari interi terreni del Sud Italia uccidendo un certo tipo di <strong>agricoltura<\/strong> e creando un problema industriale alla generazione di energia elettrica\u00bb. Basta ricordare il caso <strong>Sorgenia<\/strong> che \u00ab\u00e8 finita in mano alle banche e aveva investito in 10.000 Megawatt. <span style=\"text-decoration: underline\"><strong>Il verde deve essere correttamente pianificato su base nazionale, non \u00e8 una rivoluzione che si conclude dopo una legislatura<\/strong><\/span>\u00bb.<\/p>\n<p>&nbsp;<\/p>\n<p>Stesso discorso per il Recovery Plan. \u00abSe vogliamo arrivare alla transizione energetica, bisogna investire sulle reti elettriche\u00bb, rimarca Ballarin invitando a non trascurare \u00abl\u2019<strong>effetto Nimby<\/strong> che non riguarda solo inceneritori, centrali e tralicci ma sempre pi\u00f9 i grandi impianti da fonti rinnovabili\u00bb, Secondo il presidente di Europe Energy, \u00ab<span style=\"text-decoration: underline\"><strong>servirebbe un po\u2019 meno di democrazia perch\u00e9 se le opere sono una priorit\u00e0 nazionale, si devono fare altrimenti i miliardi per la rivoluzione verde si perdono<\/strong><\/span>\u00bb.<\/p>\n<p>Anche in tema di liberalizzazioni il mercato italiano non ha saputo evitare disfunzionalit\u00e0. \u00abI<span style=\"text-decoration: underline\"><strong>l mercato \u00e8 libero e chiunque pu\u00f2 scegliere il proprio fornitore, il rinvio della fine del mercato tutelato significa non affrontare il problema della trasparenza dei costi<\/strong><\/span>\u00bb, osserva. \u00abIl prezzo dell\u2019energia si \u00e8 allineato con il resto dell\u2019Europa, ma due terzi della bolletta sono tasse non energia: oneri per finanziare l&#8217;energia verde cuba mezza bolletta, incidono inoltre i canoni di locazione per trasporto dell\u2019energia\u00bb, aggiunge Ballarin. <span style=\"text-decoration: underline\"><strong>Dal primo luglio le partite Iva sono obbligate al mercato libero<\/strong><\/span> e le loro utenze verranno messe all&#8217;asta tra gli operatori. \u00ab<span style=\"text-decoration: underline\"><strong>Le regole sono particolari perch\u00e9 la lista dei prerequisiti \u00e8 tale che si salvano poche aziende, \u00e8 una liberalizzazione per pochi. Ci sono 10.000 regole ma non quella di escludere chi ha ricevuto multe dell\u2019Antitrust, forse perch\u00e9 avrebbero escluso aziende pubbliche ed ex municipalizzate<\/strong><\/span>\u00bb.<\/p>\n<p>\u00abLa nostra offerta &#8211; conclude &#8211; si delinea su luce, gas e Internet e creiamo inoltre soluzioni di democratizzazione della <strong>domotica<\/strong> che siano <em>plug in<\/em> e non invasive come il rilevatore di fumo inseribile nella presa di corrente o prese digitalizzate che tengono sotto controllo i consumi\u00bb.<\/p>\n<p><strong>Wall &amp; Street<\/strong><\/p>\n","protected":false},"excerpt":{"rendered":"<p><p>In questa nuova puntata di Wall &amp; Street Live parliamo di energia e di bollette. Affrontiamo l&#8217;argomento con Matteo Ballarin, presidente di Europe Energy che in Italia opera con il marchio Withu, offrendo oltre a luce e gas anche connettivit\u00e0 Internet. Il primo punto affrontato \u00e8 la smitizzazione della greenmania che attraversa il Paese. \u00abSiamo sostenitori del consumo di energia prodotta da fonti rinnovabili ma sarebbe corretto realizzare un piano energetico pluriennale mentre puntare tutto tout court sarebbe errato perch\u00e9 ha dei costi industriali che l\u2019Italia non si pu\u00f2 permettere\u00bb, afferma Ballarin aggiungendo che \u00absi rischia di fare come con [&hellip;]<\/p>\n&nbsp;&nbsp;<div class=\"readmore\"><a href=\"https:\/\/blog.ilgiornale.it\/wallandstreet\/2021\/02\/05\/lenergia-di-domani-wall-street-live\/\">Continua a leggere...<\/a><\/div><\/p>","protected":false},"author":1006,"featured_media":0,"comment_status":"closed","ping_status":"closed","sticky":false,"template":"","format":"standard","meta":[],"categories":[407365],"tags":[7179,26334,40288,16916,72461,15691,3740,395700,414100,3725,5454,395699,261148,121785,414103,23498,409720,111849,43484,414101,17036,407349],"_links":{"self":[{"href":"https:\/\/blog.ilgiornale.it\/wallandstreet\/wp-json\/wp\/v2\/posts\/8415"}],"collection":[{"href":"https:\/\/blog.ilgiornale.it\/wallandstreet\/wp-json\/wp\/v2\/posts"}],"about":[{"href":"https:\/\/blog.ilgiornale.it\/wallandstreet\/wp-json\/wp\/v2\/types\/post"}],"author":[{"embeddable":true,"href":"https:\/\/blog.ilgiornale.it\/wallandstreet\/wp-json\/wp\/v2\/users\/1006"}],"replies":[{"embeddable":true,"href":"https:\/\/blog.ilgiornale.it\/wallandstreet\/wp-json\/wp\/v2\/comments?post=8415"}],"version-history":[{"count":2,"href":"https:\/\/blog.ilgiornale.it\/wallandstreet\/wp-json\/wp\/v2\/posts\/8415\/revisions"}],"predecessor-version":[{"id":8426,"href":"https:\/\/blog.ilgiornale.it\/wallandstreet\/wp-json\/wp\/v2\/posts\/8415\/revisions\/8426"}],"wp:attachment":[{"href":"https:\/\/blog.ilgiornale.it\/wallandstreet\/wp-json\/wp\/v2\/media?parent=8415"}],"wp:term":[{"taxonomy":"category","embeddable":true,"href":"https:\/\/blog.ilgiornale.it\/wallandstreet\/wp-json\/wp\/v2\/categories?post=8415"},{"taxonomy":"post_tag","embeddable":true,"href":"https:\/\/blog.ilgiornale.it\/wallandstreet\/wp-json\/wp\/v2\/tags?post=8415"}],"curies":[{"name":"wp","href":"https:\/\/api.w.org\/{rel}","templated":true}]}}