{"id":8516,"date":"2021-07-12T14:12:35","date_gmt":"2021-07-12T14:12:35","guid":{"rendered":"https:\/\/blog.ilgiornale.it\/wallandstreet\/?p=8516"},"modified":"2021-07-12T14:12:35","modified_gmt":"2021-07-12T14:12:35","slug":"care-bollette-wall-street-live","status":"publish","type":"post","link":"https:\/\/blog.ilgiornale.it\/wallandstreet\/2021\/07\/12\/care-bollette-wall-street-live\/","title":{"rendered":"Care bollette &#8211; Wall &amp; Street Live"},"content":{"rendered":"<p><img loading=\"lazy\" class=\"aligncenter size-full wp-image-8517\" src=\"https:\/\/blog.ilgiornale.it\/wallandstreet\/files\/2021\/07\/service-utility-payments-gas-money-38437-e1626099124652.jpeg\" alt=\"\" width=\"550\" height=\"367\" \/><\/p>\n<p>Il forte aumento delle quotazioni delle <strong>materie prime<\/strong> avrebbe portato ad un aumento di circa il 20% della <strong>bolletta<\/strong> dell&#8217;<strong>elettricit\u00e0<\/strong>, se il <strong>governo Draghi<\/strong> non fosse intervenuto con il dl Lavoro per diminuire la necessit\u00e0 di raccolta degli oneri generali in bolletta del trimestre in corso. L&#8217;Authority energetica, l&#8217;Arera, ha cos\u00ec reso noto che l&#8217;<span style=\"text-decoration: underline\"><strong>incremento definitivo \u00e8 del 9,9% per la bolletta dell&#8217;elettricit\u00e0 e del 15,3% per quella del gas nel terzo trimestre del 2021 per la famiglia tipo1 in tutela<\/strong><\/span>.<\/p>\n<p>In questa puntata di <em><strong>Wall &amp; Street Live<\/strong><\/em> abbiamo affrontato questi argomenti con <strong>Matteo Ballarin<\/strong>, fondatore e presidente di <strong>Europe Energy<\/strong>.<\/p>\n<p><iframe title=\"Care bollette - Wall &amp; Street Live\" width=\"500\" height=\"281\" src=\"https:\/\/www.youtube.com\/embed\/N9dFyVDbcRQ?feature=oembed\" frameborder=\"0\" allow=\"accelerometer; autoplay; clipboard-write; encrypted-media; gyroscope; picture-in-picture\" allowfullscreen><\/iframe><\/p>\n<p>\u00abDi sicuro &#8211; afferma Ballarin &#8211; <span style=\"text-decoration: underline\"><strong>le tariffe sono destinate ad aumentare e, se il governo non trover\u00e0 un altro miliardo per coprire i rincari del trimestre in corso nel prossimo, le bollette saranno pi\u00f9 care<\/strong><\/span>\u00bb. La ripresa della domanda di materie prime, aggiunge, \u00abha innescato una <strong>speculazione<\/strong> sul comparto <strong>commodities<\/strong> per recuperare quanto perso durante i <strong>lockdown\u00bb<\/strong>. Poi, sottolinea, c&#8217;\u00e8 una guerra di potere tra la <strong>Cina, <\/strong>la <strong>Russia<\/strong> che vuole restare il principale fornitore dell&#8217;<strong>Europa<\/strong>\u00a0e gli <strong>Usa<\/strong> che vogliono prendere il posto di Mosca.<\/p>\n<p>\u00ab<a href=\"https:\/\/formiche.net\/2021\/05\/nord-stream-2-sanzioni\/\">Le sanzioni Usa sul <strong>Nord Stream<\/strong><\/a>, il gasdotto che dalla Russia arriva in Nord Europa, hanno indotto il governo russo a chiudere i rubinetti e il gas va ai massimi. <span style=\"text-decoration: underline\"><strong>Noi paghiamo le conseguenze di una guerra economico-finanziaria<\/strong><\/span>\u00bb, rimarca Ballarin ricordando che una maggiore offerta di petrolio potrebbe compensare questi squilibri. \u00abL&#8217;<strong>Opec<\/strong> ha dimostrato di saper prendere decisioni in maniera veloce. Bisogner\u00e0 vedere se si trover\u00e0 un equilibrio\u00bb.<\/p>\n<p>Come risparmiare, dunque? \u00ab<strong>L<\/strong><span style=\"text-decoration: underline\"><strong>e tariffe del mercato libero sono competitive e consentono di evitare la volatilit\u00e0 dei prezzi del mercato tutelato, ma il primo consiglio da dare \u00e8 che il miglior mezzo per risparmiare \u00e8 consumare meno energia<\/strong><\/span>, a partire dal tenere le finestre chiuse quando il condizionatore \u00e8 acceso\u00bb, conclude il presidente di Europe Energy.<\/p>\n<p><strong>Wall &amp; Street<\/strong><\/p>\n","protected":false},"excerpt":{"rendered":"<p><p>Il forte aumento delle quotazioni delle materie prime avrebbe portato ad un aumento di circa il 20% della bolletta dell&#8217;elettricit\u00e0, se il governo Draghi non fosse intervenuto con il dl Lavoro per diminuire la necessit\u00e0 di raccolta degli oneri generali in bolletta del trimestre in corso. L&#8217;Authority energetica, l&#8217;Arera, ha cos\u00ec reso noto che l&#8217;incremento definitivo \u00e8 del 9,9% per la bolletta dell&#8217;elettricit\u00e0 e del 15,3% per quella del gas nel terzo trimestre del 2021 per la famiglia tipo1 in tutela. In questa puntata di Wall &amp; Street Live abbiamo affrontato questi argomenti con Matteo Ballarin, fondatore e presidente di [&hellip;]<\/p>\n&nbsp;&nbsp;<div class=\"readmore\"><a href=\"https:\/\/blog.ilgiornale.it\/wallandstreet\/2021\/07\/12\/care-bollette-wall-street-live\/\">Continua a leggere...<\/a><\/div><\/p>","protected":false},"author":1006,"featured_media":0,"comment_status":"closed","ping_status":"closed","sticky":false,"template":"","format":"standard","meta":[],"categories":[31506],"tags":[16916,25,121549,387565,15691,395700,3725,820,395725,9154,15754,395699,3718,19,16917,85],"_links":{"self":[{"href":"https:\/\/blog.ilgiornale.it\/wallandstreet\/wp-json\/wp\/v2\/posts\/8516"}],"collection":[{"href":"https:\/\/blog.ilgiornale.it\/wallandstreet\/wp-json\/wp\/v2\/posts"}],"about":[{"href":"https:\/\/blog.ilgiornale.it\/wallandstreet\/wp-json\/wp\/v2\/types\/post"}],"author":[{"embeddable":true,"href":"https:\/\/blog.ilgiornale.it\/wallandstreet\/wp-json\/wp\/v2\/users\/1006"}],"replies":[{"embeddable":true,"href":"https:\/\/blog.ilgiornale.it\/wallandstreet\/wp-json\/wp\/v2\/comments?post=8516"}],"version-history":[{"count":1,"href":"https:\/\/blog.ilgiornale.it\/wallandstreet\/wp-json\/wp\/v2\/posts\/8516\/revisions"}],"predecessor-version":[{"id":8518,"href":"https:\/\/blog.ilgiornale.it\/wallandstreet\/wp-json\/wp\/v2\/posts\/8516\/revisions\/8518"}],"wp:attachment":[{"href":"https:\/\/blog.ilgiornale.it\/wallandstreet\/wp-json\/wp\/v2\/media?parent=8516"}],"wp:term":[{"taxonomy":"category","embeddable":true,"href":"https:\/\/blog.ilgiornale.it\/wallandstreet\/wp-json\/wp\/v2\/categories?post=8516"},{"taxonomy":"post_tag","embeddable":true,"href":"https:\/\/blog.ilgiornale.it\/wallandstreet\/wp-json\/wp\/v2\/tags?post=8516"}],"curies":[{"name":"wp","href":"https:\/\/api.w.org\/{rel}","templated":true}]}}