{"id":8520,"date":"2021-07-20T14:16:06","date_gmt":"2021-07-20T14:16:06","guid":{"rendered":"https:\/\/blog.ilgiornale.it\/wallandstreet\/?p=8520"},"modified":"2021-07-20T14:16:06","modified_gmt":"2021-07-20T14:16:06","slug":"bianconiglio-hacker-wall-street-live","status":"publish","type":"post","link":"https:\/\/blog.ilgiornale.it\/wallandstreet\/2021\/07\/20\/bianconiglio-hacker-wall-street-live\/","title":{"rendered":"Bianconiglio Hacker &#8211; Wall &amp; Street Live"},"content":{"rendered":"<p><img loading=\"lazy\" class=\"aligncenter size-full wp-image-8521\" src=\"https:\/\/blog.ilgiornale.it\/wallandstreet\/files\/2021\/07\/Hacker-in-azione-e1626735195751.jpeg\" alt=\"\" width=\"550\" height=\"367\" \/><\/p>\n<p>In questa puntata di Wall &amp; Street Live <strong>Alessandro Curioni<\/strong>, presidente e fondatore di <strong>Di.Gi. Academy<\/strong>, ci racconta della sua ultima fatica letteraria \u00ab<strong>Il giorno del Bianconiglio<\/strong>\u00bb (Chiarelettere, 256 pp, 15 euro), un giallo che svela i segreti della <strong>rete<\/strong> e mostra quanto siamo vulnerabili. Un cyberthriller che si ispira a fatti e ad attacchi realmente accaduti negli ultimi cinque anni, che hanno coinvolto sistemi estremamente critici di diversi Paesi.<span class=\"Apple-converted-space\">\u00a0<\/span><\/p>\n<p><iframe title=\"Il giorno del Bianconiglio -- Wall &amp; Street Live\" width=\"500\" height=\"281\" src=\"https:\/\/www.youtube.com\/embed\/wzIfD-UmNFI?feature=oembed\" frameborder=\"0\" allow=\"accelerometer; autoplay; clipboard-write; encrypted-media; gyroscope; picture-in-picture\" allowfullscreen><\/iframe><\/p>\n<p><img loading=\"lazy\" class=\"alignleft size-medium wp-image-8522\" src=\"https:\/\/blog.ilgiornale.it\/wallandstreet\/files\/2021\/07\/Banconiglio-195x300.jpg\" alt=\"\" width=\"195\" height=\"300\" srcset=\"https:\/\/blog.ilgiornale.it\/wallandstreet\/files\/2021\/07\/Banconiglio-195x300.jpg 195w, https:\/\/blog.ilgiornale.it\/wallandstreet\/files\/2021\/07\/Banconiglio-667x1024.jpg 667w, https:\/\/blog.ilgiornale.it\/wallandstreet\/files\/2021\/07\/Banconiglio-768x1179.jpg 768w, https:\/\/blog.ilgiornale.it\/wallandstreet\/files\/2021\/07\/Banconiglio-1001x1536.jpg 1001w, https:\/\/blog.ilgiornale.it\/wallandstreet\/files\/2021\/07\/Banconiglio-1334x2048.jpg 1334w, https:\/\/blog.ilgiornale.it\/wallandstreet\/files\/2021\/07\/Banconiglio-scaled.jpg 1668w\" sizes=\"(max-width: 195px) 100vw, 195px\" \/>\u00abLa storia nasce dalla mia fantasia cinque anni fa, ma poi \u00e8 diventato un caso reale come <a href=\"https:\/\/www.corriere.it\/tecnologia\/21_luglio_05\/cyber-attacco-russo-va-avanti-negozi-chiusi-colpite-scuole-banche-vogliamo-70-milioni-riscatto-a5ed6922-dd70-11eb-8676-1285755d8d46.shtml\">l&#8217;<strong>attacco hacker<\/strong> russo al pi\u00f9 grande oleodotto della East Coast<\/a>\u00bb, racconta Curioni aggiungendo che \u00abil romanzo \u00e8 un&#8217;ottima occasione per raccontare il mondo che sta al di l\u00e0 dello schermo dinanzi al quale spesso ci troviamo\u00bb. Affiancati dalla giornalista Teresa Aprili, che di Internet capisce poco o nulla ma sapr\u00e0 dare un contributo fondamentale all\u2019indagine, Leonardo Artico e Roberto Gelmi, due esperti di informatica si trovano impegnati a sventare un attacco che punta a mettere in ginocchio un colosso dell\u2019energia e forse un\u2019intera nazione.<span class=\"Apple-converted-space\"> \u00abIl giorno del Bianconiglio\u00bb racconta cos\u00ec una vicenda che ormai \u00e8 cronaca. quotidiana.<\/span><\/p>\n<p>\u00abNel nostro immaginario che <strong>Google<\/strong> e <strong>Facebook<\/strong> siano gratis, ma accettano una moneta diversa: i nostri dati che sono il petrolio del XXI secolo perch\u00e9 consentono alle aziende di profilarci e di proporci sempre la pubblicit\u00e0 pi\u00f9 adatta e di questo dobbiamo essere consapevoli\u00bb, spiega Curioni.<\/p>\n<p><strong>Wall &amp; Street<\/strong><\/p>\n","protected":false},"excerpt":{"rendered":"<p><p>In questa puntata di Wall &amp; Street Live Alessandro Curioni, presidente e fondatore di Di.Gi. Academy, ci racconta della sua ultima fatica letteraria \u00abIl giorno del Bianconiglio\u00bb (Chiarelettere, 256 pp, 15 euro), un giallo che svela i segreti della rete e mostra quanto siamo vulnerabili. Un cyberthriller che si ispira a fatti e ad attacchi realmente accaduti negli ultimi cinque anni, che hanno coinvolto sistemi estremamente critici di diversi Paesi.\u00a0 \u00abLa storia nasce dalla mia fantasia cinque anni fa, ma poi \u00e8 diventato un caso reale come l&#8217;attacco hacker russo al pi\u00f9 grande oleodotto della East Coast\u00bb, racconta Curioni aggiungendo [&hellip;]<\/p>\n&nbsp;&nbsp;<div class=\"readmore\"><a href=\"https:\/\/blog.ilgiornale.it\/wallandstreet\/2021\/07\/20\/bianconiglio-hacker-wall-street-live\/\">Continua a leggere...<\/a><\/div><\/p>","protected":false},"author":1006,"featured_media":0,"comment_status":"closed","ping_status":"closed","sticky":false,"template":"","format":"standard","meta":[],"categories":[407365],"tags":[68243,68244,108343,417529,417528,773,18594,34089,121841,417530,10757,19,85],"_links":{"self":[{"href":"https:\/\/blog.ilgiornale.it\/wallandstreet\/wp-json\/wp\/v2\/posts\/8520"}],"collection":[{"href":"https:\/\/blog.ilgiornale.it\/wallandstreet\/wp-json\/wp\/v2\/posts"}],"about":[{"href":"https:\/\/blog.ilgiornale.it\/wallandstreet\/wp-json\/wp\/v2\/types\/post"}],"author":[{"embeddable":true,"href":"https:\/\/blog.ilgiornale.it\/wallandstreet\/wp-json\/wp\/v2\/users\/1006"}],"replies":[{"embeddable":true,"href":"https:\/\/blog.ilgiornale.it\/wallandstreet\/wp-json\/wp\/v2\/comments?post=8520"}],"version-history":[{"count":1,"href":"https:\/\/blog.ilgiornale.it\/wallandstreet\/wp-json\/wp\/v2\/posts\/8520\/revisions"}],"predecessor-version":[{"id":8523,"href":"https:\/\/blog.ilgiornale.it\/wallandstreet\/wp-json\/wp\/v2\/posts\/8520\/revisions\/8523"}],"wp:attachment":[{"href":"https:\/\/blog.ilgiornale.it\/wallandstreet\/wp-json\/wp\/v2\/media?parent=8520"}],"wp:term":[{"taxonomy":"category","embeddable":true,"href":"https:\/\/blog.ilgiornale.it\/wallandstreet\/wp-json\/wp\/v2\/categories?post=8520"},{"taxonomy":"post_tag","embeddable":true,"href":"https:\/\/blog.ilgiornale.it\/wallandstreet\/wp-json\/wp\/v2\/tags?post=8520"}],"curies":[{"name":"wp","href":"https:\/\/api.w.org\/{rel}","templated":true}]}}