{"id":8531,"date":"2021-08-31T20:57:14","date_gmt":"2021-08-31T20:57:14","guid":{"rendered":"https:\/\/blog.ilgiornale.it\/wallandstreet\/?p=8531"},"modified":"2021-08-31T20:57:14","modified_gmt":"2021-08-31T20:57:14","slug":"torna-allyouneedislease","status":"publish","type":"post","link":"https:\/\/blog.ilgiornale.it\/wallandstreet\/2021\/08\/31\/torna-allyouneedislease\/","title":{"rendered":"Torna #AllYOUneedisLEASE"},"content":{"rendered":"<p><img loading=\"lazy\" class=\"aligncenter size-full wp-image-8363\" src=\"https:\/\/blog.ilgiornale.it\/wallandstreet\/files\/2020\/08\/lease_home-e1598114941390.jpg\" alt=\"\" width=\"550\" height=\"281\" \/><\/p>\n<p><strong>Assilea<\/strong>, l&#8217;associazione degli operatori del <strong>leasing<\/strong>, ha rilanciato la campagna di comunicazione istituzionale <strong><a href=\"https:\/\/www.allyouneedislease.it\/\">#allYOUneedisLEASE<\/a><\/strong> per spiegare perch\u00e9 leasing e <strong>noleggio a lungo termine<\/strong> siano gli strumenti ideali per supportare le pmi nel processo di ripresa economica in maniera coerente con il <strong>Pnrr<\/strong>. Tra sostenibilit\u00e0, digitalizzazione e agevolazioni, gli operatori del settore offrono alcuni spunti concreti che saranno oggetto di approfondimento in occasione di \u00ab<strong>LEASE 2021<\/strong>\u00bb, il salone del leasing e del noleggio a lungo termine in calendario per il 20 e 21 ottobre prossimi. L\u2019edizione di quest&#8217;anno sar\u00e0 dedicata alla \u00ab<strong>Next Generation<\/strong>\u00bb e porr\u00e0 al centro del dibattito l\u2019implementazione del Pnrr e la crescita economica, che non pu\u00f2 prescindere dal lease per il finanziamento sia delle imprese che della Pa.<\/p>\n<p><strong>#allYOUneedisLEASE<\/strong> riprende con nuovi contenuti tra i quali \u00ab<a href=\"https:\/\/www.allyouneedislease.it\/journal\"><strong>60sec di LEASE<\/strong><\/a>\u00bb , una serie di video interviste nelle quali gli addetti ai lavori lanciano messaggi volti ad aumentare\u00a0l\u2019attenzione imprenditori e manager sul mercato su leasing e noleggio a lungo termine come strumenti concreti per supportare la crescita economica.<\/p>\n<p>Anche <strong>Grenke Italia<\/strong> partecipa alla campagna <strong>#allYOUneedisLEASE<\/strong> in qualit\u00e0 di player di riferimento in Italia nella locazione operativa per le Pmi.<\/p>\n<p><iframe title=\"#YL | 60secdiLEASE | Agnusdei | GRENKE\" width=\"500\" height=\"281\" src=\"https:\/\/www.youtube.com\/embed\/qIcJuQVfJns?feature=oembed\" frameborder=\"0\" allow=\"accelerometer; autoplay; clipboard-write; encrypted-media; gyroscope; picture-in-picture\" allowfullscreen><\/iframe><\/p>\n<p><img loading=\"lazy\" class=\"alignleft size-thumbnail wp-image-8201\" src=\"https:\/\/blog.ilgiornale.it\/wallandstreet\/files\/2019\/03\/AurelioAgnusdei-02-150x150.jpg\" alt=\"\" width=\"150\" height=\"150\" \/>\u00ab<span style=\"text-decoration: underline\"><strong>L\u2019obiettivo \u00e8 aiutare le Pmi a proseguire nel proprio percorso di rilancio e crescita, soprattutto in una fase delicata come quella attuale<\/strong><\/span>\u00bb, spiega <strong>Aurelio Agnusdei<\/strong>, vice president di Grenke Italia aggiungendo che \u00abmai come ora infatti, coniugare investimenti, innovazione e sostenibilit\u00e0 finanziaria \u00e8 un\u2019esigenza cruciale per le imprese italiane, e per questo Grenke \u00e8 pronta a supportarle attraverso il servizio di locazione operativa, cio\u00e8 il noleggio a lungo termine di tecnologie e beni strumentali in modalit\u00e0 pay-per-use\u00bb. Uno dei versanti pi\u00f9 importanti, prosegue, \u00ab\u00e8 la <strong>digitalizzazione<\/strong> delle imprese, dove la locazione operativa di Grenke gioca un ruolo fondamentale, in quanto strumento flessibile e smart che permette alle Pmi di attivare il rinnovamento degli asset tecnologici e gli investimenti in soluzioni innovative\u00bb.<\/p>\n<p><strong>Wall &amp; Street<\/strong><\/p>\n","protected":false},"excerpt":{"rendered":"<p><p>Assilea, l&#8217;associazione degli operatori del leasing, ha rilanciato la campagna di comunicazione istituzionale #allYOUneedisLEASE per spiegare perch\u00e9 leasing e noleggio a lungo termine siano gli strumenti ideali per supportare le pmi nel processo di ripresa economica in maniera coerente con il Pnrr. Tra sostenibilit\u00e0, digitalizzazione e agevolazioni, gli operatori del settore offrono alcuni spunti concreti che saranno oggetto di approfondimento in occasione di \u00abLEASE 2021\u00bb, il salone del leasing e del noleggio a lungo termine in calendario per il 20 e 21 ottobre prossimi. L\u2019edizione di quest&#8217;anno sar\u00e0 dedicata alla \u00abNext Generation\u00bb e porr\u00e0 al centro del dibattito l\u2019implementazione del [&hellip;]<\/p>\n&nbsp;&nbsp;<div class=\"readmore\"><a href=\"https:\/\/blog.ilgiornale.it\/wallandstreet\/2021\/08\/31\/torna-allyouneedislease\/\">Continua a leggere...<\/a><\/div><\/p>","protected":false},"author":1006,"featured_media":0,"comment_status":"closed","ping_status":"closed","sticky":false,"template":"","format":"standard","meta":[],"categories":[26],"tags":[417540,407333,31214,282714,75463,282713,7181,417538,407332,282712,417539,417537,736,414131,11954],"_links":{"self":[{"href":"https:\/\/blog.ilgiornale.it\/wallandstreet\/wp-json\/wp\/v2\/posts\/8531"}],"collection":[{"href":"https:\/\/blog.ilgiornale.it\/wallandstreet\/wp-json\/wp\/v2\/posts"}],"about":[{"href":"https:\/\/blog.ilgiornale.it\/wallandstreet\/wp-json\/wp\/v2\/types\/post"}],"author":[{"embeddable":true,"href":"https:\/\/blog.ilgiornale.it\/wallandstreet\/wp-json\/wp\/v2\/users\/1006"}],"replies":[{"embeddable":true,"href":"https:\/\/blog.ilgiornale.it\/wallandstreet\/wp-json\/wp\/v2\/comments?post=8531"}],"version-history":[{"count":1,"href":"https:\/\/blog.ilgiornale.it\/wallandstreet\/wp-json\/wp\/v2\/posts\/8531\/revisions"}],"predecessor-version":[{"id":8532,"href":"https:\/\/blog.ilgiornale.it\/wallandstreet\/wp-json\/wp\/v2\/posts\/8531\/revisions\/8532"}],"wp:attachment":[{"href":"https:\/\/blog.ilgiornale.it\/wallandstreet\/wp-json\/wp\/v2\/media?parent=8531"}],"wp:term":[{"taxonomy":"category","embeddable":true,"href":"https:\/\/blog.ilgiornale.it\/wallandstreet\/wp-json\/wp\/v2\/categories?post=8531"},{"taxonomy":"post_tag","embeddable":true,"href":"https:\/\/blog.ilgiornale.it\/wallandstreet\/wp-json\/wp\/v2\/tags?post=8531"}],"curies":[{"name":"wp","href":"https:\/\/api.w.org\/{rel}","templated":true}]}}