{"id":8542,"date":"2021-09-27T08:28:52","date_gmt":"2021-09-27T08:28:52","guid":{"rendered":"https:\/\/blog.ilgiornale.it\/wallandstreet\/?p=8542"},"modified":"2021-09-27T08:28:52","modified_gmt":"2021-09-27T08:28:52","slug":"resilienza-sostenibilita-live","status":"publish","type":"post","link":"https:\/\/blog.ilgiornale.it\/wallandstreet\/2021\/09\/27\/resilienza-sostenibilita-live\/","title":{"rendered":"Resilienza &amp; Sostenibilit\u00e0 &#8211; Live"},"content":{"rendered":"<p><img loading=\"lazy\" class=\"aligncenter size-full wp-image-8544\" src=\"https:\/\/blog.ilgiornale.it\/wallandstreet\/files\/2021\/09\/mulino-a-vento-e1632522205438.jpeg\" alt=\"\" width=\"550\" height=\"367\" \/><\/p>\n<p>In questa puntata del nostro Live cerchiamo di affrontare con il presidente di <strong>Tea Trends Explorers<\/strong>, <strong>Domenico Fucigna<\/strong>, due temi complessi attraverso due parole sempre pi\u00f9 utilizzate: <strong>resilienza<\/strong> e <strong>sostenibilit\u00e0<\/strong>.<\/p>\n<p><iframe title=\"Resilienza &amp; Sostenibilit\u00e0 - Wall &amp; Street Live\" width=\"500\" height=\"281\" src=\"https:\/\/www.youtube.com\/embed\/xUf667gwuGQ?feature=oembed\" frameborder=\"0\" allow=\"accelerometer; autoplay; clipboard-write; encrypted-media; gyroscope; picture-in-picture\" allowfullscreen><\/iframe><\/p>\n<p>&nbsp;<\/p>\n<h3>Resilienza<\/h3>\n<p><img loading=\"lazy\" class=\"alignleft size-medium wp-image-8386\" src=\"https:\/\/blog.ilgiornale.it\/wallandstreet\/files\/2020\/09\/Domenico-Fucigna-287x300.jpg\" alt=\"\" width=\"287\" height=\"300\" srcset=\"https:\/\/blog.ilgiornale.it\/wallandstreet\/files\/2020\/09\/Domenico-Fucigna-287x300.jpg 287w, https:\/\/blog.ilgiornale.it\/wallandstreet\/files\/2020\/09\/Domenico-Fucigna.jpg 510w\" sizes=\"(max-width: 287px) 100vw, 287px\" \/>\u00ab<span style=\"text-decoration: underline\"><strong>Resilienza &#8211; spiega Fucigna &#8211; \u00e8 la capacit\u00e0 di un corpo di assorbire un urto e recuperare il proprio stato iniziale<\/strong><\/span>. \u00c8 una delle qualit\u00e0 che noi avremmo dovuto gi\u00e0 imparare prima del Big Bang della <strong>pandemia<\/strong>. Ma noi abbiamo preso un&#8217;altra forma sia come individui sia come corpo sociale ed economico\u00bb. La nostra esistenza, spiega, \u00absar\u00e0 diversa rispetto al passato e nulla sar\u00e0 come prima perch\u00e9 il nostro stile di vita non \u00e8 sostenibile. Dieci-quindici anni fa nessuno sapeva dell&#8217;esistenza delle <strong>garbage island<\/strong> che sono al largo dell&#8217;Oceano Pacifico.Ora ce n&#8217;\u00e8 una anche nel Mediterraneo. Negli anni &#8217;80 non esistevano ma si sono formate rapidamente con i consumi dissennati e con la gestione dissennata dei rifiuti. Quei comportamenti non erano sostenibili e dunque tornare allo status quo ante non \u00e8 possibile\u00bb.<\/p>\n<p>&nbsp;<\/p>\n<p>&nbsp;<\/p>\n<h3>Sostenibilit\u00e0<\/h3>\n<p>\u00ab<span style=\"text-decoration: underline\"><strong>\u00c8 la capacit\u00e0 di un certo processo di essere mantenuto nel tempo senza che ci\u00f2 leda l&#8217;efficienza del sistema<\/strong><\/span>, ma \u00e8 il nostro sistema economico a essere insostenibile. Anche le batterie elettriche non sono sostenibili. In Veneto dove vivo le batterie esauste vengono accatastate nei capannoni e non si sa come riciclarle\u00bb, afferma Fucigna. \u00abLa produzione di <strong>batterie<\/strong> \u00e8 estremamente <em>energy wasting<\/em> e consuma pi\u00f9 energia della produzione delle auto diesel: <span style=\"text-decoration: underline\"><strong>l&#8217;auto elettrica non \u00e8 sostenibile<\/strong><\/span> come processo\u00bb, aggiunge sottolineando che \u00ab<span style=\"text-decoration: underline\"><strong>la questione \u00e8 la transizione ecologica di cui si sta occupando il ministro Cingolani<\/strong><\/span>, gi\u00e0 direttore dell&#8217;Iit\u00bb. <span style=\"text-decoration: underline\"><strong>Il problema \u00e8 \u00abla trasformazione di un sistema economico-produttivo spinto da energia fossile a uno spinto da energie rinnovabili o circolari e questo impegna il doppio dell&#8217;energia che consumeremmo lasciando la situazione invariata\u00bb<\/strong><\/span>. L&#8217;aumento dei prezzi, conclude, energetici ci dice che \u00abil petrolio \u00e8 necessario per il sistema cos\u00ec come lo conosciamo\u00bb.<\/p>\n<p><strong>Wall &amp; Street<\/strong><\/p>\n","protected":false},"excerpt":{"rendered":"<p><p>In questa puntata del nostro Live cerchiamo di affrontare con il presidente di Tea Trends Explorers, Domenico Fucigna, due temi complessi attraverso due parole sempre pi\u00f9 utilizzate: resilienza e sostenibilit\u00e0. &nbsp; Resilienza \u00abResilienza &#8211; spiega Fucigna &#8211; \u00e8 la capacit\u00e0 di un corpo di assorbire un urto e recuperare il proprio stato iniziale. \u00c8 una delle qualit\u00e0 che noi avremmo dovuto gi\u00e0 imparare prima del Big Bang della pandemia. Ma noi abbiamo preso un&#8217;altra forma sia come individui sia come corpo sociale ed economico\u00bb. La nostra esistenza, spiega, \u00absar\u00e0 diversa rispetto al passato e nulla sar\u00e0 come prima perch\u00e9 il [&hellip;]<\/p>\n&nbsp;&nbsp;<div class=\"readmore\"><a href=\"https:\/\/blog.ilgiornale.it\/wallandstreet\/2021\/09\/27\/resilienza-sostenibilita-live\/\">Continua a leggere...<\/a><\/div><\/p>","protected":false},"author":1006,"featured_media":0,"comment_status":"closed","ping_status":"closed","sticky":false,"template":"","format":"standard","meta":[],"categories":[407365],"tags":[15882,417547,387565,407342,417546,417550,414116,858,3718,47077,417549,417548,48,379,407348,414101],"_links":{"self":[{"href":"https:\/\/blog.ilgiornale.it\/wallandstreet\/wp-json\/wp\/v2\/posts\/8542"}],"collection":[{"href":"https:\/\/blog.ilgiornale.it\/wallandstreet\/wp-json\/wp\/v2\/posts"}],"about":[{"href":"https:\/\/blog.ilgiornale.it\/wallandstreet\/wp-json\/wp\/v2\/types\/post"}],"author":[{"embeddable":true,"href":"https:\/\/blog.ilgiornale.it\/wallandstreet\/wp-json\/wp\/v2\/users\/1006"}],"replies":[{"embeddable":true,"href":"https:\/\/blog.ilgiornale.it\/wallandstreet\/wp-json\/wp\/v2\/comments?post=8542"}],"version-history":[{"count":4,"href":"https:\/\/blog.ilgiornale.it\/wallandstreet\/wp-json\/wp\/v2\/posts\/8542\/revisions"}],"predecessor-version":[{"id":8547,"href":"https:\/\/blog.ilgiornale.it\/wallandstreet\/wp-json\/wp\/v2\/posts\/8542\/revisions\/8547"}],"wp:attachment":[{"href":"https:\/\/blog.ilgiornale.it\/wallandstreet\/wp-json\/wp\/v2\/media?parent=8542"}],"wp:term":[{"taxonomy":"category","embeddable":true,"href":"https:\/\/blog.ilgiornale.it\/wallandstreet\/wp-json\/wp\/v2\/categories?post=8542"},{"taxonomy":"post_tag","embeddable":true,"href":"https:\/\/blog.ilgiornale.it\/wallandstreet\/wp-json\/wp\/v2\/tags?post=8542"}],"curies":[{"name":"wp","href":"https:\/\/api.w.org\/{rel}","templated":true}]}}