{"id":8663,"date":"2022-03-09T12:20:07","date_gmt":"2022-03-09T12:20:07","guid":{"rendered":"https:\/\/blog.ilgiornale.it\/wallandstreet\/?p=8663"},"modified":"2022-03-09T12:20:07","modified_gmt":"2022-03-09T12:20:07","slug":"caro-on-marattin-sul-catasto-ci-ripensi","status":"publish","type":"post","link":"https:\/\/blog.ilgiornale.it\/wallandstreet\/2022\/03\/09\/caro-on-marattin-sul-catasto-ci-ripensi\/","title":{"rendered":"Caro On. Marattin, sul catasto ci ripensi"},"content":{"rendered":"<p><img loading=\"lazy\" class=\"aligncenter size-full wp-image-8665\" src=\"https:\/\/blog.ilgiornale.it\/wallandstreet\/files\/2022\/03\/storytelling-agenzie-immobiliari-e1646827626398.jpg\" alt=\"\" width=\"550\" height=\"321\" \/><\/p>\n<p>Questo post nasce da una discussione su <strong>Twitter<\/strong> con il prof. <strong>Luigi Marattin<\/strong>, presidente della commissione Finanze della Camera, relativamente alla bocciatura dell&#8217;emendamento 6.23 al <strong>ddl delega fiscale<\/strong> che avrebbe impedito l&#8217;attuazione di un <strong>catasto patrimoniale<\/strong> stralciando il comma 2 dell&#8217;articolo 6 del Pdl 3343. L&#8217;emendamento, presentato dalla componente ex-grillina di <strong>Alternativa<\/strong>, era stato fatto proprio dal <strong>centrodestra<\/strong> ma \u00e8 stato bocciato per un voto 22 a 23, segnalando una spaccatura profonda della maggioranza sul tema. Marattin, che del ddl delega \u00e8 relatore, ne era ovviamente soddisfatto.<\/p>\n<blockquote class=\"twitter-tweet\">\n<p dir=\"ltr\" lang=\"it\">E da domani, finalmente, inizieremo a discutere di qualcosa CON effetti fiscali. <a href=\"https:\/\/twitter.com\/hashtag\/catasto?src=hash&amp;ref_src=twsrc%5Etfw\">#catasto<\/a> <a href=\"https:\/\/twitter.com\/hashtag\/fiscoleggero?src=hash&amp;ref_src=twsrc%5Etfw\">#fiscoleggero<\/a> <a href=\"https:\/\/twitter.com\/hashtag\/fiscosemplice?src=hash&amp;ref_src=twsrc%5Etfw\">#fiscosemplice<\/a><\/p>\n<p>\u2014 Luigi Marattin (@marattin) <a href=\"https:\/\/twitter.com\/marattin\/status\/1501324155362361345?ref_src=twsrc%5Etfw\">March 8, 2022<\/a><\/p><\/blockquote>\n<p>Personalmente non condivido il suo stesso entusiasmo<\/p>\n<blockquote class=\"twitter-tweet\">\n<p dir=\"ltr\" lang=\"it\">Onorevole, la maggioranza \u00e8 spaccata, \u00e8 inutile prendersi in giro. Personalmente credo che il presidente del Consiglio dovrebbe motivare pubblicamente l&#8217;art. 6 e non ripetere ossessivamente che \u00abnessuno pagher\u00e0 di pi\u00f9\u00bb perch\u00e9 non \u00e8 vero. <a href=\"https:\/\/twitter.com\/hashtag\/Catasto?src=hash&amp;ref_src=twsrc%5Etfw\">#Catasto<\/a><\/p>\n<p>\u2014 G. M. De Francesco (@GMDeFrancesco) <a href=\"https:\/\/twitter.com\/GMDeFrancesco\/status\/1501325510433021954?ref_src=twsrc%5Etfw\">March 8, 2022<\/a><\/p><\/blockquote>\n<p>L&#8217;on. Marattin \u00e8 fermo nelle proprie convinzioni<br \/>\n&lt;<\/p>\n<blockquote class=\"twitter-tweet\">\n<p dir=\"ltr\" lang=\"it\">Perch\u00e9 non \u00e8 vero?<\/p>\n<p>\u2014 Luigi Marattin (@marattin) <a href=\"https:\/\/twitter.com\/marattin\/status\/1501461478959992833?ref_src=twsrc%5Etfw\">March 9, 2022<\/a><\/p><\/blockquote>\n<p>Ecco perch\u00e9 gli ho replicato cos\u00ec in un lungo thread<\/p>\n<p>Preg.mo On. Marattin,<br \/>\ntutto ruota attorno al comma 2 dell\u2019art. 6 del Pdl 3343.<\/p>\n<p style=\"text-align: left\">Si prevede che a partire dal 1\u00b0 gennaio 2026 le informazioni presenti nel catasto dei fabbricati siano integrate secondo i seguenti principi:<\/p>\n<ul>\n<li style=\"text-align: left\"><strong>a) Invarianza di gettito (circostanza confermata dalla Relazione Tecnica)<\/strong><\/li>\n<li style=\"text-align: left\"><strong>b) Affiancamento alla rendita catastale a legislazione vigente sia il valore patrimoniale che la rendita attualizzata a valori di mercato<\/strong><\/li>\n<li style=\"text-align: left\"><strong>c) Adeguamento periodico valori patrimoniali e delle rendite delle unit\u00e0 immobiliari urbane ai valori di mercato e non oltre tale soglia<\/strong>.<\/li>\n<\/ul>\n<p>Il bravo contribuente dovrebbe \u00abfidarsi\u00bb di tale impostazione come prevede il contratto sociale tra cittadini e Stato il cui rispetto \u00e8 quotidianamente testimoniato.<\/p>\n<p>C\u2019\u00e8 un \u00abper\u00f2\u00bb. <span style=\"text-decoration: underline\"><strong>Il 30 giugno 2021 le commissioni Finanze di Camera e Senato hanno escluso tale intervento dalla delega fiscale. \u00abMiracolosamente\u00bb il 5 ottobre \u00e8 comparso l\u2019art. 6 (art. 7 nella prima stesura) disattendendo le stesse linee guida della Nadef che si basavano sulle risultanze dell\u2019indagine delle commissioni riunite<\/strong><\/span>.<\/p>\n<p>Ma se questo pu\u00f2 essere definita una riserva di natura \u00abpolitica\u00bb, c\u2019\u00e8 anche una questione di natura economica. \u00abGli oneri di spesa derivanti dalla disposizione saranno quantificati in sede di predisposizione dei decreti delegati\u00bb. <strong>Stato e Comuni dovranno, infatti, stanziare risorse per destinare personale e mezzi alle rilevazioni previste dall\u2019art. 6 della delega nonch\u00e9 alla rilevazione delle consistenze dei fabbricati, ossia la mappatura pi\u00f9 precisa degli immobili accatastati (e non) prevista dal comma 1 dell\u2019art. 6.<\/strong><\/p>\n<p><span style=\"text-decoration: underline\">Per quanto l\u2019intento possa essere definitivo lodevole ai fini dell\u2019aggiornamento di un importante patrimonio informativo, mi risulta difficile pensare che uno Stato con un debito\/Pil superiore al 150% si sobbarchi questo sforzo in base al principio \u00abars gratia artis\u00bb<\/span>.<\/p>\n<p>C\u2019\u00e8 poi una riserva di natura politica senza virgolette. <span style=\"text-decoration: underline\"><strong>Le raccomandazioni Paese della Commissione Europea e i rilievi formulati da Ocse e Fmi all\u2019Italia includono ogni anno la calda sollecitazione a spostare il prelievo fiscale dal lavoro ai beni, con particolare attenzione ai patrimoni immobiliari. In taluni casi si invita a valutare la possibilit\u00e0 di rivedere la tassazione sulla casa di abitazione salvaguardando, tuttavia, i redditi bassi<\/strong><\/span>. Una siffatta revisione degli estimi catastali sembra una risposta chiara ed evidente a questo tipo di osservazioni. P<strong>rova ne \u00e8 che sia il presidente Draghi che il sottosegretario Guerra hanno condizionato, in modo pi\u00f9 o meno palese, la sopravvivenza del governo stesso all\u2019approvazione dell\u2019art. 6<\/strong>.<\/p>\n<p>E questo sembra in qualche modo tradire lo spirito stesso del nostro <strong>PNRR<\/strong> giacch\u00e9 la delega fiscale \u00e8 una riforma \u00abdi accompagnamento\u00bb e non \u00ababilitante\u00bb come lo \u00e8 invece il ddl Concorrenza 2021.<\/p>\n<p>Infine, mi permetto di evidenziare una incongruenza di natura ontologica. <strong>Se una norma non produce effetti (il gettito deve restare invariato e le informazioni acquisite non devono essere utilizzate per determinare la base imponibile e per altre finalit\u00e0 fiscali), essa non \u00e8 una norma ma una raccomandazione, cio\u00e8 non ha vigenza.<\/strong><\/p>\n<p>Esimio Onorevole, dal suo punto di vista comprendo che il centrodestra di maggioranza e di opposizione abbia manifestato, da una parte, una sorta di incoerenza giacch\u00e9 non si sconfessa un provvedimento votato in Consiglio dei ministri n\u00e9 si alzano i toni nella cabina di regia preparatoria n\u00e9 si inasprisce il dibattito in Commissione. Per\u00f2, un centrodestra che voglia continuare a definirsi tale non penso possa tollerare una simile impostazione anche se sulle modalit\u00e0 di manifestazione del dissenso si pu\u00f2 discutere. D\u2019altronde, il fatto che Lei, presidente di Commissione, sia relatore del testo \u00e8 un altro segnale della rilevanza politica del ddl delega fiscale. In ogni caso, spero che questo pomeriggio durante il <strong>Question Time<\/strong> il presidente del Consiglio possa dissipare i dubbi perch\u00e9, lo ripeto, dinanzi a questa sequenza di fatti, affermare che \u00abnessuno pagher\u00e0 di pi\u00f9\u00bb non \u00e8 n\u00e9 realistico n\u00e9 veritiero.<\/p>\n<p>Cordialmente<br \/>\n<strong>Gian Maria De Francesco<\/strong><\/p>\n<p>P.S. La discussione si \u00e8 successivamente protratta<\/p>\n<blockquote class=\"twitter-tweet\">\n<p dir=\"ltr\" lang=\"it\">Sforzo imponente il suo ma inutile. Basta leggere il comma 2, lettera a). Le integrazioni cos\u00ec raccolte non hanno n\u00e9 avranno effetti fiscali. Ne\u2019 su Imu, ne\u2019 su imposte di registro, ne\u2019 su Isee. Su niente. Per legge. Per cambiare la quale, servir\u00e0 in futuro una legge. <a href=\"https:\/\/t.co\/oKT8vyslFJ\">pic.twitter.com\/oKT8vyslFJ<\/a><\/p>\n<p>\u2014 Luigi Marattin (@marattin) <a href=\"https:\/\/twitter.com\/marattin\/status\/1501513254086062083?ref_src=twsrc%5Etfw\">March 9, 2022<\/a><\/p><\/blockquote>\n<blockquote class=\"twitter-tweet\">\n<p dir=\"ltr\" lang=\"it\">Allora, mi consenta, state perdendo tempo a varare una norma che non produrr\u00e0 effetti?<\/p>\n<p>\u2014 G. M. De Francesco (@GMDeFrancesco) <a href=\"https:\/\/twitter.com\/GMDeFrancesco\/status\/1501513540011765763?ref_src=twsrc%5Etfw\">March 9, 2022<\/a><\/p><\/blockquote>\n<blockquote class=\"twitter-tweet\">\n<p dir=\"ltr\" lang=\"it\">Gli effetti sono chiari: permettere a chi governer\u00e0 nel 2026 di valutare gli effetti di un\u2019eventuale riforma del catasto (da fare per legge) sulla base dei dati, e non degli slogan. Oppure, valutare che essa non serve.<\/p>\n<p>\u2014 Luigi Marattin (@marattin) <a href=\"https:\/\/twitter.com\/marattin\/status\/1501515286536671245?ref_src=twsrc%5Etfw\">March 9, 2022<\/a><\/p><\/blockquote>\n<blockquote class=\"twitter-tweet\">\n<p dir=\"ltr\" lang=\"it\">Gli effetti sono chiari: permettere a chi governer\u00e0 nel 2026 di valutare gli effetti di un\u2019eventuale riforma del catasto (da fare per legge) sulla base dei dati, e non degli slogan. Oppure, valutare che essa non serve.<\/p>\n<p>\u2014 Luigi Marattin (@marattin) <a href=\"https:\/\/twitter.com\/marattin\/status\/1501515286536671245?ref_src=twsrc%5Etfw\">March 9, 2022<\/a><\/p><\/blockquote>\n<blockquote class=\"twitter-tweet\">\n<p dir=\"ltr\" lang=\"it\">Il potere discrezionale al parlamento lo assegna la Costituzione (e per fortuna). Qui, molto pi\u00f9 modestamente, gli si \u201cassegnano\u201d dei dati sulla base dei quali poter applicare la suddetta discrezionalit\u00e0 nel modo migliore possibile.<\/p>\n<p>\u2014 Luigi Marattin (@marattin) <a href=\"https:\/\/twitter.com\/marattin\/status\/1501519893702795266?ref_src=twsrc%5Etfw\">March 9, 2022<\/a><\/p><\/blockquote>\n<blockquote class=\"twitter-tweet\">\n<p dir=\"ltr\" lang=\"it\">Il potere discrezionale al parlamento lo assegna la Costituzione (e per fortuna). Qui, molto pi\u00f9 modestamente, gli si \u201cassegnano\u201d dei dati sulla base dei quali poter applicare la suddetta discrezionalit\u00e0 nel modo migliore possibile.<\/p>\n<p>\u2014 Luigi Marattin (@marattin) <a href=\"https:\/\/twitter.com\/marattin\/status\/1501519893702795266?ref_src=twsrc%5Etfw\">March 9, 2022<\/a><\/p><\/blockquote>\n<blockquote class=\"twitter-tweet\">\n<p dir=\"ltr\" lang=\"it\">Nulla quaestio sul ruolo costituzionale del Parlamento. Nutro, invece, dubbi sulla serenit\u00e0 di giudizio a fronte di una moral suasion cos\u00ec prolungata e insistente. Il discorso, comunque, andr\u00e0 approfondito successivamente alla ratifica del Trattato di riforma del Mes.<\/p>\n<p>\u2014 G. M. De Francesco (@GMDeFrancesco) <a href=\"https:\/\/twitter.com\/GMDeFrancesco\/status\/1501521784574812164?ref_src=twsrc%5Etfw\">March 9, 2022<\/a><\/p><\/blockquote>\n","protected":false},"excerpt":{"rendered":"<p><p>Questo post nasce da una discussione su Twitter con il prof. Luigi Marattin, presidente della commissione Finanze della Camera, relativamente alla bocciatura dell&#8217;emendamento 6.23 al ddl delega fiscale che avrebbe impedito l&#8217;attuazione di un catasto patrimoniale stralciando il comma 2 dell&#8217;articolo 6 del Pdl 3343. L&#8217;emendamento, presentato dalla componente ex-grillina di Alternativa, era stato fatto proprio dal centrodestra ma \u00e8 stato bocciato per un voto 22 a 23, segnalando una spaccatura profonda della maggioranza sul tema. Marattin, che del ddl delega \u00e8 relatore, ne era ovviamente soddisfatto. E da domani, finalmente, inizieremo a discutere di qualcosa CON effetti fiscali. #catasto [&hellip;]<\/p>\n&nbsp;&nbsp;<div class=\"readmore\"><a href=\"https:\/\/blog.ilgiornale.it\/wallandstreet\/2022\/03\/09\/caro-on-marattin-sul-catasto-ci-ripensi\/\">Continua a leggere...<\/a><\/div><\/p>","protected":false},"author":1006,"featured_media":0,"comment_status":"closed","ping_status":"closed","sticky":false,"template":"","format":"standard","meta":[],"categories":[26],"tags":[451230,26068,451225,451226,14516,23035,99887,11993,451228,11709,134,451227,451229,9154,26787,45718,3155,3163,451232,6796],"_links":{"self":[{"href":"https:\/\/blog.ilgiornale.it\/wallandstreet\/wp-json\/wp\/v2\/posts\/8663"}],"collection":[{"href":"https:\/\/blog.ilgiornale.it\/wallandstreet\/wp-json\/wp\/v2\/posts"}],"about":[{"href":"https:\/\/blog.ilgiornale.it\/wallandstreet\/wp-json\/wp\/v2\/types\/post"}],"author":[{"embeddable":true,"href":"https:\/\/blog.ilgiornale.it\/wallandstreet\/wp-json\/wp\/v2\/users\/1006"}],"replies":[{"embeddable":true,"href":"https:\/\/blog.ilgiornale.it\/wallandstreet\/wp-json\/wp\/v2\/comments?post=8663"}],"version-history":[{"count":2,"href":"https:\/\/blog.ilgiornale.it\/wallandstreet\/wp-json\/wp\/v2\/posts\/8663\/revisions"}],"predecessor-version":[{"id":8666,"href":"https:\/\/blog.ilgiornale.it\/wallandstreet\/wp-json\/wp\/v2\/posts\/8663\/revisions\/8666"}],"wp:attachment":[{"href":"https:\/\/blog.ilgiornale.it\/wallandstreet\/wp-json\/wp\/v2\/media?parent=8663"}],"wp:term":[{"taxonomy":"category","embeddable":true,"href":"https:\/\/blog.ilgiornale.it\/wallandstreet\/wp-json\/wp\/v2\/categories?post=8663"},{"taxonomy":"post_tag","embeddable":true,"href":"https:\/\/blog.ilgiornale.it\/wallandstreet\/wp-json\/wp\/v2\/tags?post=8663"}],"curies":[{"name":"wp","href":"https:\/\/api.w.org\/{rel}","templated":true}]}}