{"id":8799,"date":"2022-09-26T22:52:43","date_gmt":"2022-09-26T22:52:43","guid":{"rendered":"https:\/\/blog.ilgiornale.it\/wallandstreet\/?p=8799"},"modified":"2022-09-26T22:59:11","modified_gmt":"2022-09-26T22:59:11","slug":"buon-viaggio","status":"publish","type":"post","link":"https:\/\/blog.ilgiornale.it\/wallandstreet\/2022\/09\/26\/buon-viaggio\/","title":{"rendered":"Buon viaggio!"},"content":{"rendered":"<p><img loading=\"lazy\" class=\"aligncenter wp-image-8800 size-full\" src=\"https:\/\/blog.ilgiornale.it\/wallandstreet\/files\/2022\/09\/draghi-monti-governo-e1664227106871.jpg\" alt=\"\" width=\"550\" height=\"309\" \/><\/p>\n<blockquote><p>Non basta vincere le elezioni per risolvere la crisi politica che sta affossando l&#8217;Italia. Smaltita l&#8217;euforia, chi governa dovr\u00e0 portare risultati. E vista l&#8217;attuale situazione anche in ambito internazionale non riesco proprio a essere ottimista. Vedo nubi all&#8217;orizzonte e una nazione eccessivamente divisa. Qualcosa per\u00f2 la pretendo anche io. E faccio un appello accorato alle menti brillanti, celebri o meno, che periodicamente annunciano di volere andare via dell&#8217;Italia in caso di vittorie politiche non gradite. Siate coerenti per una volta nella vita. Andatevene via sul serio. In aereo. A piedi. Lungo i sentieri di montagna. Con il treno. In automobile. Con il monopattino. In bicicletta. Con il pullman elettrico. In paesi pi\u00f9 civili del nostro, sarete maggiormente apprezzati.<\/p><\/blockquote>\n<p>Quest&#8217;analisi post-elettorale parte da un post che ho letto su <strong>Facebook<\/strong> e che descrive bene il sentimento di una parte del Paese dopo la meritata vittoria di <strong>Giorgia Meloni<\/strong> e del <strong>centrodestra<\/strong> alle <strong>elezioni politiche<\/strong>. Una parte del Paese che ha puntato tutto sull&#8217;\u00ab<strong>emergenza democratica<\/strong>\u00bb, sul \u00ab<strong>rischio di una deriva fascista<\/strong>\u00bb e su tutte le altre contumelie vomitate contro chi si oppone all&#8217;<span style=\"text-decoration: underline\"><strong>egemonia politico-culturale della sinistra<\/strong><\/span>, come da ventott&#8217;anni accade a <strong>Silvio Berlusconi<\/strong>. Ecco, questo \u00e8 il primo ostacolo che Meloni dovr\u00e0 fronteggiare ancor prima di insediarsi a Palazzo Chigi: <span style=\"text-decoration: underline\"><strong>un&#8217;ostilit\u00e0 preconcetta dell&#8217;establishment che potrebbe rendere molto perigliosa la navigazione del suo esecutivo<\/strong><\/span>.<\/p>\n<p>Basti guardare a questi commento a caldo di personaggi del circo Barnum politico-mediatico-artistico come<strong> Francesca Michielin<\/strong>:<\/p>\n<p>&nbsp;<\/p>\n<blockquote class=\"twitter-tweet\">\n<p dir=\"ltr\" lang=\"it\">oggi inizia la resistenza. buongiorno a tutt\u0437<\/p>\n<p>\u2014 Francesca Michielin (@francescacheeks) <a href=\"https:\/\/twitter.com\/francescacheeks\/status\/1574346122470080512?ref_src=twsrc%5Etfw\">September 26, 2022<\/a><\/p><\/blockquote>\n<p>o come <strong>Roberto Saviano<\/strong> (che si \u00e8 dimenticato di aver dichiarato che avrebbe lasciato il Paese se avesse vinto Meloni)<\/p>\n<p>&nbsp;<\/p>\n<blockquote class=\"twitter-tweet\">\n<p dir=\"ltr\" lang=\"it\">Leggo <a href=\"https:\/\/twitter.com\/hashtag\/Saviano?src=hash&amp;ref_src=twsrc%5Etfw\">#Saviano<\/a> in tendenza perch\u00e9 gli elettori di Meloni mi \u201cinvitano\u201d a lasciare il Paese. Questi sono avvertimenti. Questa \u00e8 l\u2019Italia che ci aspetta. Stanno gi\u00e0 stilando una prima lista nera di nemici della patria, alla faccia di chi diceva che il Fascismo \u00e8 un\u2019altra cosa. <a href=\"https:\/\/t.co\/iiSKxeEqaq\">pic.twitter.com\/iiSKxeEqaq<\/a><\/p>\n<p>\u2014 Roberto Saviano (@robertosaviano) <a href=\"https:\/\/twitter.com\/robertosaviano\/status\/1574321464857214976?ref_src=twsrc%5Etfw\">September 26, 2022<\/a><\/p><\/blockquote>\n<p>o come il giornalista <strong>Alan Friedman<\/strong><\/p>\n<p>&nbsp;<\/p>\n<blockquote class=\"twitter-tweet\">\n<p dir=\"ltr\" lang=\"en\">As expected, the Trump-loving \u201cpost-fascist\u201d Giorgia Meloni has emerged as the winner in Italy\u2019s election, the first Far Right leader since Mussolini. Ally Steve Bannon will be pleased to see this mini-Trump &#8211; more rightwing than Marine Le Pen &#8211; as Italy\u2019s new prime minister. <a href=\"https:\/\/t.co\/dv7oCLfaRv\">pic.twitter.com\/dv7oCLfaRv<\/a><\/p>\n<p>\u2014 Alan Friedman (@alanfriedmanit) <a href=\"https:\/\/twitter.com\/alanfriedmanit\/status\/1574277912529862656?ref_src=twsrc%5Etfw\">September 26, 2022<\/a><\/p><\/blockquote>\n<p>Insomma, non sar\u00e0 facile e non solo dal punto di vista economico (che \u00e8 il core business di questo blog) perch\u00e9 una parte del Paese, quella che ha perso, remer\u00e0 contro e non ha nessuna intenzione di collaborare pur non condividendo le tesi dei vincitori. <span style=\"text-decoration: underline\"><strong>D&#8217;altronde, in questi 77 anni di Repubblica Italiana la sinistra ha creato solo disordini: la presa della Prefettura di Milano, le proteste dei braccianti a Melissa (sommosse entrambe sedate dal valido ministro dell&#8217;Interno Mario Scelba), i disordini di Genova contro il Congresso del Msi e il governo Tambroni, l&#8217;occupazione della Facolt\u00e0 di Architettura di Roma a Valle Giulia, la stagione di sangue del terrorismo, gli scioperi alla Fiat, le manifestazioni della Cgil contro la riforma delle pensioni e contro la riforma dell&#8217;articolo 18 dei governi Berlusconi, i girotondi, le devastazioni dei black bloc al G8 di Genova, la guerriglia civile a bassa intensit\u00e0 (ma a colpi di magistratura) contro il berlusconismo<\/strong><\/span>. <a href=\"https:\/\/www.liberoquotidiano.it\/news\/politica\/33217294\/elezioni-2022-giorgia-meloni-rovina-sinistra-restano-solo-barricate.html\">Una situazione che <strong>Iuri Maria Prado<\/strong> ha descritto bene su <strong>Libero<\/strong><\/a>.<\/p>\n<p>Ecco, <span style=\"text-decoration: underline\"><strong>questo nuovo governo si trova dinanzi a una grande sfida<\/strong><\/span> e, per ora, la prudenza pare sia diventata una parola d&#8217;ordine. <span style=\"text-decoration: underline\"><strong>Il centrodestra, storicamente, si deve confrontare con una difficolt\u00e0 enorme quando vince: rovesciare un assetto &#8211; costituzionalmente garantito &#8211; nel quale i mezzi di sussistenza vengono forniti gratis proprio per evitare le rivolte di cui sopra<\/strong><\/span>.<a href=\"https:\/\/www.facebook.com\/rocco.todero.31\/posts\/pfbid02HNVaWV87xmjsip4jLTk4ZmaRoCYWGX28WKAyoVFA1jE2H76XWrC41iUh1WVWRKjrl\"> Come ha spiegato bene su Facebook l&#8217;avvocato <strong>Rocco Todero<\/strong><\/a>.<\/p>\n<div class=\"fb-post\" data-href=\"https:\/\/www.facebook.com\/rocco.todero.31\/posts\/pfbid02HNVaWV87xmjsip4jLTk4ZmaRoCYWGX28WKAyoVFA1jE2H76XWrC41iUh1WVWRKjrl\" data-width=\"500\" data-show-text=\"false\">\n<blockquote class=\"fb-xfbml-parse-ignore\" cite=\"https:\/\/www.facebook.com\/rocco.todero.31\/posts\/1255575031872541\"><p>SULLE IGNOBILI FRASI DI GIUSEPPE CONTE<\/p>\n<p>Come sapete tutti oramai Giuseppe Conte a Palermo ha sfidato provocatoriamente&#8230;<\/p>\n<p>Pubblicato da <a href=\"https:\/\/www.facebook.com\/rocco.todero.31\">Rocco Todero<\/a> su\u00a0<a href=\"https:\/\/www.facebook.com\/rocco.todero.31\/posts\/1255575031872541\">Sabato 17 settembre 2022<\/a><\/p><\/blockquote>\n<\/div>\n<p>Molto bella la chiusa:<\/p>\n<blockquote><p>il percettore del reddito di cittadinanza ha fame, voi dovete sfamarlo, la costruzione giuridica socialista\/democratica dice che siete venuti al mondo per farvi carico di tutti quelli che stanno peggio di voi e che non potete rifiutarvi, pena la rivoluzione civile e la ghigliottina.<br \/>\nCosa volete? Va cos\u00ec da circa 230 anni e Conte lo sa.<\/p><\/blockquote>\n<p>In fondo, a rifletterci bene, i <strong>governi tecnici<\/strong> di <strong>Mario Monti<\/strong> e di <strong>Mario Draghi<\/strong> &#8211; al di l\u00e0 di meriti e demeriti individuali (non si pu\u00f2 parlare di difetto di legittimazione perch\u00e9 entrambi hanno avuto la fiducia di un Parlamento sovrano e quando questa \u00e8 stata ritirata sono caduti) &#8211; sono stati entrambi generati da uno stallo politico e da una crisi economica e sociale. Entrambi poi hanno cercato di salvaguardare (esodati della riforma Fornero inclusi) gli svantaggiati \u00abpunendo\u00bb tutti gli altri ma accontentando sempre Bruxelles.<\/p>\n<p><img loading=\"lazy\" class=\"aligncenter size-full wp-image-8803\" src=\"https:\/\/blog.ilgiornale.it\/wallandstreet\/files\/2022\/09\/Ciriani-Donzelli-Lollobrigida-e1664231305463.jpeg\" alt=\"\" width=\"550\" height=\"346\" \/><\/p>\n<p>Bene quindi ha fatto il presidente dei deputati di Fratelli d&#8217;Italia, Francesco Lollobrigida (a destra nella foto assieme a <strong>Luca Ciriani<\/strong>, a sinistra, e a <strong>Giovanni Donzelli<\/strong>, al centro) in conferenza stampa ad evitare i voli pindarici. \u00abBisogna battersi in maniera decisa per arrivare al <span style=\"text-decoration: underline\"><strong>tetto al prezzo del gas<\/strong><\/span>. Poi il disaccoppiamento delle fonti energetiche potrebbe portare ad un intervento per abbattere le <strong>bollette<\/strong> subito. Qualora in ultima istanza dovessimo ulteriormente indebitarci perch\u00e9 siamo in emergenza valuteremo lo <strong>scostamento<\/strong>, ma \u00e8 l\u2019ultima istanza. Non \u00e8 che stampiamo i soldi alla zecca\u00bb, ha dichiarato aggiungendo che occorrer\u00e0 \u00abtornare sul reddito fi cittadinanza\u00bb perch\u00e9 non si pu\u00f2 dare \u00absostegno non a chi se ne approfitta\u00bb. Il lavoro sulla <strong>legge di Bilancio<\/strong> si annuncia particolarmente complesso perch\u00e9 non ci sar\u00e0 molto tempo (il nuovo governo &#8211; se tutto va bene &#8211; sar\u00e0 in carica agli inizi di novembre; ndr) ed \u00e8 ipotizzabile che la stesura della cornice sia affidata all&#8217;attuale esecutivo per aggiungervi successivamente qualche dettaglio. Confermata l&#8217;intenzione di procedere a modifiche mirate del Pnrr. \u00abI soldi non ci vengono regalati, per Fdi vanno spesi bene, secondo una strategia. L\u2019obiettivo \u00e8 spendere bene in una strategia di rilancio della nazione\u00bb, ha rimarcato Lollobrigida. Idem per la <strong>Costituzione<\/strong>. \u00ab\u00c8 bella ma ha 70 anni di et\u00e0\u00bb, ha rilevato aprendo a un percorso condiviso di riforma.<\/p>\n<p>Prudenza s\u00ec ma serviranno risultati. Riprendendo l&#8217;incipit, <span style=\"text-decoration: underline\"><strong>sarebbe opportuno che il sistema-Paese nella sua interezza affrontasse questa nuova fase con uno spirito diverso<\/strong><\/span>, pi\u00f9 collaborativo. Altrimenti si ripeter\u00e0 quell&#8217;anaciclosi dei governi che ha caratterizzato le ultime legislature. Poich\u00e9 si evince gi\u00e0 che questo orientamento non \u00e8 universalmente condiviso, <span style=\"text-decoration: underline\"><strong>sarebbe opportuno che i dissenzienti, anzich\u00e9 impegnarsi nell&#8217;organizzazione del caos come in passato, intraprendessero per se stessi una nuova navigazione<\/strong><\/span>. <span style=\"text-decoration: underline\"><strong>E a loro non potremmo che augurare buon viaggio!<\/strong><\/span><\/p>\n<p><img loading=\"lazy\" class=\"aligncenter size-full wp-image-8804\" src=\"https:\/\/blog.ilgiornale.it\/wallandstreet\/files\/2022\/09\/giorgia-meloni-2-e1664232626651.jpg\" alt=\"\" width=\"550\" height=\"356\" \/><\/p>\n<p><strong>Gian Maria De Francesco<\/strong><\/p>\n","protected":false},"excerpt":{"rendered":"<p><p>Non basta vincere le elezioni per risolvere la crisi politica che sta affossando l&#8217;Italia. Smaltita l&#8217;euforia, chi governa dovr\u00e0 portare risultati. E vista l&#8217;attuale situazione anche in ambito internazionale non riesco proprio a essere ottimista. Vedo nubi all&#8217;orizzonte e una nazione eccessivamente divisa. Qualcosa per\u00f2 la pretendo anche io. E faccio un appello accorato alle menti brillanti, celebri o meno, che periodicamente annunciano di volere andare via dell&#8217;Italia in caso di vittorie politiche non gradite. Siate coerenti per una volta nella vita. Andatevene via sul serio. In aereo. A piedi. Lungo i sentieri di montagna. Con il treno. In automobile. [&hellip;]<\/p>\n&nbsp;&nbsp;<div class=\"readmore\"><a href=\"https:\/\/blog.ilgiornale.it\/wallandstreet\/2022\/09\/26\/buon-viaggio\/\">Continua a leggere...<\/a><\/div><\/p>","protected":false},"author":1006,"featured_media":0,"comment_status":"closed","ping_status":"closed","sticky":false,"template":"","format":"standard","meta":[],"categories":[26],"tags":[451362,5465,23361,16916,14516,5705,11993,62770,83268,829,10098,773,17493,451372,123,451363,451352,3778,3725,2754,51207,195046,451368,317126,743,451364,193223,29065,181,451376,115,9561,9154,5752,451369,451366,249,48220,23366,451318,72481,156,2890,417556,2669,49043,451375,5751,88,13179,225074,82],"_links":{"self":[{"href":"https:\/\/blog.ilgiornale.it\/wallandstreet\/wp-json\/wp\/v2\/posts\/8799"}],"collection":[{"href":"https:\/\/blog.ilgiornale.it\/wallandstreet\/wp-json\/wp\/v2\/posts"}],"about":[{"href":"https:\/\/blog.ilgiornale.it\/wallandstreet\/wp-json\/wp\/v2\/types\/post"}],"author":[{"embeddable":true,"href":"https:\/\/blog.ilgiornale.it\/wallandstreet\/wp-json\/wp\/v2\/users\/1006"}],"replies":[{"embeddable":true,"href":"https:\/\/blog.ilgiornale.it\/wallandstreet\/wp-json\/wp\/v2\/comments?post=8799"}],"version-history":[{"count":6,"href":"https:\/\/blog.ilgiornale.it\/wallandstreet\/wp-json\/wp\/v2\/posts\/8799\/revisions"}],"predecessor-version":[{"id":8808,"href":"https:\/\/blog.ilgiornale.it\/wallandstreet\/wp-json\/wp\/v2\/posts\/8799\/revisions\/8808"}],"wp:attachment":[{"href":"https:\/\/blog.ilgiornale.it\/wallandstreet\/wp-json\/wp\/v2\/media?parent=8799"}],"wp:term":[{"taxonomy":"category","embeddable":true,"href":"https:\/\/blog.ilgiornale.it\/wallandstreet\/wp-json\/wp\/v2\/categories?post=8799"},{"taxonomy":"post_tag","embeddable":true,"href":"https:\/\/blog.ilgiornale.it\/wallandstreet\/wp-json\/wp\/v2\/tags?post=8799"}],"curies":[{"name":"wp","href":"https:\/\/api.w.org\/{rel}","templated":true}]}}