{"id":8844,"date":"2022-11-24T08:40:25","date_gmt":"2022-11-24T08:40:25","guid":{"rendered":"https:\/\/blog.ilgiornale.it\/wallandstreet\/?p=8844"},"modified":"2022-11-24T08:40:25","modified_gmt":"2022-11-24T08:40:25","slug":"piramis-compie-20-anni","status":"publish","type":"post","link":"https:\/\/blog.ilgiornale.it\/wallandstreet\/2022\/11\/24\/piramis-compie-20-anni\/","title":{"rendered":"Piramis compie 20 anni"},"content":{"rendered":"<p><img loading=\"lazy\" class=\"aligncenter size-full wp-image-8846\" src=\"https:\/\/blog.ilgiornale.it\/wallandstreet\/files\/2022\/11\/Piramis-01-e1669240571434.jpg\" alt=\"\" width=\"550\" height=\"285\" \/><\/p>\n<p>Il gruppo <strong>Piramis<\/strong>, nato nel 2002 a Montichiari, \u00e8 ad oggi una fra le pi\u00f9 grandi realt\u00e0 nell\u2019assistenza, gestione e consulenza per le aziende.\u00a0 Il gruppo conta 10 societ\u00e0, 58 sedi, 300 milioni di fatturato generato per i partner. I clienti consumer sono oltre un milione, a cui si aggiungono 60.000 aziende business. Oltre mille aziende ogni mese scelgono i servizi di consulenza offerti da Piramis per gestirle. Infatti, fanno affidamento sull\u2019esperienza di un gruppo che ogni anno cresce del 20-30 per cento.<\/p>\n<p><span style=\"text-decoration: underline\"><strong>Per festeggiare i suoi primi vent\u2019anni Piramis ha dato vita ad un evento unico<\/strong><\/span>. Si \u00e8 trattata di un&#8217;esperienza a 360\u00b0: un percorso artistico, sensoriale con numeri importanti, come quelli che contraddistinguono Piramis. Uno scenario di 180mila metri quadri di verde ha accompagnato oltre 6.000 partecipanti. Le testate giornalistiche che hanno parlato dell&#8217;evento sono state 22, e ci sono state pi\u00f9 di 600mila visualizzazioni sui social. Il tutto si \u00e8 svolto all\u2019interno di <strong>Borgo Machetto<\/strong>, un borgo seicentesco a Desenzano sul Garda completamente ristrutturato. Ora anche headquarter di Piramis, \u00e8 qui che ha preso vita <strong>Empiria<\/strong>: un evento open\u2013air che ha movimentato l\u2019estate, con una serie di appuntamenti a ritmo incalzante. In tutto, oltre 22 serate.<\/p>\n<p><img loading=\"lazy\" class=\"aligncenter size-full wp-image-8845\" src=\"https:\/\/blog.ilgiornale.it\/wallandstreet\/files\/2022\/11\/Piramis-02-e1669242170412.jpg\" alt=\"\" width=\"550\" height=\"220\" \/><\/p>\n<p>I protagonisti di Empiria sono stati l&#8217;arte insieme con i gusti e i sapori. Anche Piramis nei suoi 20 anni di attivit\u00e0, ha spaziato e investito su diverse linee di business, oltre che sulle persone. Il gruppo oggi conta pi\u00f9 di 1.000 collaboratori dopo essere nata dall&#8217;idea e dal lavoro di poche persone. Piramis \u00e8 specializzata nella consulenza alle imprese per gestire insieme progetti e sviluppo. Uno spettro che va dalle tlc al <strong>GDPR<\/strong>, dallo <strong>smart digital marketing<\/strong> fino all\u2019<strong>IoT<\/strong>, alla <strong>cybersecurity<\/strong> e al noleggio operativo. La strategia di Piramis si basa sulla capacit\u00e0 innovare creando nuovi business per i propri clienti.<\/p>\n<p><img loading=\"lazy\" class=\"alignleft size-medium wp-image-8209\" src=\"https:\/\/blog.ilgiornale.it\/wallandstreet\/files\/2019\/03\/Possi-05-300x261.jpg\" alt=\"\" width=\"300\" height=\"261\" srcset=\"https:\/\/blog.ilgiornale.it\/wallandstreet\/files\/2019\/03\/Possi-05-300x261.jpg 300w, https:\/\/blog.ilgiornale.it\/wallandstreet\/files\/2019\/03\/Possi-05.jpg 725w\" sizes=\"(max-width: 300px) 100vw, 300px\" \/>\u00abConsideriamo i nostri clienti come dei veri partner commerciali\u00bb, spiega <strong>Davide Possi<\/strong>, fondatore e amministratore del gruppo. \u00abQuando offriamo la nostra consulenza a un\u2019impresa, lo facciamo creando anche servizi \u201cad hoc\u201d. Sosteniamo i progetti e riconosciamo la voglia di proiettarsi verso il futuro insieme: questo \u00e8 l\u2019elemento che fa s\u00ec che si crei una sinergia davvero vincente\u00bb, aggiunge.\u00a0L\u2019azienda ha dato un\u2019impronta sociale al proprio modo di fare imprenditoria, che si affianca alla sua capacit\u00e0 nel produrre e creare profitto. Da questa sensibilit\u00e0 \u00e8 nata nel 2014 <strong>Piramis Onlus<\/strong>. \u00abParliamo di un impegno nei confronti di s\u00e9 stessi, della propria famiglia, delle persone con cui si lavora\u00bb, ha sottolineato Possi. \u00abNel corso degli anni, Piramis Onlus ha sostenuto diversi progetti. Tra gli ultimi, spiccano Piramis for <strong>Ucraina<\/strong>, la costruzione di scuole in Guinea Bissau, il supporto alla ricerca contro il cancro e le attivit\u00e0 di associazioni a sostegno di donne vittime di violenza\u00bb.\u00a0 Nuove sfide attendono Piramis per il futuro. \u00abOggi siamo seduti a un tavolo di lavoro con due interlocutori, di cui uno internazionale e uno nazionale, per creare il primo polo di distribuzione in Italia il cui obiettivo non \u00e8 solo cambiare un modello, ma ridisegnarne i valori generando un business sostenibile ed etico\u00bb, ha concluso Possi.<\/p>\n<p><strong>Wall &amp; Street<\/strong><\/p>\n","protected":false},"excerpt":{"rendered":"<p><p>Il gruppo Piramis, nato nel 2002 a Montichiari, \u00e8 ad oggi una fra le pi\u00f9 grandi realt\u00e0 nell\u2019assistenza, gestione e consulenza per le aziende.\u00a0 Il gruppo conta 10 societ\u00e0, 58 sedi, 300 milioni di fatturato generato per i partner. I clienti consumer sono oltre un milione, a cui si aggiungono 60.000 aziende business. Oltre mille aziende ogni mese scelgono i servizi di consulenza offerti da Piramis per gestirle. Infatti, fanno affidamento sull\u2019esperienza di un gruppo che ogni anno cresce del 20-30 per cento. Per festeggiare i suoi primi vent\u2019anni Piramis ha dato vita ad un evento unico. Si \u00e8 trattata [&hellip;]<\/p>\n&nbsp;&nbsp;<div class=\"readmore\"><a href=\"https:\/\/blog.ilgiornale.it\/wallandstreet\/2022\/11\/24\/piramis-compie-20-anni\/\">Continua a leggere...<\/a><\/div><\/p>","protected":false},"author":1006,"featured_media":0,"comment_status":"closed","ping_status":"closed","sticky":false,"template":"","format":"standard","meta":[],"categories":[26],"tags":[451394,108343,296906,451392,451393,417631,296929,451261,451395],"_links":{"self":[{"href":"https:\/\/blog.ilgiornale.it\/wallandstreet\/wp-json\/wp\/v2\/posts\/8844"}],"collection":[{"href":"https:\/\/blog.ilgiornale.it\/wallandstreet\/wp-json\/wp\/v2\/posts"}],"about":[{"href":"https:\/\/blog.ilgiornale.it\/wallandstreet\/wp-json\/wp\/v2\/types\/post"}],"author":[{"embeddable":true,"href":"https:\/\/blog.ilgiornale.it\/wallandstreet\/wp-json\/wp\/v2\/users\/1006"}],"replies":[{"embeddable":true,"href":"https:\/\/blog.ilgiornale.it\/wallandstreet\/wp-json\/wp\/v2\/comments?post=8844"}],"version-history":[{"count":2,"href":"https:\/\/blog.ilgiornale.it\/wallandstreet\/wp-json\/wp\/v2\/posts\/8844\/revisions"}],"predecessor-version":[{"id":8849,"href":"https:\/\/blog.ilgiornale.it\/wallandstreet\/wp-json\/wp\/v2\/posts\/8844\/revisions\/8849"}],"wp:attachment":[{"href":"https:\/\/blog.ilgiornale.it\/wallandstreet\/wp-json\/wp\/v2\/media?parent=8844"}],"wp:term":[{"taxonomy":"category","embeddable":true,"href":"https:\/\/blog.ilgiornale.it\/wallandstreet\/wp-json\/wp\/v2\/categories?post=8844"},{"taxonomy":"post_tag","embeddable":true,"href":"https:\/\/blog.ilgiornale.it\/wallandstreet\/wp-json\/wp\/v2\/tags?post=8844"}],"curies":[{"name":"wp","href":"https:\/\/api.w.org\/{rel}","templated":true}]}}