{"id":8896,"date":"2023-02-21T15:00:48","date_gmt":"2023-02-21T15:00:48","guid":{"rendered":"https:\/\/blog.ilgiornale.it\/wallandstreet\/?p=8896"},"modified":"2023-02-21T15:04:35","modified_gmt":"2023-02-21T15:04:35","slug":"tabula-rasa-elettrificata-wall-street-live","status":"publish","type":"post","link":"https:\/\/blog.ilgiornale.it\/wallandstreet\/2023\/02\/21\/tabula-rasa-elettrificata-wall-street-live\/","title":{"rendered":"Tabula rasa elettrificata &#8211; Wall &amp; Street Live"},"content":{"rendered":"<p><img loading=\"lazy\" class=\"aligncenter size-full wp-image-8897\" src=\"https:\/\/blog.ilgiornale.it\/wallandstreet\/files\/2023\/02\/Manifatturiero_2022-scaled-1-e1676974702682.jpg\" alt=\"\" width=\"550\" height=\"367\" \/><\/p>\n<p>\u00ab<span style=\"text-decoration: underline\"><strong>L&#8217;industria italiana ha risposto bene alle sfide della crisi e nel 2022 \u00e8 stata la migliore in Europa<\/strong><\/span> perch\u00e9 la struttura basata sulle pmi reagisce rapidamente alle sollecitazioni. Abbiamo superato la crisi generata dalla <strong>guerra in Ucraina<\/strong> che ha causato un aumento dei prezzi delle delle materie prime, che nel settore di nostra competenza &#8211; oli e lubrificanti &#8211; \u00e8 stato del 200-300%. Ora i prezzi stanno ritracciando e la tempesta \u00e8 finita ma ne sta iniziando un&#8217;altra: <span style=\"text-decoration: underline\"><strong>i prezzi pi\u00f9 alti impongono la necessit\u00e0 di finanziare maggiormente il circolante e si ha pi\u00f9 capitale impregnato a costi pi\u00f9 elevati<\/strong><\/span>. Questo creer\u00e0 un raffreddamento dei prezzi, ma comunque l&#8217;industria non sta andando male. Queste crisi hanno dato il via a fenomeni di <strong>reshoring<\/strong> perch\u00e9 si \u00e8 capito che produrre pi\u00f9 vicino a casa conviene\u00bb. <strong>Mattia Adani<\/strong>, Ceo di <strong>Nowal Chimica<\/strong> e <strong>Cbc<\/strong> &#8211; <strong>Cad Oil<\/strong>, non \u00e8 pessimista anche se la congiuntura \u00e8 difficile.<\/p>\n<p><iframe title=\"Tabula rasa elettrificata - Wall &amp; Street Live\" width=\"500\" height=\"281\" src=\"https:\/\/www.youtube.com\/embed\/2wJzs4CE8CI?feature=oembed\" frameborder=\"0\" allow=\"accelerometer; autoplay; clipboard-write; encrypted-media; gyroscope; picture-in-picture; web-share\" allowfullscreen><\/iframe><\/p>\n<p><img loading=\"lazy\" class=\"alignleft size-medium wp-image-8898\" src=\"https:\/\/blog.ilgiornale.it\/wallandstreet\/files\/2023\/02\/Mattia-Adani-300x300.jpeg\" alt=\"\" width=\"300\" height=\"300\" srcset=\"https:\/\/blog.ilgiornale.it\/wallandstreet\/files\/2023\/02\/Mattia-Adani-300x300.jpeg 300w, https:\/\/blog.ilgiornale.it\/wallandstreet\/files\/2023\/02\/Mattia-Adani-150x150.jpeg 150w, https:\/\/blog.ilgiornale.it\/wallandstreet\/files\/2023\/02\/Mattia-Adani-768x768.jpeg 768w, https:\/\/blog.ilgiornale.it\/wallandstreet\/files\/2023\/02\/Mattia-Adani.jpeg 800w\" sizes=\"(max-width: 300px) 100vw, 300px\" \/><span style=\"text-decoration: underline\"><strong>Adani contesta l&#8217;iperfetazione delle norme in ambito comunitario, un&#8217;ossessione bulimica<\/strong><\/span>. \u00abNegli ultimi anni la <strong>Commissione Ue<\/strong> \u00e8 diventata pi\u00f9 interventista in economia e anzich\u00e9 creare un contesto cerca di determinare i comportamenti. Ad esempio, la direttiva<strong> <a href=\"https:\/\/eur-lex.europa.eu\/legal-content\/EN\/TXT\/?uri=CELEX:32009L0125\">Ecodesign<\/a><\/strong> e il<strong> <a href=\"https:\/\/www.eticanews.it\/direttiva-esg-due-diligence-cosi-cambia-anche-la-supply-chain\/\">Supply chain Act<\/a><\/strong> che impongono obblighi sia nella progettazione che nella gestione della filiera. <span style=\"text-decoration: underline\"><strong>C&#8217;\u00e8 un atteggiamento, a volte ideologico, secondo cui l&#8217;Unione Europea dovrebbe trainare il resto del mondo verso un futuro radioso, ma poi ci guardiamo dietro le spalle e il resto del mondo non ci segue e questo crea problemi alle imprese<\/strong><\/span>. Questa \u00e8 la nostra perplessit\u00e0 di fondo sul <a href=\"https:\/\/www.ilgiornale.it\/news\/economia\/elettrica-questa-sconosciuta-lauto-green-troppo-cara-2117977.html\">regolamento sulle <strong>auto elettriche<\/strong><\/a>\u00bb, osserva.<\/p>\n<p><span style=\"text-decoration: underline\"><strong>C<\/strong><strong>i sono due problemi di fondo in questo cambio di paradigma: la sostituzione del petrolio con un&#8217;altra dipendenza, quella dal litio. Il secondo tema \u00e8 che infrastrutturarci per distribuire elettricit\u00e0 al livello che sarebbe necessario \u00e8 uno sforzo enorme e molto costoso<\/strong><\/span>. \u00abNon \u00e8 che non abbiamo capacit\u00e0 di farlo ma avremo costi che qualcuno dovr\u00e0 pagare e <span style=\"text-decoration: underline\"><strong>il rischio \u00e8 che la mobilit\u00e0 torni ad essere quello che era nell&#8217;800, un affare per ricchi<\/strong><\/span>. Se impongo di comprare un auto elettrica ma poi non ho il garage per ricaricarla, cosa facciamo? mettiamo una colonnina ogni tre metri?\u00bb, spiega Adani. Ci sono scadenze per verificare la fattibilit\u00e0 di questo ambizioso progetto. \u00abIl primo \u00e8 nel 2026 &#8211; ricorda Adani &#8211; e prevediamo che <span style=\"text-decoration: underline\"><strong>a<\/strong><strong>vremo un contesto dove non ci sar\u00e0 solo l&#8217;elettrica ma rester\u00e0 l&#8217;ibrido per consentire la mobilit\u00e0 dei cittadini<\/strong><\/span>. Nel 2030 avremo pi\u00f9 motori endotermici in giro per il mondo di oggi. Non avremo n\u00e9 il giardino fiorito n\u00e9 il deserto industriale. Non mi aspetto un&#8217;ecatombe industriale, mi aspetto una sfida. Che sapremo cogliere e vincere\u00bb, conclude.<\/p>\n<p><strong>Gian Maria De Francesco<\/strong><\/p>\n","protected":false},"excerpt":{"rendered":"<p><p>\u00abL&#8217;industria italiana ha risposto bene alle sfide della crisi e nel 2022 \u00e8 stata la migliore in Europa perch\u00e9 la struttura basata sulle pmi reagisce rapidamente alle sollecitazioni. Abbiamo superato la crisi generata dalla guerra in Ucraina che ha causato un aumento dei prezzi delle delle materie prime, che nel settore di nostra competenza &#8211; oli e lubrificanti &#8211; \u00e8 stato del 200-300%. Ora i prezzi stanno ritracciando e la tempesta \u00e8 finita ma ne sta iniziando un&#8217;altra: i prezzi pi\u00f9 alti impongono la necessit\u00e0 di finanziare maggiormente il circolante e si ha pi\u00f9 capitale impregnato a costi pi\u00f9 elevati. [&hellip;]<\/p>\n&nbsp;&nbsp;<div class=\"readmore\"><a href=\"https:\/\/blog.ilgiornale.it\/wallandstreet\/2023\/02\/21\/tabula-rasa-elettrificata-wall-street-live\/\">Continua a leggere...<\/a><\/div><\/p>","protected":false},"author":1006,"featured_media":0,"comment_status":"closed","ping_status":"closed","sticky":false,"template":"","format":"standard","meta":[],"categories":[407365],"tags":[17007,31411,837,470286,470296,196075,22920,470292,470291,3740,15703,191595,470281,470282,31181,470287,470293,470295,3718,470285,470290,18758,4698],"_links":{"self":[{"href":"https:\/\/blog.ilgiornale.it\/wallandstreet\/wp-json\/wp\/v2\/posts\/8896"}],"collection":[{"href":"https:\/\/blog.ilgiornale.it\/wallandstreet\/wp-json\/wp\/v2\/posts"}],"about":[{"href":"https:\/\/blog.ilgiornale.it\/wallandstreet\/wp-json\/wp\/v2\/types\/post"}],"author":[{"embeddable":true,"href":"https:\/\/blog.ilgiornale.it\/wallandstreet\/wp-json\/wp\/v2\/users\/1006"}],"replies":[{"embeddable":true,"href":"https:\/\/blog.ilgiornale.it\/wallandstreet\/wp-json\/wp\/v2\/comments?post=8896"}],"version-history":[{"count":5,"href":"https:\/\/blog.ilgiornale.it\/wallandstreet\/wp-json\/wp\/v2\/posts\/8896\/revisions"}],"predecessor-version":[{"id":8903,"href":"https:\/\/blog.ilgiornale.it\/wallandstreet\/wp-json\/wp\/v2\/posts\/8896\/revisions\/8903"}],"wp:attachment":[{"href":"https:\/\/blog.ilgiornale.it\/wallandstreet\/wp-json\/wp\/v2\/media?parent=8896"}],"wp:term":[{"taxonomy":"category","embeddable":true,"href":"https:\/\/blog.ilgiornale.it\/wallandstreet\/wp-json\/wp\/v2\/categories?post=8896"},{"taxonomy":"post_tag","embeddable":true,"href":"https:\/\/blog.ilgiornale.it\/wallandstreet\/wp-json\/wp\/v2\/tags?post=8896"}],"curies":[{"name":"wp","href":"https:\/\/api.w.org\/{rel}","templated":true}]}}